{"id":33182,"date":"2015-08-10T21:33:22","date_gmt":"2015-08-10T20:33:22","guid":{"rendered":"http:\/\/www.schiebener.net\/wordpress\/?p=33182"},"modified":"2015-08-10T21:33:22","modified_gmt":"2015-08-10T20:33:22","slug":"pressemitteilung-auf-dem-weg-zum-bundesteilhabegesetz-podiumsdiskussion-im-josefsheim-bigge","status":"publish","type":"post","link":"https:\/\/www.schiebener.net\/wordpress\/pressemitteilung-auf-dem-weg-zum-bundesteilhabegesetz-podiumsdiskussion-im-josefsheim-bigge\/","title":{"rendered":"Pressemitteilung: Auf dem Weg zum Bundesteilhabegesetz. Podiumsdiskussion\u00a0im\u00a0Josefsheim Bigge."},"content":{"rendered":"<figure id=\"attachment_33183\" aria-describedby=\"caption-attachment-33183\" style=\"width: 183px\" class=\"wp-caption alignleft\"><a href=\"http:\/\/www.schiebener.net\/wordpress\/wp-content\/uploads\/2015\/08\/KerstinTack20150810.jpg\" target=\"_blank\"><img loading=\"lazy\" decoding=\"async\" class=\" wp-image-33183\" src=\"http:\/\/www.schiebener.net\/wordpress\/wp-content\/uploads\/2015\/08\/KerstinTack20150810.jpg\" alt=\"Kerstin Tack, MdB, Beauftragte\u00a0f\u00fcr die Belange von Menschen mit Behinderung der SPD (foto: spd)\" width=\"183\" height=\"264\" srcset=\"https:\/\/www.schiebener.net\/wordpress\/wp-content\/uploads\/2015\/08\/KerstinTack20150810.jpg 320w, https:\/\/www.schiebener.net\/wordpress\/wp-content\/uploads\/2015\/08\/KerstinTack20150810-208x300.jpg 208w\" sizes=\"auto, (max-width: 183px) 85vw, 183px\" \/><\/a><figcaption id=\"caption-attachment-33183\" class=\"wp-caption-text\">Kerstin Tack, MdB, Beauftragte\u00a0f\u00fcr die Belange von Menschen mit Behinderung der SPD (foto: spd)<\/figcaption><\/figure>\n<p><strong>Meschede\/Bigge. (spd_pm) Der heimische Bundestagsabgeordnete Dirk Wiese (MdB) l\u00e4dt am 26. August alle B\u00fcrgerinnen und B\u00fcrger aus nah und fern zu einer Podiumsdiskussion\u00a0um 16:00 Uhr ins\u00a0Josefsheim nach Bigge.<\/strong><\/p>\n<p>Im Mittelpunkt steht die Reform der Eingliederungshilfe f\u00fcr Menschen mit Behinderung hin zu einem Bundesteilhabegesetz. Dazu freut sich Dirk Wiese \u00fcber die Zusage von Kerstin Tack (MdB, Beauftragte\u00a0f\u00fcr die Belange von Menschen mit Behinderung der SPD).<\/p>\n<p>Daneben diskutieren an diesem Tag auf dem Podium Hubert Vornholt (Gesch\u00e4ftsf\u00fchrer Josefsheim Bigge GmbH),\u00a0Walter Hoffmann (Vorsitzender Elternbeirat Josefsheim),\u00a0Georgia Petresis (Vorsitzende Beirat Josefsheim) und\u00a0J\u00fcrgen Kr\u00f6ger (Werkstattrat Josefsheim).<\/p>\n<p>Die SPD-Bundestagsfraktion setzt sich daf\u00fcr ein, dass Teilhabe und\u00a0Selbstbestimmung auch im ganz allt\u00e4glichen Leben f\u00fcr Menschen mit\u00a0Behinderungen sp\u00fcrbar sein muss.\u00a0Die UN-Behindertenrechtskonvention (UN-BRK), die im Jahr 2006 von den\u00a0Vereinten Nationen verabschiedet wurde und seit 2009 auch in Deutschland\u00a0gilt, ist ein Meilenstein auf diesem Weg: Menschen mit Behinderungen von\u00a0Anfang an gleichberechtigt einzubeziehen. Sie kn\u00fcpft nahtlos an Artikel 3\u00a0unseres Grundgesetzes an, sowie an unsere Politik f\u00fcr mehr Teilhabe und\u00a0Selbstbestimmung.<\/p>\n<p>Erstmals in der Geschichte der Bundesrepublik Deutschland finden die Belange\u00a0von Menschen mit Behinderungen in einem Koalitionsvertrag\u00a0themen\u00fcbergreifende Ber\u00fccksichtigung. Nahezu 20 Handlungsauftr\u00e4ge zur\u00a0Verbesserung der Lebenssituation von Menschen mit Behinderungen wurden in dem\u00a0zwischen CDU\/CSU und SPD geschlossenen Koalitionsvertrag vereinbart.<\/p>\n<p>Ende\u00a02015 soll der Entwurf des geplanten Bundesteilhabegesetzes vorliegen. &#8222;Es ist\u00a0uns ein ganz besonderes Anliegen, schon im kommenden Jahr 2016\u00a0 ein\u00a0Bundesteilhabegesetz zu verabschieden, das die Forderung der UN-Konvention\u00a0aufgreift, den Anspruch auf Selbstbestimmung und Teilhabe von Menschen mitBehinderungen zu erf\u00fcllen. Die Verbesserung der Besch\u00e4ftigungssituation von\u00a0Menschen mit Behinderungen bildet hierbei einen wichtigen Schwerpunkt&#8220;, so Dirk Wiese (MdB).<\/p>\n<p>&#8222;Wir m\u00f6chten an diesem Tag \u00fcber die Vorhaben der SPD-Bundestagsfraktion und den\u00a0aktuellen Stand der Entwicklungen informieren und mit den Betroffenen dar\u00fcber ins Gespr\u00e4ch kommen, wie wir gemeinsam eine inklusive Gesellschaft gestalten\u00a0k\u00f6nnen.\u00a0Wir freuen uns auf eine spannende Diskussion in Bigge!&#8220;, so Kerstin Tack (MdB). Weitere Informationen auch unter <a href=\"http:\/\/www.dirkwiese.de\" target=\"_blank\">www.dirkwiese.de<\/a>.<\/p>\n<p><em>Aktuelle Informationen vom Bundestagsabgeordneten Dirk Wiese sowie \u00fcber die SPD im Hochsauerland befinden sich im Internet unter <a href=\"http:\/\/www.dirkwiese.de\" target=\"_blank\">www.dirkwiese.de<\/a> und unter <a href=\"http:\/\/www.hsk-spd.de\" target=\"_blank\">www.hsk-spd.de<\/a> <\/em><\/p>\n","protected":false},"excerpt":{"rendered":"<p>Meschede\/Bigge. (spd_pm) Der heimische Bundestagsabgeordnete Dirk Wiese (MdB) l\u00e4dt am 26. August alle B\u00fcrgerinnen und B\u00fcrger aus nah und fern zu einer Podiumsdiskussion\u00a0um 16:00 Uhr ins\u00a0Josefsheim nach Bigge. Im Mittelpunkt &hellip; <a href=\"https:\/\/www.schiebener.net\/wordpress\/pressemitteilung-auf-dem-weg-zum-bundesteilhabegesetz-podiumsdiskussion-im-josefsheim-bigge\/\" class=\"more-link\"><span class=\"screen-reader-text\">\u201ePressemitteilung: Auf dem Weg zum Bundesteilhabegesetz. Podiumsdiskussion\u00a0im\u00a0Josefsheim Bigge.\u201c <\/span>weiterlesen<\/a><\/p>\n","protected":false},"author":17,"featured_media":0,"comment_status":"open","ping_status":"open","sticky":false,"template":"","format":"standard","meta":{"footnotes":""},"categories":[303,80,24,1043,4761],"tags":[5834,3104,5836,5835,655,13],"class_list":["post-33182","post","type-post","status-publish","format-standard","hentry","category-in-unserem-briefkasten","category-lokales","category-politik","category-pressemitteilungen","category-soziales","tag-bundesteilhabegesetz","tag-dirk-wiese","tag-josefsheim-bigge","tag-kerstin-tack","tag-pressemitteilung","tag-spd"],"_links":{"self":[{"href":"https:\/\/www.schiebener.net\/wordpress\/wp-json\/wp\/v2\/posts\/33182","targetHints":{"allow":["GET"]}}],"collection":[{"href":"https:\/\/www.schiebener.net\/wordpress\/wp-json\/wp\/v2\/posts"}],"about":[{"href":"https:\/\/www.schiebener.net\/wordpress\/wp-json\/wp\/v2\/types\/post"}],"author":[{"embeddable":true,"href":"https:\/\/www.schiebener.net\/wordpress\/wp-json\/wp\/v2\/users\/17"}],"replies":[{"embeddable":true,"href":"https:\/\/www.schiebener.net\/wordpress\/wp-json\/wp\/v2\/comments?post=33182"}],"version-history":[{"count":0,"href":"https:\/\/www.schiebener.net\/wordpress\/wp-json\/wp\/v2\/posts\/33182\/revisions"}],"wp:attachment":[{"href":"https:\/\/www.schiebener.net\/wordpress\/wp-json\/wp\/v2\/media?parent=33182"}],"wp:term":[{"taxonomy":"category","embeddable":true,"href":"https:\/\/www.schiebener.net\/wordpress\/wp-json\/wp\/v2\/categories?post=33182"},{"taxonomy":"post_tag","embeddable":true,"href":"https:\/\/www.schiebener.net\/wordpress\/wp-json\/wp\/v2\/tags?post=33182"}],"curies":[{"name":"wp","href":"https:\/\/api.w.org\/{rel}","templated":true}]}}