{"id":33151,"date":"2015-08-05T22:39:54","date_gmt":"2015-08-05T21:39:54","guid":{"rendered":"http:\/\/www.schiebener.net\/wordpress\/?p=33151"},"modified":"2015-08-05T22:40:17","modified_gmt":"2015-08-05T21:40:17","slug":"nach-androhung-von-zwangsvollstreckung-funke-u-a-waz-wr-nrz-wp-nimmt-afghanistan-papiere-vom-netz-dokumente-zeigen-hintergruende-des-bundeswehr-einsatzes-verteidigungsmini","status":"publish","type":"post","link":"https:\/\/www.schiebener.net\/wordpress\/nach-androhung-von-zwangsvollstreckung-funke-u-a-waz-wr-nrz-wp-nimmt-afghanistan-papiere-vom-netz-dokumente-zeigen-hintergruende-des-bundeswehr-einsatzes-verteidigungsmini\/","title":{"rendered":"Nach Androhung von Zwangsvollstreckung: FUNKE (u. a. WAZ, WR, NRZ, WP) nimmt \u201eAfghanistan-Papiere\u201c vom Netz. Dokumente zeigen Hintergr\u00fcnde des Bundeswehr-Einsatzes \/ Verteidigungsministerium klagt seit 2013"},"content":{"rendered":"<p><figure id=\"attachment_8108\" aria-describedby=\"caption-attachment-8108\" style=\"width: 240px\" class=\"wp-caption alignleft\"><a href=\"http:\/\/www.schiebener.net\/wordpress\/wp-content\/uploads\/2010\/06\/wazdortmund.png\"><img loading=\"lazy\" decoding=\"async\" src=\"http:\/\/www.schiebener.net\/wordpress\/wp-content\/uploads\/2010\/06\/wazdortmund.png\" alt=\"Medienimperium Funke gibt klein bei.  WAZ hier in Dortmund (archivfoto: zoom)\" width=\"240\" height=\"180\" class=\"size-full wp-image-8108\" \/><\/a><figcaption id=\"caption-attachment-8108\" class=\"wp-caption-text\">Medienimperium Funke gibt klein bei.  WAZ hier in Dortmund (archivfoto: zoom))<\/figcaption><\/figure><strong>ESSEN \/ BERLIN, 05.08.2015. (<a href=\"http:\/\/www.funkemedien.de\/de\/presse\/medienmitteilungen\/news\/Nach-Androhung-von-Zwangsvollstreckung-FUNKE-stellt-Afghanistan-Papiere-offline\/\" target=\"_blank\">funke_pm<\/a>) Die FUNKE MEDIENGRUPPE hat nach Androhung einer Zwangsvollstreckung staatliche Dokumente zum Bundeswehreinsatz in Afghanistan kurzfristig von ihren Online-Portalen genommen. <\/strong><\/p>\n<p>FUNKE befindet sich wegen der Ver\u00f6ffentlichung der Papiere im Rechtsstreit mit der Bundesregierung. Die von FUNKE eingelegte Nichtzulassungsbeschwerde beim Bundesgerichtshof h\u00e4lt die Redaktion aufrecht.<\/p>\n<p>Zum Hintergrund: Der RecherchePool der FUNKE-Regionalmedien in Nordrhein-Westfalen hatte Ende 2012 tausende interne Dokumente zum Einsatz der Bundeswehr in Afghanistan ver\u00f6ffentlicht. Diese als \u201eVS \u2013 nur f\u00fcr den Dienstgebrauch\u201c gestempelte Unterlagen, mit deren Hilfe das Ministerium die Abgeordneten im Verteidigungsausschuss des Bundestages unter Ausschluss der \u00d6ffentlichkeit w\u00f6chentlich \u00fcber den Afghanistankrieg informiert hatte, machten zum ersten Mal in der \u00d6ffentlichkeit deutlich: Das Risiko f\u00fcr die deutschen Soldaten im afghanischen Krisengebiet war immer h\u00f6her als offiziell eingestanden. Unmittelbar nach der Ver\u00f6ffentlichung ging das Verteidigungsministerium gegen die Ver\u00f6ffentlichung vor. Begr\u00fcndung: FUNKE habe gegen das Urheberrecht versto\u00dfen.<\/p>\n<p>\u201eWir gehen weiterhin davon aus, dass die Ver\u00f6ffentlichung der Papiere rechtens war und ist\u201c, sagt Thomas Klo\u00df, Chefredakteur Online und Content Desk von FUNKE in Nordrhein-Westfalen. \u201eDie B\u00fcrger haben ein Recht darauf zu wissen, was die Bundeswehr in ihrem Namen unternimmt.\u201c<\/p>\n<p>Daher wird die FUNKE MEDIENGRUPPE die 2015 eingelegte Nichtzulassungsbeschwerde beim Bundesgerichtshof weiter aufrecht erhalten. Die Kl\u00e4rung dort kann sich allerdings noch ein bis zwei Jahre dauern. Bis dahin bleiben die Afghanistan-Papiere \u2013 zumindest auf den Seiten der FUNKE-Medien \u2013 offline.<\/p>\n<p>&#8212;- Ende der Funke Pressemitteilung &#8212;-<\/p>\n<blockquote class=\"twitter-tweet\" lang=\"de\">\n<p lang=\"de\" dir=\"ltr\">Lieber <a href=\"https:\/\/twitter.com\/WDR2\">@WDR2<\/a> <a href=\"http:\/\/t.co\/IinO9VrjSi\">http:\/\/t.co\/IinO9VrjSi<\/a> nur der Anfang? Machenschaften eines Ministers gehen weiter&#8230; guckt mal: <a href=\"http:\/\/t.co\/u3AhsS1QYR\">http:\/\/t.co\/u3AhsS1QYR<\/a> \/is<\/p>\n<p>&mdash; 20piraten (@20piraten) <a href=\"https:\/\/twitter.com\/20piraten\/status\/628900485622312960\">5. August 2015<\/a><\/p><\/blockquote>\n<p><script async src=\"\/\/platform.twitter.com\/widgets.js\" charset=\"utf-8\"><\/script><\/p>\n<blockquote class=\"twitter-tweet\" lang=\"de\">\n<p lang=\"de\" dir=\"ltr\">Die <a href=\"https:\/\/twitter.com\/hashtag\/Piraten?src=hash\">#Piraten<\/a>-Fraktion NRW stellt sich hinter die <a href=\"https:\/\/twitter.com\/hashtag\/WAZ?src=hash\">#WAZ<\/a>-Gruppe und spiegelt die <a href=\"https:\/\/twitter.com\/hashtag\/Afghanistan?src=hash\">#Afghanistan<\/a>-Papiere&#10;<a href=\"http:\/\/t.co\/A5k17Jap5w\">http:\/\/t.co\/A5k17Jap5w<\/a>&#10;<a href=\"https:\/\/twitter.com\/hashtag\/Pressefreiheit?src=hash\">#Pressefreiheit<\/a><\/p>\n<p>&mdash; Sak\u00f6labo (@Sakoelabo) <a href=\"https:\/\/twitter.com\/Sakoelabo\/status\/628894098938855424\">5. August 2015<\/a><\/p><\/blockquote>\n<p><script async src=\"\/\/platform.twitter.com\/widgets.js\" charset=\"utf-8\"><\/script><\/p>\n<p><strong>Hier geht es direkt zu den Piraten:<\/strong><\/p>\n<p><a href=\"http:\/\/www.piratenfraktion-nrw.de\/2013\/12\/die-afghanistan-papiere\/\" target=\"_blank\">http:\/\/www.piratenfraktion-nrw.de\/2013\/12\/die-afghanistan-papiere\/<\/a><\/p>\n","protected":false},"excerpt":{"rendered":"<p>ESSEN \/ BERLIN, 05.08.2015. (funke_pm) Die FUNKE MEDIENGRUPPE hat nach Androhung einer Zwangsvollstreckung staatliche Dokumente zum Bundeswehreinsatz in Afghanistan kurzfristig von ihren Online-Portalen genommen. FUNKE befindet sich wegen der Ver\u00f6ffentlichung &hellip; <a href=\"https:\/\/www.schiebener.net\/wordpress\/nach-androhung-von-zwangsvollstreckung-funke-u-a-waz-wr-nrz-wp-nimmt-afghanistan-papiere-vom-netz-dokumente-zeigen-hintergruende-des-bundeswehr-einsatzes-verteidigungsmini\/\" class=\"more-link\"><span class=\"screen-reader-text\">\u201eNach Androhung von Zwangsvollstreckung: FUNKE (u. a. WAZ, WR, NRZ, WP) nimmt \u201eAfghanistan-Papiere\u201c vom Netz. Dokumente zeigen Hintergr\u00fcnde des Bundeswehr-Einsatzes \/ Verteidigungsministerium klagt seit 2013\u201c <\/span>weiterlesen<\/a><\/p>\n","protected":false},"author":17,"featured_media":0,"comment_status":"open","ping_status":"open","sticky":false,"template":"","format":"standard","meta":{"footnotes":""},"categories":[303,32,24,1043],"tags":[5819,4437,561,655],"class_list":["post-33151","post","type-post","status-publish","format-standard","hentry","category-in-unserem-briefkasten","category-medien","category-politik","category-pressemitteilungen","tag-afghanistan-papiere","tag-funke","tag-piraten","tag-pressemitteilung"],"_links":{"self":[{"href":"https:\/\/www.schiebener.net\/wordpress\/wp-json\/wp\/v2\/posts\/33151","targetHints":{"allow":["GET"]}}],"collection":[{"href":"https:\/\/www.schiebener.net\/wordpress\/wp-json\/wp\/v2\/posts"}],"about":[{"href":"https:\/\/www.schiebener.net\/wordpress\/wp-json\/wp\/v2\/types\/post"}],"author":[{"embeddable":true,"href":"https:\/\/www.schiebener.net\/wordpress\/wp-json\/wp\/v2\/users\/17"}],"replies":[{"embeddable":true,"href":"https:\/\/www.schiebener.net\/wordpress\/wp-json\/wp\/v2\/comments?post=33151"}],"version-history":[{"count":0,"href":"https:\/\/www.schiebener.net\/wordpress\/wp-json\/wp\/v2\/posts\/33151\/revisions"}],"wp:attachment":[{"href":"https:\/\/www.schiebener.net\/wordpress\/wp-json\/wp\/v2\/media?parent=33151"}],"wp:term":[{"taxonomy":"category","embeddable":true,"href":"https:\/\/www.schiebener.net\/wordpress\/wp-json\/wp\/v2\/categories?post=33151"},{"taxonomy":"post_tag","embeddable":true,"href":"https:\/\/www.schiebener.net\/wordpress\/wp-json\/wp\/v2\/tags?post=33151"}],"curies":[{"name":"wp","href":"https:\/\/api.w.org\/{rel}","templated":true}]}}