{"id":33105,"date":"2015-07-27T12:27:48","date_gmt":"2015-07-27T11:27:48","guid":{"rendered":"http:\/\/www.schiebener.net\/wordpress\/?p=33105"},"modified":"2015-07-27T12:27:48","modified_gmt":"2015-07-27T11:27:48","slug":"auf-einen-kaffee-mit-dirk-wiese-mobile-buergersprechstunde-rote-ecke-auf-sauerlaender-maerkten-plus-internet-chat-am-5-august-ab-19-uhr","status":"publish","type":"post","link":"https:\/\/www.schiebener.net\/wordpress\/auf-einen-kaffee-mit-dirk-wiese-mobile-buergersprechstunde-rote-ecke-auf-sauerlaender-maerkten-plus-internet-chat-am-5-august-ab-19-uhr\/","title":{"rendered":"\u201eAuf einen Kaffee mit Dirk Wiese\u201c &#8211; Mobile B\u00fcrgersprechstunde \u201eRote Ecke\u201c auf Sauerl\u00e4nder M\u00e4rkten plus Internet-Chat am 5. August ab 19 Uhr."},"content":{"rendered":"<figure id=\"attachment_33106\" aria-describedby=\"caption-attachment-33106\" style=\"width: 632px\" class=\"wp-caption aligncenter\"><a href=\"http:\/\/www.schiebener.net\/wordpress\/wp-content\/uploads\/2015\/07\/04_titelbild.jpg\" target=\"_blank\"><img loading=\"lazy\" decoding=\"async\" class=\" wp-image-33106\" src=\"http:\/\/www.schiebener.net\/wordpress\/wp-content\/uploads\/2015\/07\/04_titelbild.jpg\" alt=\"Im Bild: Der Terminplan von Dirh Wiese (grafik: spd)\" width=\"632\" height=\"234\" srcset=\"https:\/\/www.schiebener.net\/wordpress\/wp-content\/uploads\/2015\/07\/04_titelbild.jpg 851w, https:\/\/www.schiebener.net\/wordpress\/wp-content\/uploads\/2015\/07\/04_titelbild-300x111.jpg 300w\" sizes=\"auto, (max-width: 709px) 85vw, (max-width: 909px) 67vw, (max-width: 984px) 61vw, (max-width: 1362px) 45vw, 600px\" \/><\/a><figcaption id=\"caption-attachment-33106\" class=\"wp-caption-text\">Im Bild: Der Terminplan von Dirk Wiese. Etwas g\u00f6\u00dfer? Klicken!\u00a0 (grafik: spd)<\/figcaption><\/figure>\n<p><strong>Meschede. (spd_pm) In den kommenden Wochen hei\u00dft es: \u201eAuf einen Kaffee mit Dirk Wiese\u201c. Im August l\u00e4dt der heimische Bundestagsabgeordnete Dirk Wiese zur mobilen B\u00fcrgersprechstunde auf den Sauerl\u00e4nder Marktpl\u00e4tzen ein.<\/strong><\/p>\n<p>An der \u201eRoten Ecke\u201c k\u00f6nnen sich interessierte B\u00fcrgerinnen und B\u00fcrgern mit ihren Anliegen an ihren heimischen Abgeordneten aus dem Hochsauerlandkreis wenden. An folgenden Markttagen\u00a0findet man ihn an der \u201eRoten Ecke\u201c:<\/p>\n<p>Am 8. August von 9.30 bis 11.00 Uhr in Oeventrop und von 11.30 bis 13.00 Uhr in Arnsberg. Am 11. August von 8.00 bis 10.00 Uhr in H\u00fcsten sowie von 10.30 bis 13.00 Uhr in Meschede. Am 12. August geht es um 8.00 bis 10.00 Uhr weiter in Marsberg, es folgt die \u201eRote Ecke\u201c von 10.30 bis 13.00 Uhr in Brilon. Anschlie\u00dfend geht es am 12. August nach Medebach, wo Dirk Wiese von 13.30 bis 15 Uhr zu treffen ist. In Schmallenberg bietet der heimische Abgeordnete die mobile B\u00fcrgersprechstunde am 20. August von 8.00 bis 10.00 Uhr an sowie von 11.00 bis 13.00 Uhr in Sundern. Schlie\u00dflich haben die B\u00fcrger am 28. August in Olsberg von 8.00 bis 10.00 Uhr und in Meschede von 10.30 bis 13.00 Uhr Gelegenheit mit Dirk Wiese ins Gespr\u00e4ch zu kommen.<\/p>\n<p>&#8222;Es ist ein Versuch, um neben den regul\u00e4ren B\u00fcrgersprechstunden mit noch mehr B\u00fcrgerinnen und B\u00fcrgern im Sauerland ins Gespr\u00e4ch zu kommen. Dabei haben Sie die M\u00f6glichkeit bei frischem Kaffee mit mir vor Ort zu diskutieren.\u00a0Ich freue mich auf viele, interessante Begegnungen mit den B\u00fcrgern!&#8220;, so Dirk Wiese.<\/p>\n<p>Wer sich mehr im Internet als auf den Marktpl\u00e4tzen aufh\u00e4lt, kann Dirk Wiese am 5. August im Cyberspace treffen.<\/p>\n<p><strong>Dirk Wiese l\u00e4dt im Netz zur Digitalen Sprechstunde auf <a href=\"http:\/\/www.dirkwiese.de\" target=\"_blank\">www.dirkwiese.de<\/a><\/strong><\/p>\n<p>Der heimische Bundestagsabgeordnete Dirk Wiese l\u00e4dt am 5. August um 19 Uhr zur digitalen B\u00fcrgersprechstunde. Im Zeitraum von 19 bis 21 Uhr k\u00f6nnen sich interessierte B\u00fcrgerinnen und B\u00fcrger mit Fragen, Kritik und Anregungen \u00fcber <a href=\"http:\/\/www.dirkwiese.de\" target=\"_blank\">www.dirkwiese.de<\/a> in die Sprechstunde einloggen.<\/p>\n<p>Dies sei ein Versuch, so Wiese, um neben den regul\u00e4ren B\u00fcrgersprechstunden mit noch mehr B\u00fcrgerinnen und B\u00fcrgern im Sauerland ins Gespr\u00e4ch zu kommen. Dabei h\u00e4tten die Teilnehmerinnen und Teilnehmer die M\u00f6glichkeit mit dem Abgeordneten in einem \u00f6ffentlichen Chat ganz bequem von zu Hause oder\u00a0mit dem Smartphone\u00a0zu diskutieren.<\/p>\n<p>Es handelt sich um einen reinen Text-Chat unter Einsatz von PHP, JavaScript und AJAX.<\/p>\n","protected":false},"excerpt":{"rendered":"<p>Meschede. (spd_pm) In den kommenden Wochen hei\u00dft es: \u201eAuf einen Kaffee mit Dirk Wiese\u201c. Im August l\u00e4dt der heimische Bundestagsabgeordnete Dirk Wiese zur mobilen B\u00fcrgersprechstunde auf den Sauerl\u00e4nder Marktpl\u00e4tzen ein. &hellip; <a href=\"https:\/\/www.schiebener.net\/wordpress\/auf-einen-kaffee-mit-dirk-wiese-mobile-buergersprechstunde-rote-ecke-auf-sauerlaender-maerkten-plus-internet-chat-am-5-august-ab-19-uhr\/\" class=\"more-link\"><span class=\"screen-reader-text\">\u201e\u201eAuf einen Kaffee mit Dirk Wiese\u201c &#8211; Mobile B\u00fcrgersprechstunde \u201eRote Ecke\u201c auf Sauerl\u00e4nder M\u00e4rkten plus Internet-Chat am 5. August ab 19 Uhr.\u201c <\/span>weiterlesen<\/a><\/p>\n","protected":false},"author":17,"featured_media":0,"comment_status":"open","ping_status":"open","sticky":false,"template":"","format":"standard","meta":{"footnotes":""},"categories":[174,303,80,32,24,1043],"tags":[3104,5811,5810,655],"class_list":["post-33105","post","type-post","status-publish","format-standard","hentry","category-dit-und-dat","category-in-unserem-briefkasten","category-lokales","category-medien","category-politik","category-pressemitteilungen","tag-dirk-wiese","tag-internet-chat","tag-kaffee","tag-pressemitteilung"],"_links":{"self":[{"href":"https:\/\/www.schiebener.net\/wordpress\/wp-json\/wp\/v2\/posts\/33105","targetHints":{"allow":["GET"]}}],"collection":[{"href":"https:\/\/www.schiebener.net\/wordpress\/wp-json\/wp\/v2\/posts"}],"about":[{"href":"https:\/\/www.schiebener.net\/wordpress\/wp-json\/wp\/v2\/types\/post"}],"author":[{"embeddable":true,"href":"https:\/\/www.schiebener.net\/wordpress\/wp-json\/wp\/v2\/users\/17"}],"replies":[{"embeddable":true,"href":"https:\/\/www.schiebener.net\/wordpress\/wp-json\/wp\/v2\/comments?post=33105"}],"version-history":[{"count":0,"href":"https:\/\/www.schiebener.net\/wordpress\/wp-json\/wp\/v2\/posts\/33105\/revisions"}],"wp:attachment":[{"href":"https:\/\/www.schiebener.net\/wordpress\/wp-json\/wp\/v2\/media?parent=33105"}],"wp:term":[{"taxonomy":"category","embeddable":true,"href":"https:\/\/www.schiebener.net\/wordpress\/wp-json\/wp\/v2\/categories?post=33105"},{"taxonomy":"post_tag","embeddable":true,"href":"https:\/\/www.schiebener.net\/wordpress\/wp-json\/wp\/v2\/tags?post=33105"}],"curies":[{"name":"wp","href":"https:\/\/api.w.org\/{rel}","templated":true}]}}