{"id":33098,"date":"2015-07-26T22:12:57","date_gmt":"2015-07-26T21:12:57","guid":{"rendered":"http:\/\/www.schiebener.net\/wordpress\/?p=33098"},"modified":"2015-07-26T23:35:05","modified_gmt":"2015-07-26T22:35:05","slug":"voll-omega-feiger-langenscheidt-verlag-streicht-alpha-kevin-als-jugendwort-des-jahres","status":"publish","type":"post","link":"https:\/\/www.schiebener.net\/wordpress\/voll-omega-feiger-langenscheidt-verlag-streicht-alpha-kevin-als-jugendwort-des-jahres\/","title":{"rendered":"Voll Omega! Feiger Langenscheidt-Verlag streicht Alpha-Kevin als Jugendwort des Jahres."},"content":{"rendered":"<p><iframe loading=\"lazy\" width=\"560\" height=\"315\" src=\"https:\/\/www.youtube.com\/embed\/UCfXSCUWYhk?rel=0&amp;controls=0&amp;showinfo=0\" frameborder=\"0\" allowfullscreen><\/iframe><\/p>\n<p><strong>Der Langenscheidt-Verlag hat, <a href=\"http:\/\/www.faz.net\/aktuell\/gesellschaft\/jugendwort-des-jahres-alpha-kevin-ist-raus-13720719.html\" target=\"_blank\">so die FAZ<\/a> und andere Medien, w\u00e4hrend der laufenden Online-Abstimmung zum &#8222;<a href=\"http:\/\/www.jugendwort.de\/\" target=\"_blank\">Jugendwort<\/a>&#8220; des Jahres zum ersten Mal in sieben Jahren einen Begriff aus der Nominierten-Liste gestrichen: &#8222;Alpha-Kevin&#8220;.<\/strong><\/p>\n<p>Der Vorname &#8222;Kevin&#8220; w\u00e4re den Machern als Inbegriff von Dummheit dann doch zu diskriminierend gewesen.<\/p>\n<p>Vorne lagen laut Tagespiegel an diesem Wochenende W\u00f6rter wie &#8222;merkeln&#8220; (Nichtstun, keine Entscheidung treffen, in Bezug auf Bundeskanzlerin Angela Merkel), &#8222;Earthporn&#8220; (sch\u00f6ne Landschaft) und &#8222;rumoxidieren&#8220; (chillen). Auch &#8222;Tinderella&#8220; (f\u00fcr eine Frau, die exzessiv Online-Dating-Plattformen wie Tinder nutzt) w\u00e4re beliebt.<\/p>\n<p>Wenn ich mir im obigen Video [1] anschaue, wie schon vor acht Jahren die Kevins dieses Landes am Tor zum Bundeskanzleramt r\u00fcttelten, kann ich die Entscheidung des Verlages nicht verstehen.<\/p>\n<p>Ironie ist machbar, Herr Nachbar. Und danke lieber gp <a href=\"http:\/\/www.neheims-netz.de\/\" target=\"_blank\">vom Nachbarblog<\/a> f\u00fcr den Hinweis. \ud83d\ude42<\/p>\n<p><em>[1] Pigor &#038; Eichhorn sind auch dieses Jahr wieder auf Tournee: <a href=\"http:\/\/www.pigor.de\/termine\/\" target=\"_blank\">http:\/\/www.pigor.de\/termine\/<\/a><\/em><\/p>\n","protected":false},"excerpt":{"rendered":"<p>Der Langenscheidt-Verlag hat, so die FAZ und andere Medien, w\u00e4hrend der laufenden Online-Abstimmung zum &#8222;Jugendwort&#8220; des Jahres zum ersten Mal in sieben Jahren einen Begriff aus der Nominierten-Liste gestrichen: &#8222;Alpha-Kevin&#8220;. &hellip; <a href=\"https:\/\/www.schiebener.net\/wordpress\/voll-omega-feiger-langenscheidt-verlag-streicht-alpha-kevin-als-jugendwort-des-jahres\/\" class=\"more-link\"><span class=\"screen-reader-text\">\u201eVoll Omega! Feiger Langenscheidt-Verlag streicht Alpha-Kevin als Jugendwort des Jahres.\u201c <\/span>weiterlesen<\/a><\/p>\n","protected":false},"author":3,"featured_media":0,"comment_status":"open","ping_status":"open","sticky":false,"template":"","format":"standard","meta":{"footnotes":""},"categories":[3,174,2782,2241],"tags":[5806,5807,5808,5809],"class_list":["post-33098","post","type-post","status-publish","format-standard","hentry","category-bildung-und-schule","category-dit-und-dat","category-satire","category-sprache","tag-alpha-kevin","tag-jugendwort-2015","tag-langenscheidt","tag-pigor-eichhorn"],"_links":{"self":[{"href":"https:\/\/www.schiebener.net\/wordpress\/wp-json\/wp\/v2\/posts\/33098","targetHints":{"allow":["GET"]}}],"collection":[{"href":"https:\/\/www.schiebener.net\/wordpress\/wp-json\/wp\/v2\/posts"}],"about":[{"href":"https:\/\/www.schiebener.net\/wordpress\/wp-json\/wp\/v2\/types\/post"}],"author":[{"embeddable":true,"href":"https:\/\/www.schiebener.net\/wordpress\/wp-json\/wp\/v2\/users\/3"}],"replies":[{"embeddable":true,"href":"https:\/\/www.schiebener.net\/wordpress\/wp-json\/wp\/v2\/comments?post=33098"}],"version-history":[{"count":0,"href":"https:\/\/www.schiebener.net\/wordpress\/wp-json\/wp\/v2\/posts\/33098\/revisions"}],"wp:attachment":[{"href":"https:\/\/www.schiebener.net\/wordpress\/wp-json\/wp\/v2\/media?parent=33098"}],"wp:term":[{"taxonomy":"category","embeddable":true,"href":"https:\/\/www.schiebener.net\/wordpress\/wp-json\/wp\/v2\/categories?post=33098"},{"taxonomy":"post_tag","embeddable":true,"href":"https:\/\/www.schiebener.net\/wordpress\/wp-json\/wp\/v2\/tags?post=33098"}],"curies":[{"name":"wp","href":"https:\/\/api.w.org\/{rel}","templated":true}]}}