{"id":33053,"date":"2015-07-20T21:31:48","date_gmt":"2015-07-20T20:31:48","guid":{"rendered":"http:\/\/www.schiebener.net\/wordpress\/?p=33053"},"modified":"2015-07-20T21:40:16","modified_gmt":"2015-07-20T20:40:16","slug":"radelnd-erfahren-real-beschaeftigte-streiken-fuer-tarifbindung","status":"publish","type":"post","link":"https:\/\/www.schiebener.net\/wordpress\/radelnd-erfahren-real-beschaeftigte-streiken-fuer-tarifbindung\/","title":{"rendered":"Radelnd erfahren: real, &#8211; Besch\u00e4ftigte streiken f\u00fcr Tarifbindung"},"content":{"rendered":"<figure id=\"attachment_33054\" aria-describedby=\"caption-attachment-33054\" style=\"width: 640px\" class=\"wp-caption aligncenter\"><a href=\"http:\/\/www.schiebener.net\/wordpress\/wp-content\/uploads\/2015\/07\/IMG_1066.jpeg\"><img loading=\"lazy\" decoding=\"async\" class=\"size-full wp-image-33054\" src=\"http:\/\/www.schiebener.net\/wordpress\/wp-content\/uploads\/2015\/07\/IMG_1066.jpeg\" alt=\"Streikende der real,- an de Autozufahrt zum Warenhaus in Neuss (foto: zoom)\" width=\"640\" height=\"480\" srcset=\"https:\/\/www.schiebener.net\/wordpress\/wp-content\/uploads\/2015\/07\/IMG_1066.jpeg 640w, https:\/\/www.schiebener.net\/wordpress\/wp-content\/uploads\/2015\/07\/IMG_1066-300x225.jpeg 300w\" sizes=\"auto, (max-width: 709px) 85vw, (max-width: 909px) 67vw, (max-width: 984px) 61vw, (max-width: 1362px) 45vw, 600px\" \/><\/a><figcaption id=\"caption-attachment-33054\" class=\"wp-caption-text\">Streikende der real,-\u00a0 &#8211; Filiale Neuss an de Autozufahrt zum Warenhaus (foto: zoom)<\/figcaption><\/figure>\n<p><strong>Wenn man von der Jugendherberge in D\u00fcsseldorf linksrheinisch Richtung Bonn radelt, trifft man nach dem Streckenabschnitt durch ein riesiges Industriegebiet am Schluss auf ein Kaufhaus, in dem unter anderem die M\u00e4rkte der Metro-Gruppe angesiedelt sind. <\/strong><\/p>\n<p>Saturn geh\u00f6rt beispielsweise dazu und real,-<\/p>\n<p>Ich h\u00e4tte das eigentlich \u00fcberhaupt nicht bemerkt, wenn ich nicht die Menschen mit gelben Westen der Gewerkschaft ver.di gesehen h\u00e4tte.<\/p>\n<p>Sie hatte sich an der Autozufahrt zur Mall postiert. Nein, Flugbl\u00e4tter habe man leider noch nicht, sagte mir ein Streikender, aber er k\u00f6nne mir die Sache auch m\u00fcndlich erkl\u00e4ren.<\/p>\n<p>real.- habe den Fl\u00e4chentarifvertrag gek\u00fcndigt, es g\u00e4be mit einem neuen Haustarifvertrag bei gleicher Arbeit weniger Lohn.<\/p>\n<p>Wenn beim Personal gespart werde, w\u00fcrde die Qualit\u00e4t des Service sinken.<\/p>\n<p>Er streike f\u00fcr eine Beibehaltung des Fl\u00e4chentarifvertrags.<\/p>\n<p>Die Pressemeldung von ver.di habe ich mir gerade aus dem Internet gefischt:<\/p>\n<p><a href=\"http:\/\/blog.verdi-lnr.de\/real-beschftigte-streiken-fr-tarifbindung\/\" target=\"_blank\">real,- Besch\u00e4ftigte streiken f\u00fcr Tarifbindung<\/a><\/p>\n","protected":false},"excerpt":{"rendered":"<p>Wenn man von der Jugendherberge in D\u00fcsseldorf linksrheinisch Richtung Bonn radelt, trifft man nach dem Streckenabschnitt durch ein riesiges Industriegebiet am Schluss auf ein Kaufhaus, in dem unter anderem die &hellip; <a href=\"https:\/\/www.schiebener.net\/wordpress\/radelnd-erfahren-real-beschaeftigte-streiken-fuer-tarifbindung\/\" class=\"more-link\"><span class=\"screen-reader-text\">\u201eRadelnd erfahren: real, &#8211; Besch\u00e4ftigte streiken f\u00fcr Tarifbindung\u201c <\/span>weiterlesen<\/a><\/p>\n","protected":false},"author":3,"featured_media":0,"comment_status":"open","ping_status":"open","sticky":false,"template":"","format":"standard","meta":{"footnotes":""},"categories":[2489,2729,4761,1208],"tags":[5793,5795,5794,349,1793],"class_list":["post-33053","post","type-post","status-publish","format-standard","hentry","category-in-eigener-sache","category-reisen","category-soziales","category-wirtschaft","tag-flaechentarifvertrag","tag-neuss","tag-real","tag-streik","tag-verdi"],"_links":{"self":[{"href":"https:\/\/www.schiebener.net\/wordpress\/wp-json\/wp\/v2\/posts\/33053","targetHints":{"allow":["GET"]}}],"collection":[{"href":"https:\/\/www.schiebener.net\/wordpress\/wp-json\/wp\/v2\/posts"}],"about":[{"href":"https:\/\/www.schiebener.net\/wordpress\/wp-json\/wp\/v2\/types\/post"}],"author":[{"embeddable":true,"href":"https:\/\/www.schiebener.net\/wordpress\/wp-json\/wp\/v2\/users\/3"}],"replies":[{"embeddable":true,"href":"https:\/\/www.schiebener.net\/wordpress\/wp-json\/wp\/v2\/comments?post=33053"}],"version-history":[{"count":0,"href":"https:\/\/www.schiebener.net\/wordpress\/wp-json\/wp\/v2\/posts\/33053\/revisions"}],"wp:attachment":[{"href":"https:\/\/www.schiebener.net\/wordpress\/wp-json\/wp\/v2\/media?parent=33053"}],"wp:term":[{"taxonomy":"category","embeddable":true,"href":"https:\/\/www.schiebener.net\/wordpress\/wp-json\/wp\/v2\/categories?post=33053"},{"taxonomy":"post_tag","embeddable":true,"href":"https:\/\/www.schiebener.net\/wordpress\/wp-json\/wp\/v2\/tags?post=33053"}],"curies":[{"name":"wp","href":"https:\/\/api.w.org\/{rel}","templated":true}]}}