{"id":33013,"date":"2015-07-13T13:27:38","date_gmt":"2015-07-13T12:27:38","guid":{"rendered":"http:\/\/www.schiebener.net\/wordpress\/?p=33013"},"modified":"2015-07-13T13:27:38","modified_gmt":"2015-07-13T12:27:38","slug":"spd-pressemitteilung-breitband-auch-im-laendlichen-raum-wichtig","status":"publish","type":"post","link":"https:\/\/www.schiebener.net\/wordpress\/spd-pressemitteilung-breitband-auch-im-laendlichen-raum-wichtig\/","title":{"rendered":"SPD-Pressemitteilung: Breitband auch im l\u00e4ndlichen Raum wichtig"},"content":{"rendered":"<p><img loading=\"lazy\" decoding=\"async\" src=\"http:\/\/www.schiebener.net\/wordpress\/wp-content\/uploads\/2015\/07\/SGKSPD20150713.jpg\" alt=\"SGKSPD20150713\" width=\"640\" height=\"318\" class=\"aligncenter size-full wp-image-33015\" srcset=\"https:\/\/www.schiebener.net\/wordpress\/wp-content\/uploads\/2015\/07\/SGKSPD20150713.jpg 640w, https:\/\/www.schiebener.net\/wordpress\/wp-content\/uploads\/2015\/07\/SGKSPD20150713-300x149.jpg 300w\" sizes=\"auto, (max-width: 709px) 85vw, (max-width: 909px) 67vw, (max-width: 984px) 61vw, (max-width: 1362px) 45vw, 600px\" \/><strong>Potsdam\/Hochsauerlandkreis. (spd_pm) Eine 3-k\u00f6pfige Delegation des SGK-Kreisverbandes Hochsauerland nahm an der zweit\u00e4gigen Fachtagung der Bundes-SGK (Sozialdemokratische Gemeinschaft f\u00fcr Kommunalpolitik in der Bundesrepublik Deutschland) zum Thema \u201eIn unsere Zukunft investieren &#8211; Infrastrukturfinanzierung und Digitale Agenda in den Kommunen\u201c in Potsdam teil.<\/strong><\/p>\n<p>Hochrangige Referentinnen und Referenten beleuchteten dieses Thema aus verschiedenen Blickwinkeln.<\/p>\n<p>W\u00e4hrend Dr. Barbara Hendricks, Bundesministerin f\u00fcr Umwelt, Naturschutz, Bau und Reaktorsicherheit, nachhaltige Zukunftsinvestitionen insbesondere zur Erreichung klimapolitischer Ziele sowohl global als auch vor Ort auf gemeindlicher Ebene einforderte, wies Brigitte Zypries, parlamentarische Staatssekret\u00e4rin beim Bundesminister f\u00fcr Wirtschaft und Energie, in Ihrem Vortrag darauf hin, dass es in den l\u00e4ndlichen R\u00e4umen Deutschlands ca. 670 klein \u2013 und mittelst\u00e4ndische Unternehmen gibt, die in Ihren jeweiligen Segmenten Weltmarktf\u00fchrer sind.<\/p>\n<p>Diese \u201ehidden \u2013 champions\u201c d\u00fcrften nicht durch mangelnde Infrastruktur, ob schneller Breitbandzugang oder die klassischen Verkehrswege, in Ihrer Entwicklung gehindert werden. In den einzelnen Foren ist auch auf die Erfolge der Telekommunikationsgesellschaft S\u00fcdwestfalen (TKG SWF) eingegangen worden.<\/p>\n<p>Dr. Michael Schult, Vorsitzender der SGK Hochsauerland, begr\u00fc\u00dft die Ergebnisse des Kongresses: \u201eBreitband geh\u00f6rt heutzutage unstrittig zur Daseinsvorsorge &#8211; dies gilt auch f\u00fcr die eher l\u00e4ndlich strukturierten Gebiete. Durch die Gr\u00fcndung der TKG SWF hat sich die Region im bundesweiten Vergleich sehr gut aufgestellt. Dieses Modell gilt es zukunftsorientiert fortzuentwickeln.\u201c<\/p>\n<p><em>Aktuelle Informationen zur Bundes-SGK und zur SGK Nordrhein-Westfalen sind im Internet unter <a href=\"http:\/\/www.bundes-sgk.de\" target=\"_blank\">www.bundes-sgk.de<\/a> und <a href=\"http:\/\/www.sgk-nrw.de\" target=\"_blank\">www.sgk-nrw.de<\/a> abrufbar.<\/em><\/p>\n","protected":false},"excerpt":{"rendered":"<p>Potsdam\/Hochsauerlandkreis. (spd_pm) Eine 3-k\u00f6pfige Delegation des SGK-Kreisverbandes Hochsauerland nahm an der zweit\u00e4gigen Fachtagung der Bundes-SGK (Sozialdemokratische Gemeinschaft f\u00fcr Kommunalpolitik in der Bundesrepublik Deutschland) zum Thema \u201eIn unsere Zukunft investieren &#8211; &hellip; <a href=\"https:\/\/www.schiebener.net\/wordpress\/spd-pressemitteilung-breitband-auch-im-laendlichen-raum-wichtig\/\" class=\"more-link\"><span class=\"screen-reader-text\">\u201eSPD-Pressemitteilung: Breitband auch im l\u00e4ndlichen Raum wichtig\u201c <\/span>weiterlesen<\/a><\/p>\n","protected":false},"author":17,"featured_media":0,"comment_status":"open","ping_status":"open","sticky":false,"template":"","format":"standard","meta":{"footnotes":""},"categories":[3182,303,80,1043],"tags":[212,5271,655,5780],"class_list":["post-33013","post","type-post","status-publish","format-standard","hentry","category-finanzen","category-in-unserem-briefkasten","category-lokales","category-pressemitteilungen","tag-hochsauerland","tag-michael-schult","tag-pressemitteilung","tag-sgk-kreisverband"],"_links":{"self":[{"href":"https:\/\/www.schiebener.net\/wordpress\/wp-json\/wp\/v2\/posts\/33013","targetHints":{"allow":["GET"]}}],"collection":[{"href":"https:\/\/www.schiebener.net\/wordpress\/wp-json\/wp\/v2\/posts"}],"about":[{"href":"https:\/\/www.schiebener.net\/wordpress\/wp-json\/wp\/v2\/types\/post"}],"author":[{"embeddable":true,"href":"https:\/\/www.schiebener.net\/wordpress\/wp-json\/wp\/v2\/users\/17"}],"replies":[{"embeddable":true,"href":"https:\/\/www.schiebener.net\/wordpress\/wp-json\/wp\/v2\/comments?post=33013"}],"version-history":[{"count":0,"href":"https:\/\/www.schiebener.net\/wordpress\/wp-json\/wp\/v2\/posts\/33013\/revisions"}],"wp:attachment":[{"href":"https:\/\/www.schiebener.net\/wordpress\/wp-json\/wp\/v2\/media?parent=33013"}],"wp:term":[{"taxonomy":"category","embeddable":true,"href":"https:\/\/www.schiebener.net\/wordpress\/wp-json\/wp\/v2\/categories?post=33013"},{"taxonomy":"post_tag","embeddable":true,"href":"https:\/\/www.schiebener.net\/wordpress\/wp-json\/wp\/v2\/tags?post=33013"}],"curies":[{"name":"wp","href":"https:\/\/api.w.org\/{rel}","templated":true}]}}