{"id":32999,"date":"2015-07-12T22:37:30","date_gmt":"2015-07-12T21:37:30","guid":{"rendered":"http:\/\/www.schiebener.net\/wordpress\/?p=32999"},"modified":"2016-08-24T21:07:42","modified_gmt":"2016-08-24T20:07:42","slug":"blogxit-wegen-grexit-mein-kopf-platzt-und-dabei-sollte-es-doch-eine-chinesische-woche-werden","status":"publish","type":"post","link":"https:\/\/www.schiebener.net\/wordpress\/blogxit-wegen-grexit-mein-kopf-platzt-und-dabei-sollte-es-doch-eine-chinesische-woche-werden\/","title":{"rendered":"#Blogxit wegen #Grexit: mein Kopf platzt, und dabei sollte es doch eine chinesische Woche werden."},"content":{"rendered":"<figure id=\"attachment_33000\" aria-describedby=\"caption-attachment-33000\" style=\"width: 640px\" class=\"wp-caption aligncenter\"><a href=\"http:\/\/www.schiebener.net\/wordpress\/wp-content\/uploads\/2015\/07\/China8205071201.jpg\"><img loading=\"lazy\" decoding=\"async\" class=\"size-full wp-image-33000\" src=\"http:\/\/www.schiebener.net\/wordpress\/wp-content\/uploads\/2015\/07\/China8205071201.jpg\" alt=\"&quot;Schon seit \u00fcber zehn Jahren beobachtet die internationale Kunstwelt eine explosive Energie auf dem Feld der chinesischen Kunstfotografie.&quot; \" width=\"640\" height=\"532\" srcset=\"https:\/\/www.schiebener.net\/wordpress\/wp-content\/uploads\/2015\/07\/China8205071201.jpg 640w, https:\/\/www.schiebener.net\/wordpress\/wp-content\/uploads\/2015\/07\/China8205071201-300x249.jpg 300w\" sizes=\"auto, (max-width: 709px) 85vw, (max-width: 909px) 67vw, (max-width: 984px) 61vw, (max-width: 1362px) 45vw, 600px\" \/><\/a><figcaption id=\"caption-attachment-33000\" class=\"wp-caption-text\">&#8222;Schon seit \u00fcber zehn Jahren beobachtet die internationale Kunstwelt eine explosive Energie auf dem Feld der chinesischen Kunstfotografie.&#8220; (Foto eines Fotos im Folkwang Museum: zoom)<\/figcaption><\/figure>\n<p><strong>Die letzte Woche sollte eigentlich eine chinesische Woche werden.<\/strong><\/p>\n<p>Die <a href=\"http:\/\/www.schiebener.net\/wordpress\/marcus-hernig-liest-aus-seinem-neuen-buch-chinas-bauch-und-erzaehlt-geschichten-aus-china-und-hallenberg-im-kleinen-steckt-das-grosse\/\" target=\"_blank\">Lesung von Marcus Hernig am Montag<\/a> im <a href=\"http:\/\/www.kump-hallenberg.de\/wp\/\" target=\"_blank\">Hallenberger Kump<\/a> -&#8222;Chinas Bauch, Warum der Westen weniger denken muss, um den Osten besser zu verstehen&#8220;- hat meine Synapsen bis in die Anf\u00e4nge der 90er Jahre des letzten Jahrtausends reaktiviert, verschaltet und neu vernetzt.<\/p>\n<figure id=\"attachment_33003\" aria-describedby=\"caption-attachment-33003\" style=\"width: 640px\" class=\"wp-caption aligncenter\"><a href=\"http:\/\/www.schiebener.net\/wordpress\/wp-content\/uploads\/2015\/07\/MarcusHernig2015070701.jpg\"><img loading=\"lazy\" decoding=\"async\" class=\"size-full wp-image-33003\" src=\"http:\/\/www.schiebener.net\/wordpress\/wp-content\/uploads\/2015\/07\/MarcusHernig2015070701.jpg\" alt=\"Markus Hernig liest \u00fcber &quot;Die Freuden der Bauern&quot; (fotos: zoom)\" width=\"640\" height=\"260\" srcset=\"https:\/\/www.schiebener.net\/wordpress\/wp-content\/uploads\/2015\/07\/MarcusHernig2015070701.jpg 640w, https:\/\/www.schiebener.net\/wordpress\/wp-content\/uploads\/2015\/07\/MarcusHernig2015070701-300x122.jpg 300w\" sizes=\"auto, (max-width: 709px) 85vw, (max-width: 909px) 67vw, (max-width: 984px) 61vw, (max-width: 1362px) 45vw, 600px\" \/><\/a><figcaption id=\"caption-attachment-33003\" class=\"wp-caption-text\">Markus Hernig liest \u00fcber &#8222;Die Freuden der Bauern&#8220; (fotos: zoom)<\/figcaption><\/figure>\n<p>Beil\u00e4ufig wies Marcus Hernig darauf hin, dass die wirtschaftliche Bedeutung Chinas f\u00fcr die Exportnation Deutschland doch um einiges gr\u00f6\u00dfer als die Griechenlands sei, insbesondere <a href=\"http:\/\/www.badische-zeitung.de\/wirtschaft-3\/boersensturz-erschuettert-autobranche--107523679.html\" target=\"_blank\">die j\u00fcngsten Turbulenzen an Chinas B\u00f6rsen<\/a>.<\/p>\n<p>China, so Hernig, sei heute die zweitst\u00e4rkste Wirtschaftsmacht der Welt und habe morgen die USA \u00fcberholt.<\/p>\n<p><strong>R\u00fcckblende:<\/strong><\/p>\n<p>1989\/90 war f\u00fcr mich China ein fernes Land der &#8222;blauen Ameisen&#8220;, irgendwas mit Mao und Mauer, Versprechen und Verbrechen. Meine Synapsen signalisieren mir, dass ich Anfang der 90er Jahre an einem Kongress teilgenommen habe, auf dem in einer Arbeitsgruppe ein Sinologe, junger Professor X von der Uni Y, darlegte, dass China die kommende Weltmacht w\u00e4re.<\/p>\n<p>Er machte das an Hand von Statistiken deutlich und erkl\u00e4rte die Rolle der Kommunistischen Partei als ideeller Gesamtkapitalist, die die chinesische Gesellschaft (erfolgreich!) in den Kapitalismus transformiere.<\/p>\n<figure id=\"attachment_33004\" aria-describedby=\"caption-attachment-33004\" style=\"width: 640px\" class=\"wp-caption aligncenter\"><a href=\"http:\/\/www.schiebener.net\/wordpress\/wp-content\/uploads\/2015\/07\/MarcusHernig2015070702.jpg\"><img loading=\"lazy\" decoding=\"async\" class=\"size-full wp-image-33004\" src=\"http:\/\/www.schiebener.net\/wordpress\/wp-content\/uploads\/2015\/07\/MarcusHernig2015070702.jpg\" alt=\"Die Lesung fand in den R\u00e4umen der Linda Mc Cartney Ausstellung statt. Buch gekauft. \" width=\"640\" height=\"570\" srcset=\"https:\/\/www.schiebener.net\/wordpress\/wp-content\/uploads\/2015\/07\/MarcusHernig2015070702.jpg 640w, https:\/\/www.schiebener.net\/wordpress\/wp-content\/uploads\/2015\/07\/MarcusHernig2015070702-300x267.jpg 300w\" sizes=\"auto, (max-width: 709px) 85vw, (max-width: 909px) 67vw, (max-width: 984px) 61vw, (max-width: 1362px) 45vw, 600px\" \/><\/a><figcaption id=\"caption-attachment-33004\" class=\"wp-caption-text\">Die Lesung von &#8222;Chinas Bauch&#8220; fand in den R\u00e4umen der Linda Mc Cartney Ausstellung statt. Buch gekauft.<\/figcaption><\/figure>\n<p><strong>Zur\u00fcck ins Heute:<\/strong><\/p>\n<p>Ein Vierteljahrhundert sp\u00e4ter kommt dieser andere <a href=\"http:\/\/www.bosch-stiftung.de\/content\/language1\/html\/41423.asp\" target=\"_blank\">Sinologe Markus Hernig<\/a>, der sich nach seinem Studium in Bochum 1992, also ungef\u00e4hr zur selben Zeit des Kongresses nach China und Japan begibt, in die kleine Stadt Hallenberg und schlie\u00dft den Kreis.<\/p>\n<p>Mir ging dann die ganze Woche \u00fcber nicht aus dem Kopf, dass w\u00e4hrend des medialen #Grexit Dauerfeuers Chinas Finanzblase platzt, der IS weiter mordet, Obama eine unglaubliche Abschlussk\u00fcr als Pr\u00e4sident hinlegt und die Rattenf\u00e4nger am rechten Rand (Pegida, AfD) wohlwollender von der Presse analysiert werden als die neue griechische Regierung.<\/p>\n<p>&#8222;Wer China verstehen will, muss es erf\u00fchlen &#8211; Warm, satt, dunkel und s\u00fc\u00df&#8220;, meint Marcus Hernig und st\u00f6\u00dft mir damit vor den Kopf. Er versuche mit seinem Buch, uns China auf menschliche Art nahe zu bringen. In Ostasien gehe es nicht so problemorientiert wie an den deutschen Stammtischen zu.<\/p>\n<figure id=\"attachment_33005\" aria-describedby=\"caption-attachment-33005\" style=\"width: 640px\" class=\"wp-caption aligncenter\"><a href=\"http:\/\/www.schiebener.net\/wordpress\/wp-content\/uploads\/2015\/07\/MarcusHernig2015070703.jpg\"><img loading=\"lazy\" decoding=\"async\" class=\"size-full wp-image-33005\" src=\"http:\/\/www.schiebener.net\/wordpress\/wp-content\/uploads\/2015\/07\/MarcusHernig2015070703.jpg\" alt=\"&quot;Das Analysierende hat mich immer gest\u00f6rt.&quot; Auch beim Signieren der B\u00fccher muss Marcus Hernig viele Fragen beantworten.\" width=\"640\" height=\"413\" srcset=\"https:\/\/www.schiebener.net\/wordpress\/wp-content\/uploads\/2015\/07\/MarcusHernig2015070703.jpg 640w, https:\/\/www.schiebener.net\/wordpress\/wp-content\/uploads\/2015\/07\/MarcusHernig2015070703-300x194.jpg 300w\" sizes=\"auto, (max-width: 709px) 85vw, (max-width: 909px) 67vw, (max-width: 984px) 61vw, (max-width: 1362px) 45vw, 600px\" \/><\/a><figcaption id=\"caption-attachment-33005\" class=\"wp-caption-text\">&#8222;Das Analysierende hat mich immer gest\u00f6rt.&#8220; Auch beim Signieren der B\u00fccher muss Marcus Hernig viele Fragen beantworten.<\/figcaption><\/figure>\n<p>&#8222;Das Analysierende hat mich immer gest\u00f6rt&#8220;, erkl\u00e4rt der Autor sein Herangehen. China sei eine b\u00e4uerliche Kultur, die Verst\u00e4dterung neu. &#8222;Der Kern des Denkens ist l\u00e4ndlich.&#8220;<\/p>\n<p>In seinen Geschichten geht es um die Grundgef\u00fchle Freude, Wut, Trauer, Angst, Liebe, Hass und Gier.<\/p>\n<p>Von den &#8222;Freuden der Bauern&#8220; hat Marcus Hernig gelesen und von den Uners\u00e4ttlichkeiten der Gier, von der &#8222;Essbegeisterung wie bei den Italienern&#8220; und vom explosiven Entstehen der Millionenst\u00e4dte auf dem Land.<\/p>\n<p>Das Buch habe ich gekauft, alles gelesen -#Grexit sei Undank- noch nicht.<\/p>\n<p><strong>Auf nach Essen:<\/strong><\/p>\n<p>Heute hat sich der kleine Wochenkreis geschlossen. Wir haben die Austellung &#8222;<a href=\"http:\/\/www.museum-folkwang.de\/de\/ausstellungen\/aktuell\/china-8.html\" target=\"_blank\">CHINA 8 Works in ProgressFotografie aus China 2015 15. Mai \u2013 13. September 2015<\/a>&#8220; im Folkwang Museum Essen besucht.<\/p>\n<figure id=\"attachment_33006\" aria-describedby=\"caption-attachment-33006\" style=\"width: 640px\" class=\"wp-caption aligncenter\"><a href=\"http:\/\/www.schiebener.net\/wordpress\/wp-content\/uploads\/2015\/07\/China8205071202.jpg\"><img loading=\"lazy\" decoding=\"async\" class=\"size-full wp-image-33006\" src=\"http:\/\/www.schiebener.net\/wordpress\/wp-content\/uploads\/2015\/07\/China8205071202.jpg\" alt=\"Die Fotoarbeiten reichen von privat bis offen politisch. Die Maske ist auch au\u00dferhalb von Hongkong bekannt, oder?\" width=\"640\" height=\"498\" srcset=\"https:\/\/www.schiebener.net\/wordpress\/wp-content\/uploads\/2015\/07\/China8205071202.jpg 640w, https:\/\/www.schiebener.net\/wordpress\/wp-content\/uploads\/2015\/07\/China8205071202-300x233.jpg 300w\" sizes=\"auto, (max-width: 709px) 85vw, (max-width: 909px) 67vw, (max-width: 984px) 61vw, (max-width: 1362px) 45vw, 600px\" \/><\/a><figcaption id=\"caption-attachment-33006\" class=\"wp-caption-text\">Die Fotoarbeiten reichen von privat bis offen politisch. Diese Maske ist auch au\u00dferhalb von Hongkong bekannt, oder?<\/figcaption><\/figure>\n<p>Ich w\u00fcrde jetzt gerne Marcus Hernig fragen, ob er die Ausstellung schon gesehen hat und was er dazu zu sagen wei\u00df, aber er sitzt ja nicht neben meinem Computer.<\/p>\n<p>Im Ausstellungskatalog hei\u00dft es:<\/p>\n<blockquote><p>Die Ausstellung \u201eWorks in Progress\u201c bietet eine Bestandsaufnahme der aktuellen chinesischen Fotoszene in Echtzeit. Ausgestellt werden brandneue Arbeiten von 24 chinesischen Fotografen und K\u00fcnstlern, die zeitgleich in Museen und Kunsthallen in China pr\u00e4sentiert werden. Damit unterscheidet sich die Ausstellung von allen bisherigen \u00dcberblicksausstellungen zum Thema der zeitgen\u00f6ssischen chinesischen Fotografie.<\/p>\n<p>Schon seit \u00fcber zehn Jahren beobachtet die internationale Kunstwelt eine explosive Energie auf dem Feld der chinesischen Kunstfotografie. Diese Entwicklung ist gepr\u00e4gt durch lebhaftes Experimentieren, neue F\u00f6rderstrukturen und Fachkenntnisse, ein stetig zunehmendes Publikumsinteresse und eine neue Generation von Studenten, die begierig ist nach einem Austausch mit der internationalen Szene.<\/p><\/blockquote>\n<p>Mich haben einige K\u00fcnstler*innen sehr beeindruckt. W\u00e4re das Folkwang Museum &#8222;um die Ecke&#8220;, schon in der n\u00e4chsten Woche w\u00fcrde ich meinen Besuch wiederholen, denn ich bin ein langsamer Mensch. Ich will da noch mal gucken, und wer die Gelegenheit hat, sollte sich die Werke unbedingt ansehen und mir m\u00f6glichst seine oder ihre Meinung bzw. Eindr\u00fccke mitteilen.<\/p>\n","protected":false},"excerpt":{"rendered":"<p>Die letzte Woche sollte eigentlich eine chinesische Woche werden. Die Lesung von Marcus Hernig am Montag im Hallenberger Kump -&#8222;Chinas Bauch, Warum der Westen weniger denken muss, um den Osten &hellip; <a href=\"https:\/\/www.schiebener.net\/wordpress\/blogxit-wegen-grexit-mein-kopf-platzt-und-dabei-sollte-es-doch-eine-chinesische-woche-werden\/\" class=\"more-link\"><span class=\"screen-reader-text\">\u201e#Blogxit wegen #Grexit: mein Kopf platzt, und dabei sollte es doch eine chinesische Woche werden.\u201c <\/span>weiterlesen<\/a><\/p>\n","protected":false},"author":3,"featured_media":0,"comment_status":"open","ping_status":"open","sticky":false,"template":"","format":"standard","meta":{"footnotes":""},"categories":[218,174,533,3182,319,2489,674,854,80,24],"tags":[902,5750,1497,5779,5545,611,2710,5778],"class_list":["post-32999","post","type-post","status-publish","format-standard","hentry","category-bucher","category-dit-und-dat","category-europa","category-finanzen","category-geschichte","category-in-eigener-sache","category-kultur","category-kunst","category-lokales","category-politik","tag-china","tag-chinas-bauch","tag-essen","tag-folkwang-museum","tag-grexit","tag-hallenberg","tag-kump","tag-markus-hernig"],"_links":{"self":[{"href":"https:\/\/www.schiebener.net\/wordpress\/wp-json\/wp\/v2\/posts\/32999","targetHints":{"allow":["GET"]}}],"collection":[{"href":"https:\/\/www.schiebener.net\/wordpress\/wp-json\/wp\/v2\/posts"}],"about":[{"href":"https:\/\/www.schiebener.net\/wordpress\/wp-json\/wp\/v2\/types\/post"}],"author":[{"embeddable":true,"href":"https:\/\/www.schiebener.net\/wordpress\/wp-json\/wp\/v2\/users\/3"}],"replies":[{"embeddable":true,"href":"https:\/\/www.schiebener.net\/wordpress\/wp-json\/wp\/v2\/comments?post=32999"}],"version-history":[{"count":0,"href":"https:\/\/www.schiebener.net\/wordpress\/wp-json\/wp\/v2\/posts\/32999\/revisions"}],"wp:attachment":[{"href":"https:\/\/www.schiebener.net\/wordpress\/wp-json\/wp\/v2\/media?parent=32999"}],"wp:term":[{"taxonomy":"category","embeddable":true,"href":"https:\/\/www.schiebener.net\/wordpress\/wp-json\/wp\/v2\/categories?post=32999"},{"taxonomy":"post_tag","embeddable":true,"href":"https:\/\/www.schiebener.net\/wordpress\/wp-json\/wp\/v2\/tags?post=32999"}],"curies":[{"name":"wp","href":"https:\/\/api.w.org\/{rel}","templated":true}]}}