{"id":32863,"date":"2015-07-01T16:34:29","date_gmt":"2015-07-01T15:34:29","guid":{"rendered":"http:\/\/www.schiebener.net\/wordpress\/?p=32863"},"modified":"2015-07-01T17:27:13","modified_gmt":"2015-07-01T16:27:13","slug":"pressemitteilung-der-spd-suedwestfalen-zu-bollermann-entmachtung-verdienter-regierungspraesident-kaltgestellt","status":"publish","type":"post","link":"https:\/\/www.schiebener.net\/wordpress\/pressemitteilung-der-spd-suedwestfalen-zu-bollermann-entmachtung-verdienter-regierungspraesident-kaltgestellt\/","title":{"rendered":"Pressemitteilung der SPD S\u00fcdwestfalen zu &#8222;Bollermann-Entmachtung&#8220;: Verdienter Regierungspr\u00e4sident kaltgestellt"},"content":{"rendered":"<figure id=\"attachment_32864\" aria-describedby=\"caption-attachment-32864\" style=\"width: 221px\" class=\"wp-caption alignleft\"><img loading=\"lazy\" decoding=\"async\" class=\" wp-image-32864\" src=\"http:\/\/www.schiebener.net\/wordpress\/wp-content\/uploads\/2015\/07\/lt_2010-02-Schneider.jpg\" alt=\"Hans Walter Schneider, Vorsitzender der SPD-Regionalratsfraktion. (foto: spd)\" width=\"221\" height=\"332\" srcset=\"https:\/\/www.schiebener.net\/wordpress\/wp-content\/uploads\/2015\/07\/lt_2010-02-Schneider.jpg 320w, https:\/\/www.schiebener.net\/wordpress\/wp-content\/uploads\/2015\/07\/lt_2010-02-Schneider-200x300.jpg 200w\" sizes=\"auto, (max-width: 221px) 85vw, 221px\" \/><figcaption id=\"caption-attachment-32864\" class=\"wp-caption-text\">Hans Walter Schneider, Vorsitzender der SPD-Regionalratsfraktion. (foto: spd)<\/figcaption><\/figure>\n<p><strong>Arnsberg. (spd_pm) Mit gro\u00dfem Unverst\u00e4ndnis reagieren die SPD-Regionalratsfraktion und die SPD in S\u00fcdwestfalen auf die \u00fcberraschende Personalie aus dem Innenministerium. <\/strong><\/p>\n<p>Dr. Gerd Bollermann, allseits gesch\u00e4tzter Regierungspr\u00e4sident wurde nur zwei Monate vor seinem wohlverdienten Ruhestand von allen seinen Aufgaben entbunden \u2013 und das offensichtlich ohne Grund.<\/p>\n<p>\u201eSolch ein Vorgang ist ohne Beispiel in NRW und wir fragen uns, ob dieses Vorgehen juristisch wasserdicht ist und fragen auch, ob die f\u00fcr eine solche Ma\u00dfnahme notwendige Ressortabstimmung erfolgt ist\u201c, so Hans Walter Schneider, Vorsitzender der SPD-Regionalratsfraktion.<\/p>\n<p>\u201eDie Frage der Fl\u00fcchtlingsunterbringung hat nat\u00fcrlich Priorit\u00e4t. Das war im letzten Jahr ganz besonders bei Gerd Bollermann und seinem Vize Volker Milk zu sp\u00fcren\u201c, so Schneider; und weiter: \u201eDer Jahresurlaub mit der Familie ist ein ganz normaler Vorgang und nach einem solchen Jahr, wie es der Regierungspr\u00e4sident erlebt hat, wirklich verdient. Im \u00dcbrigen w\u00e4re die Vertretung mit dem Regierungsvizepr\u00e4sidenten Volker Milk gesichert gewesen.\u201c<\/p>\n<p>\u201eSowohl Regierungspr\u00e4sident Dr. Gerd Bollermann, als auch Regierungsvizepr\u00e4sident Volker Milk genie\u00dfen weiterhin unser volles Vertrauen, ebenso wie ihre Mitarbeiterinnen und Mitarbeiter\u201c, so Hans Walter Schneider und Willi Brase als Sprecher der SPD in S\u00fcdwestfalen abschlie\u00dfend.<\/p>\n<p><strong><em>Redaktioneller Anhang: Links zu weiteren Hintergr\u00fcnden und Informationen<\/em><\/strong><\/p>\n<blockquote class=\"twitter-tweet\" lang=\"de\">\n<p lang=\"de\" dir=\"ltr\">In Sache, Art &amp; Weise nicht nachzuvollziehen: Entmachtung d. <a href=\"https:\/\/twitter.com\/hashtag\/Bezirksregierung?src=hash\">#Bezirksregierung<\/a> <a href=\"https:\/\/twitter.com\/hashtag\/Arnsberg?src=hash\">#Arnsberg<\/a> u. d. erfolgreichen u. integren <a href=\"https:\/\/twitter.com\/hashtag\/RP?src=hash\">#RP<\/a> Dr. <a href=\"https:\/\/twitter.com\/hashtag\/Bollermann?src=hash\">#Bollermann<\/a><\/p>\n<p>&mdash; Hans-Josef Vogel (@bmArnsberg) <a href=\"https:\/\/twitter.com\/bmArnsberg\/status\/616256833330774016\">1. Juli 2015<\/a><\/p><\/blockquote>\n<p><script async src=\"\/\/platform.twitter.com\/widgets.js\" charset=\"utf-8\"><\/script><\/p>\n<p><a href=\"http:\/\/www1.wdr.de\/studio\/siegen\/themadestages\/bollermann-regierungspraesident-arnsberg-bezirksregierung-100.html\" target=\"_blank\">Wirbel um Arnsberger Regierungspr\u00e4sidenten: Landesregierung schickt Bollermann-Vertreter<\/a><\/p>\n<p><a href=\"http:\/\/www.derwesten.de\/staedte\/arnsberg\/regierungspraesident-kurz-vor-ruhestand-kalt-gestellt-id10836294.html\" target=\"_blank\">Arnsberg &#8211; Regierungspr\u00e4sident Bollermann kurz vor Ruhestand entmachtet<\/a><\/p>\n<p><a href=\"http:\/\/www.soester-anzeiger.de\/nordrhein-westfalen\/bezirksregierung-arnsberg-regierungspraesident-gerd-bollermann-macht-urlaub-5192278.html\" target=\"_blank\">Ersatz f\u00fcr Bollermann -Personal-\u00dcberraschung an Spitze der Bezirksregierung Arnsberg <\/a><br \/>\n<a href=\"http:\/\/www.derwesten.de\/staedte\/arnsberg\/regierungspraesident-kurz-vor-ruhestand-kalt-gestellt-id10836294.html\" target=\"_blank\">Arnsberg &#8211; Regierungspr\u00e4sident Bollermann kurz vor Ruhestand entmachtet<\/a><\/p>\n<p><a href=\"http:\/\/www.bild.de\/regional\/ruhrgebiet\/arnsberg\/verwirrung-um-regierungspraesidenten-41597280.bild.html\" target=\"_blank\">Wirbel um Regierungspr\u00e4sidenten von Arnsberg | Ist dieser Politiker entmachtet oder im Urlaub?<\/a><\/p>\n<p><a href=\"http:\/\/www.cdu-nrw-fraktion.de\/warum-wurde-bollermann-tatsaechlich-degradiert.html\" target=\"_blank\">Warum wurde Bollermann tats\u00e4chlich degradiert?<\/a><\/p>\n<blockquote class=\"twitter-tweet\" lang=\"de\">\n<p lang=\"de\" dir=\"ltr\">Mmh, das klingt f\u00fcr mich so, als ob ein S\u00fcndenbock gesucht wurde. &#10;<a href=\"http:\/\/t.co\/1hHxdt37Qi\">http:\/\/t.co\/1hHxdt37Qi<\/a><\/p>\n<p>&mdash; Maurus Runge (@pmaurus) <a href=\"https:\/\/twitter.com\/pmaurus\/status\/616202761416384512\">1. Juli 2015<\/a><\/p><\/blockquote>\n<p><script async src=\"\/\/platform.twitter.com\/widgets.js\" charset=\"utf-8\"><\/script><\/p>\n<p><a href=\"http:\/\/www.piratenfraktion-nrw.de\/2015\/07\/fluechtlingsaufnahme-das-grosse-stuehleruecken-beginnt\/\" target=\"_blank\">Fl\u00fcchtlingsaufnahme: Das gro\u00dfe St\u00fchler\u00fccken beginnt<\/a><\/p>\n","protected":false},"excerpt":{"rendered":"<p>Arnsberg. (spd_pm) Mit gro\u00dfem Unverst\u00e4ndnis reagieren die SPD-Regionalratsfraktion und die SPD in S\u00fcdwestfalen auf die \u00fcberraschende Personalie aus dem Innenministerium. Dr. Gerd Bollermann, allseits gesch\u00e4tzter Regierungspr\u00e4sident wurde nur zwei Monate &hellip; <a href=\"https:\/\/www.schiebener.net\/wordpress\/pressemitteilung-der-spd-suedwestfalen-zu-bollermann-entmachtung-verdienter-regierungspraesident-kaltgestellt\/\" class=\"more-link\"><span class=\"screen-reader-text\">\u201ePressemitteilung der SPD S\u00fcdwestfalen zu &#8222;Bollermann-Entmachtung&#8220;: Verdienter Regierungspr\u00e4sident kaltgestellt\u201c <\/span>weiterlesen<\/a><\/p>\n","protected":false},"author":17,"featured_media":0,"comment_status":"open","ping_status":"open","sticky":false,"template":"","format":"standard","meta":{"footnotes":""},"categories":[303,80,24,1043],"tags":[5747,1337,655,5748,5677],"class_list":["post-32863","post","type-post","status-publish","format-standard","hentry","category-in-unserem-briefkasten","category-lokales","category-politik","category-pressemitteilungen","tag-gerd-bollermann","tag-hans-walter-schneider","tag-pressemitteilung","tag-spd-suedwestfalen","tag-spd-regionalratsfraktion"],"_links":{"self":[{"href":"https:\/\/www.schiebener.net\/wordpress\/wp-json\/wp\/v2\/posts\/32863","targetHints":{"allow":["GET"]}}],"collection":[{"href":"https:\/\/www.schiebener.net\/wordpress\/wp-json\/wp\/v2\/posts"}],"about":[{"href":"https:\/\/www.schiebener.net\/wordpress\/wp-json\/wp\/v2\/types\/post"}],"author":[{"embeddable":true,"href":"https:\/\/www.schiebener.net\/wordpress\/wp-json\/wp\/v2\/users\/17"}],"replies":[{"embeddable":true,"href":"https:\/\/www.schiebener.net\/wordpress\/wp-json\/wp\/v2\/comments?post=32863"}],"version-history":[{"count":0,"href":"https:\/\/www.schiebener.net\/wordpress\/wp-json\/wp\/v2\/posts\/32863\/revisions"}],"wp:attachment":[{"href":"https:\/\/www.schiebener.net\/wordpress\/wp-json\/wp\/v2\/media?parent=32863"}],"wp:term":[{"taxonomy":"category","embeddable":true,"href":"https:\/\/www.schiebener.net\/wordpress\/wp-json\/wp\/v2\/categories?post=32863"},{"taxonomy":"post_tag","embeddable":true,"href":"https:\/\/www.schiebener.net\/wordpress\/wp-json\/wp\/v2\/tags?post=32863"}],"curies":[{"name":"wp","href":"https:\/\/api.w.org\/{rel}","templated":true}]}}