{"id":32817,"date":"2015-06-24T10:54:42","date_gmt":"2015-06-24T09:54:42","guid":{"rendered":"http:\/\/www.schiebener.net\/wordpress\/?p=32817"},"modified":"2015-06-24T10:59:04","modified_gmt":"2015-06-24T09:59:04","slug":"piraten-pm-erfolg-fuer-lukas-lamla-freifunk-bald-in-ganz-nrw","status":"publish","type":"post","link":"https:\/\/www.schiebener.net\/wordpress\/piraten-pm-erfolg-fuer-lukas-lamla-freifunk-bald-in-ganz-nrw\/","title":{"rendered":"Piraten-PM: Erfolg f\u00fcr Lukas Lamla &#8211; Freifunk bald in ganz NRW"},"content":{"rendered":"<figure id=\"attachment_32818\" aria-describedby=\"caption-attachment-32818\" style=\"width: 400px\" class=\"wp-caption aligncenter\"><img loading=\"lazy\" decoding=\"async\" class=\"wp-image-32818 size-full\" src=\"http:\/\/www.schiebener.net\/wordpress\/wp-content\/uploads\/2015\/06\/Lamla2012.jpg\" alt=\"Lukas Lamla am Rednerpult im Plenarsaal (foto:  Bildarchiv des Landtags Nordrhein-Westfalen - Bernd Sch\u00e4lte 2012)\" width=\"400\" height=\"267\" srcset=\"https:\/\/www.schiebener.net\/wordpress\/wp-content\/uploads\/2015\/06\/Lamla2012.jpg 400w, https:\/\/www.schiebener.net\/wordpress\/wp-content\/uploads\/2015\/06\/Lamla2012-300x200.jpg 300w\" sizes=\"auto, (max-width: 400px) 85vw, 400px\" \/><figcaption id=\"caption-attachment-32818\" class=\"wp-caption-text\">Lukas Lamla am Rednerpult im Plenarsaal, hier bei der Zweiten Lesung zum Haushaltsgesetz 2012 (foto: Bernd Sch\u00e4lte, 2012 &#8211; Bildarchiv des Landtags Nordrhein-Westfalen )<\/figcaption><\/figure>\n<p><strong>Arnsberg. (<a href=\"http:\/\/piratenpartei-hsk.de\/erfolg-fuer-lukas-lamla-freifunk-bald-in-ganz-nrw\/\" target=\"_blank\">piraten_pm<\/a>) Am Donnerstag, den 25.06.2015, wird im D\u00fcsseldorfer Landtag der Antrag \u201eFreifunk in Nordrhein- Westfalen: B\u00fcrgernetze ausbauen und weiter st\u00e4rken!\u201c[1] voraussichtlich mit gro\u00dfer Mehrheit angenommen.<\/strong><\/p>\n<p>Damit setzt sich Lukas Lamla mit seiner Initiative nun endg\u00fcltig auf Landesebene durch. Lamla ist als Landtagsabgeordneter der PIRATEN Wahlkreispate f\u00fcr den Hochsauerlandkreis.<\/p>\n<p>Lukas Lamla ist bereits seit \u00fcber 6 Jahren aktiver Freifunker und trieb Freifunk landesweit in vielen Kommunen voran.<\/p>\n<p>Die Stadt Arnsberg versorgte als erste Kommune in NRW ihre Altstadt komplett mit Freifunk. Auch hier war Lamla aktiv an dem Prozess beteiligt[2]. Es gab mehrere Treffen mit Freifunkern vor Ort, dem Verkehrsverein Arnsberg und dem B\u00fcrgermeister der Stadt Hans Josef Vogel. \u201eHerr Vogel ist ein sehr innovativ denkender Mensch und Neuem gegen\u00fcber sehr aufgeschlossen. Gerade deshalb ist Arnsberg zu der Vorzeigekommune f\u00fcr Freifunk geworden und war mir in meiner weiteren Arbeit der Schl\u00fcssel f\u00fcr viele T\u00fcren. Daf\u00fcr bin ich Herrn Vogel sehr dankbar,\u201c res\u00fcmiert Lamla.<\/p>\n<p><iframe loading=\"lazy\" width=\"560\" height=\"315\" src=\"https:\/\/www.youtube.com\/embed\/_PQnAyXpTNw\" frameborder=\"0\" allowfullscreen><\/iframe><\/p>\n<p>Im Landtag startete die Piratenfraktion auf Bestreben von Lukas Lamla bereits im Oktober 2014 eine parlamentarische Initiative um das Thema auf die landespolitische B\u00fchne zu bringen. Anschlie\u00dfend begann f\u00fcr Lamla die Arbeit hinter den Kulissen. Er \u00fcberzeugte Vertreter von SPD und B\u00fcndnis 90\/DIE GR\u00dcNEN von diesem Vorhaben und brachte aus der Opposition heraus einen neuen gemeinsamen Antrag ins Spiel.<\/p>\n<p>\u201eEs war ein langer und anstrengender Weg, aber das Ergebnis hat sich gelohnt,\u201c freut sich Lamla. \u201eMit Freifunk nehmen die Menschen ihre Internetversorgung und Kommunikationsinfrastruktur selbst in die Hand. Es beginnt ein Zeitalter der Internetinfrastruktur frei von kommerziellen oder staatlichen Interessen.\u201c<\/p>\n<p>\u201eDie Zustimmung des Landtages Freifunk zu f\u00f6rdern wird hoffentlich vielen Kommunen die Angst vor diesem noch recht neuen Thema nehmen und uns so den Aufbau des Freifunk-Netzes erleichtern,\u201c so Florian Otto, ebenfalls Pirat und aktiver Freifunker aus Brilon.<\/p>\n<p>Daniel Wagner, Stadtratsmitglied in Arnsberg und Sprecher der PIRATEN im Hochsauerlandkreis ist optimistisch: \u201eAuch in Arnsberg werden wir aller Voraussicht nach einen Antrag zum Freifunk nach der Sommerpause mit breiter Mehrheit beschlie\u00dfen. Damit gehen das Land NRW und Arnsberg einen innovativen Weg. Das ist ein klarer Erfolg der PIRATEN.\u201c<\/p>\n<p>&#8212;<\/p>\n<p>[1] Link zum Antrag<br \/>\n<a class=\"ulink\" href=\"http:\/\/www.landtag.nrw.de\/portal\/WWW\/dokumentenarchiv\/Dokument\/MMD16-8970.pdf\" target=\"_blank\">http:\/\/www.landtag.nrw.de\/portal\/WWW\/dokumentenarchiv\/Dokument\/MMD16-8970.pdf<\/a><br \/>\n[2] Videolink Besuch von Lukas Lamla beim B\u00fcrgermeister von Arnsberg<br \/>\n<a class=\"ulink\" href=\"https:\/\/www.youtube.com\/watch?v=_PQnAyXpTNw\" target=\"_blank\">https:\/\/www.youtube.com\/watch?v=_PQnAyXpTNw<\/a><\/p>\n","protected":false},"excerpt":{"rendered":"<p>Arnsberg. (piraten_pm) Am Donnerstag, den 25.06.2015, wird im D\u00fcsseldorfer Landtag der Antrag \u201eFreifunk in Nordrhein- Westfalen: B\u00fcrgernetze ausbauen und weiter st\u00e4rken!\u201c[1] voraussichtlich mit gro\u00dfer Mehrheit angenommen. Damit setzt sich Lukas &hellip; <a href=\"https:\/\/www.schiebener.net\/wordpress\/piraten-pm-erfolg-fuer-lukas-lamla-freifunk-bald-in-ganz-nrw\/\" class=\"more-link\"><span class=\"screen-reader-text\">\u201ePiraten-PM: Erfolg f\u00fcr Lukas Lamla &#8211; Freifunk bald in ganz NRW\u201c <\/span>weiterlesen<\/a><\/p>\n","protected":false},"author":17,"featured_media":0,"comment_status":"open","ping_status":"open","sticky":false,"template":"","format":"standard","meta":{"footnotes":""},"categories":[303,80,32,24,1043],"tags":[4675,5736,4432],"class_list":["post-32817","post","type-post","status-publish","format-standard","hentry","category-in-unserem-briefkasten","category-lokales","category-medien","category-politik","category-pressemitteilungen","tag-freifunk","tag-lukas-lamla","tag-piratenpartei-hsk"],"_links":{"self":[{"href":"https:\/\/www.schiebener.net\/wordpress\/wp-json\/wp\/v2\/posts\/32817","targetHints":{"allow":["GET"]}}],"collection":[{"href":"https:\/\/www.schiebener.net\/wordpress\/wp-json\/wp\/v2\/posts"}],"about":[{"href":"https:\/\/www.schiebener.net\/wordpress\/wp-json\/wp\/v2\/types\/post"}],"author":[{"embeddable":true,"href":"https:\/\/www.schiebener.net\/wordpress\/wp-json\/wp\/v2\/users\/17"}],"replies":[{"embeddable":true,"href":"https:\/\/www.schiebener.net\/wordpress\/wp-json\/wp\/v2\/comments?post=32817"}],"version-history":[{"count":0,"href":"https:\/\/www.schiebener.net\/wordpress\/wp-json\/wp\/v2\/posts\/32817\/revisions"}],"wp:attachment":[{"href":"https:\/\/www.schiebener.net\/wordpress\/wp-json\/wp\/v2\/media?parent=32817"}],"wp:term":[{"taxonomy":"category","embeddable":true,"href":"https:\/\/www.schiebener.net\/wordpress\/wp-json\/wp\/v2\/categories?post=32817"},{"taxonomy":"post_tag","embeddable":true,"href":"https:\/\/www.schiebener.net\/wordpress\/wp-json\/wp\/v2\/tags?post=32817"}],"curies":[{"name":"wp","href":"https:\/\/api.w.org\/{rel}","templated":true}]}}