{"id":32705,"date":"2015-06-13T22:07:47","date_gmt":"2015-06-13T21:07:47","guid":{"rendered":"http:\/\/www.schiebener.net\/wordpress\/?p=32705"},"modified":"2015-06-14T06:30:43","modified_gmt":"2015-06-14T05:30:43","slug":"leader-europaeische-union-foerdert-esoterisches-runen-projekt-in-zueschen","status":"publish","type":"post","link":"https:\/\/www.schiebener.net\/wordpress\/leader-europaeische-union-foerdert-esoterisches-runen-projekt-in-zueschen\/","title":{"rendered":"LEADER: Europ\u00e4ische Union f\u00f6rdert esoterisches Runen-Projekt in Z\u00fcschen."},"content":{"rendered":"<figure id=\"attachment_32709\" aria-describedby=\"caption-attachment-32709\" style=\"width: 600px\" class=\"wp-caption aligncenter\"><img loading=\"lazy\" decoding=\"async\" class=\"size-full wp-image-32709\" src=\"http:\/\/www.schiebener.net\/wordpress\/wp-content\/uploads\/2015\/06\/Runen2015061304.jpg\" alt=\"Das Tor zur esoterischen Phantasiewelt in Z\u00fcschen. (fotos: zoom)\" width=\"600\" height=\"542\" srcset=\"https:\/\/www.schiebener.net\/wordpress\/wp-content\/uploads\/2015\/06\/Runen2015061304.jpg 600w, https:\/\/www.schiebener.net\/wordpress\/wp-content\/uploads\/2015\/06\/Runen2015061304-300x271.jpg 300w\" sizes=\"auto, (max-width: 709px) 85vw, (max-width: 909px) 67vw, (max-width: 984px) 61vw, (max-width: 1362px) 45vw, 600px\" \/><figcaption id=\"caption-attachment-32709\" class=\"wp-caption-text\">Das Tor zur esoterischen Phantasiewelt in Z\u00fcschen. (fotos: zoom)<\/figcaption><\/figure>\n<p><strong>Bereits im August 2013 hatte ich kurz und lapidar \u00fcber das <a href=\"http:\/\/www.schiebener.net\/wordpress\/kurz-gebloggt-was-ist-denn-da-in-zueschen-los-runen-geraune-als-tourismuskonzept\/\" target=\"_blank\">Runen-Projekt im Winterberger Ortsteil Z\u00fcschen berichtet<\/a>. Meine Einsch\u00e4tzung damals: esoterisch, unwissenschaftlich. Z\u00fcschen k\u00f6nnte zu einem Wallfahrtsort f\u00fcr neue und alte Rechte werden[1].<\/strong><\/p>\n<p>Am n\u00e4chsten Wochenende, dem 20.\/21. Juni 2015 findet die &#8222;Einweihung des kulturhistorisch bedeutenden Nuhne-Ursprungs&#8220; statt. Und wieder wird geraunt, was das Zeug h\u00e4lt:<\/p>\n<blockquote><p>\u00c4hnlich wie bei dem Zusammenfluss von Fulda und Werra bei Hannoversch M\u00fcnden entsteht bei dem Aufeinandertreffen der B\u00e4che Sonneborn und Ahre in Z\u00fcschen ein neuer Fluss &#8211; die Nuhne . Diesen Zusammenfl\u00fcssen werden seit jeher mythische Kr\u00e4fte nachgesagt. So sollen es in Z\u00fcschen bereits Menschen der Stein- und Germanenzeit gewesen sein, welche die Energie dieses Ortes erkannt und sich dort niedergelassen haben, wohl weil sie in dem Bergh\u00fcgel, der sich aus den zwei Fl\u00fcssen Ahre und Sonneborn emporhebt, das Heiligtum ihrer G\u00f6tter vermutet haben.<\/p>\n<p>Nachdem der Nuhneursprung lange Jahre in Vergessenheit geraten war, wurde dieser Ort nun mit Mitteln von LEADER, des Verkehrs- und Heimatvereins und der Stadt Winterberg sowie einer privaten Stiftung von H. Dolce-Leber zu neuem spirituellen Leben erweckt.<\/p><\/blockquote>\n<p>Die Herleitung ist in keinster Weise wissenschaftlich belegt und zeigt den Wunsch als Vater der verschwurbelten Runen-Gedanken. Die Frage ist nur, aus welchen Gr\u00fcnden sich das kleine Z\u00fcschen in die Zeit der germanischen G\u00f6tter und Symbole zur\u00fccktr\u00e4umt.<\/p>\n<figure id=\"attachment_32710\" aria-describedby=\"caption-attachment-32710\" style=\"width: 600px\" class=\"wp-caption aligncenter\"><img loading=\"lazy\" decoding=\"async\" class=\"size-full wp-image-32710\" src=\"http:\/\/www.schiebener.net\/wordpress\/wp-content\/uploads\/2015\/06\/Runen2015061302.jpg\" alt=\"Wer an einem Zusammenfluss Runen sehen will, der sieht eben Runen. \" width=\"600\" height=\"800\" srcset=\"https:\/\/www.schiebener.net\/wordpress\/wp-content\/uploads\/2015\/06\/Runen2015061302.jpg 600w, https:\/\/www.schiebener.net\/wordpress\/wp-content\/uploads\/2015\/06\/Runen2015061302-225x300.jpg 225w\" sizes=\"auto, (max-width: 709px) 85vw, (max-width: 909px) 67vw, (max-width: 984px) 61vw, (max-width: 1362px) 45vw, 600px\" \/><figcaption id=\"caption-attachment-32710\" class=\"wp-caption-text\">Wer an einem Zusammenfluss Runen sehen will, der sieht eben Runen.<\/figcaption><\/figure>\n<p><a href=\"http:\/\/www.ortszeitungen.de\/rmp\/DxMLW?Template=.\/Templates\/idx.tpl&amp;Ort=29&amp;Rubrik=1000011&amp;Art=2463078\" target=\"_blank\">Im Mitteilungsblatt der Stadt Winterberg<\/a> wird der Zusammenfluss von Ahre und Sonneborn gar als &#8222;Er\u00f6ffnung des mythischen Kraftorts &#8218;Nuhneursprung'&#8220; bezeichnet.<\/p>\n<p>Wie falsch die Z\u00fcscher liegen, zeigt ein <a href=\"http:\/\/www.eurasischesmagazin.de\/artikel\/leserbriefe.asp?artikelID=20040312\" target=\"_blank\">Leserbrief von Walter Peis auf einen Artikel von Prof. Dr. J\u00fcrgen Udolph im Jahr 2014 und die Abfuhr<\/a>, die er sich vom f\u00fchrenden Namensforscher im deutschen Raum zuzog (Hervorhebungen von mir).<\/p>\n<blockquote><p>Walter Peis schrieb:<br \/>\nWas bedeuten die Flussnamen &#8222;Sonneborn&#8220; und &#8222;Odeborn&#8220;, da diese Namen, <strong>neben einer Vielzahl anderer gefundener G\u00f6tternamen im Gemeindegebiet von Z\u00fcschen<\/strong> (Tiusscena, 793)miteinander in Verbindung stehen m\u00fcssen. Sie stehen wahrscheinlich auch mit dem dort, <strong>mittels einer j\u00fcngst durchgef\u00fchrten geometrischen Vermessung<\/strong>, entdeckten altgermanischen Runenzeichen f\u00fcr den Wortlaut Z in Verbindung.<br \/>\nDarf ich auf Ihre Hilfe hoffen?<br \/>\nMit freundlichen Gr\u00fc\u00dfen<br \/>\nW. Peis. Z\u00fcschen (NRW)<\/p><\/blockquote>\n<p>Die Antwort ist f\u00fcr die Z\u00fcscher Esoteriker ern\u00fcchternd (Hervorhebungen von mir).<\/p>\n<blockquote><p>DAZU SCHREIBT UNS HERR PROF. DR. J. UDOLPH:<\/p>\n<p>Sehr geehrter Herr Peis,<\/p>\n<p>hier meine Meinung zu Ihrem Leserbrief:<\/p>\n<p>1.) <strong>Da\u00df man mit Hilfe von geometrischen Vermessungen altgermanische Runenzeichen entdecken kann, ist h\u00f6chst zweifelhaft.<\/strong> Geometrie und Ortsnamen zu kombinieren, wird zwar immer wieder versucht, ist aber noch niemals wirklich gegl\u00fcckt. Ich bin da \u00e4u\u00dferst skeptisch.<\/p>\n<p>2.) Den ON. Z\u00fcschen erkl\u00e4rt schon E. F\u00f6rstemann, Altdeutsches Namenbuch, Bd. 2: Orts- und sonstige geographische Namen, 2. H\u00e4lfte, hrsg. von H. Jellinghaus, Bonn 1916, Sp. 1016 recht \u00fcberzeugend in Verbindung mit T\u00fcschen bei Mettmann und Z\u00fcschen (Waldeck) aus alts\u00e4chsisch twisk, ahd. zwisk(i), altfries. twiska, ndt. t\u00fcschen \u201ezwischen, dazwischen (gelegen)\u201c.<\/p>\n<p>3.) Bei Orts- und Flu\u00dfnamen ist grunds\u00e4tzlich von \u00e4lteren Formen auszugehen. Einen Namen aus einer heutigen Form heraus zu erkl\u00e4ren, ist verp\u00f6nt. Sehr gute \u00e4ltere Formen f\u00fcr den Gew\u00e4ssernamen Odeborn und vor allem f\u00fcr den W\u00fcstungsnamen Odeborn bietet R. Sperber, Die Nebenfl\u00fcsse von Werra und Fulda bis zum Zusammenflu\u00df (= Hydronymia Germaniae A 5), Wiesbaden 1966, S. 78f., darunter 1258 Adenborn u.\u00e4. Daraus geht hervor, da\u00df der ON. im ersten Teil, dem Bestimmungswort, einen schwach flektierenden m\u00e4nnlichen Personennamen enth\u00e4lt. <strong>Das Grundwort ist nat\u00fcrlich \u2013born \u201eQuelle\u201c<\/strong>.<\/p>\n<p>Zu Sonneborn habe ich keine \u00e4lteren Formen gefunden, aber der Name besitzt etliche Parallelen (s. H. Jellinghaus, Die westf\u00e4lischen Ortsnamen nach ihren Grundw\u00f6rtern, 3. Aufl., Osnabr\u00fcck 1923, S. 33). <strong>Es d\u00fcrfte sich um eine in der Sonne oder nach S\u00fcden gelegene Quelle handeln.<br \/>\n<\/strong><br \/>\n4.) <strong>G\u00f6tternamen in Ortsnamen kann man finden, aber wohl kaum geh\u00e4uft.<\/strong> Zu diesem Thema hier einige Literaturhinweise: &#8230;<\/p><\/blockquote>\n<p>Peinlich finde ich das Verhalten der beiden christlichen Kirchen:<\/p>\n<blockquote><p>Nach den Begr\u00fc\u00dfungen und der Segnung des Nuhne-Ursprungs durch die Geistlichkeit &#8230;<\/p><\/blockquote>\n<p>Noch einmal bis zum Beweis des Gegenteils: Der Zusammenfluss der beiden Fl\u00fcsschen zur Nuhne hat KEINE kulturhistorische Bedeutung, sondern ist herbeiphantasiert.<\/p>\n<figure id=\"attachment_32711\" aria-describedby=\"caption-attachment-32711\" style=\"width: 600px\" class=\"wp-caption aligncenter\"><img loading=\"lazy\" decoding=\"async\" class=\"size-full wp-image-32711\" src=\"http:\/\/www.schiebener.net\/wordpress\/wp-content\/uploads\/2015\/06\/Runen2015061301.jpg\" alt=\"Finanzierungsquellen sind immer gut.\" width=\"600\" height=\"431\" srcset=\"https:\/\/www.schiebener.net\/wordpress\/wp-content\/uploads\/2015\/06\/Runen2015061301.jpg 600w, https:\/\/www.schiebener.net\/wordpress\/wp-content\/uploads\/2015\/06\/Runen2015061301-300x216.jpg 300w\" sizes=\"auto, (max-width: 709px) 85vw, (max-width: 909px) 67vw, (max-width: 984px) 61vw, (max-width: 1362px) 45vw, 600px\" \/><figcaption id=\"caption-attachment-32711\" class=\"wp-caption-text\">Finanzierungsquellen sind immer gut.<\/figcaption><\/figure>\n<p>Finanziert werden diese Eskapaden unter anderem vom europ\u00e4ischen <a href=\"http:\/\/www.standort-winterberg.de\/Stadtmarketing\/Dorfentwicklung\/Leader\" target=\"_blank\">LEADER Projekt<\/a>.<\/p>\n<p><em>[1] Zur Bedeutung der Yr-Rune bei Nazis und Neonazis:<\/em><br \/>\n<em> <a href=\"http:\/\/www.netz-gegen-nazis.de\/lexikontext\/die-yr-rune\" target=\"_blank\">http:\/\/www.netz-gegen-nazis.de\/lexikontext\/die-yr-rune<\/a><\/em><\/p>\n","protected":false},"excerpt":{"rendered":"<p>Bereits im August 2013 hatte ich kurz und lapidar \u00fcber das Runen-Projekt im Winterberger Ortsteil Z\u00fcschen berichtet. Meine Einsch\u00e4tzung damals: esoterisch, unwissenschaftlich. Z\u00fcschen k\u00f6nnte zu einem Wallfahrtsort f\u00fcr neue und &hellip; <a href=\"https:\/\/www.schiebener.net\/wordpress\/leader-europaeische-union-foerdert-esoterisches-runen-projekt-in-zueschen\/\" class=\"more-link\"><span class=\"screen-reader-text\">\u201eLEADER: Europ\u00e4ische Union f\u00f6rdert esoterisches Runen-Projekt in Z\u00fcschen.\u201c <\/span>weiterlesen<\/a><\/p>\n","protected":false},"author":3,"featured_media":0,"comment_status":"open","ping_status":"open","sticky":false,"template":"","format":"standard","meta":{"footnotes":""},"categories":[319,80,49,524],"tags":[2759,2125,4507,1680],"class_list":["post-32705","post","type-post","status-publish","format-standard","hentry","category-geschichte","category-lokales","category-religion","category-unirdisches","tag-esoterik","tag-leader","tag-runen","tag-zuschen"],"_links":{"self":[{"href":"https:\/\/www.schiebener.net\/wordpress\/wp-json\/wp\/v2\/posts\/32705","targetHints":{"allow":["GET"]}}],"collection":[{"href":"https:\/\/www.schiebener.net\/wordpress\/wp-json\/wp\/v2\/posts"}],"about":[{"href":"https:\/\/www.schiebener.net\/wordpress\/wp-json\/wp\/v2\/types\/post"}],"author":[{"embeddable":true,"href":"https:\/\/www.schiebener.net\/wordpress\/wp-json\/wp\/v2\/users\/3"}],"replies":[{"embeddable":true,"href":"https:\/\/www.schiebener.net\/wordpress\/wp-json\/wp\/v2\/comments?post=32705"}],"version-history":[{"count":0,"href":"https:\/\/www.schiebener.net\/wordpress\/wp-json\/wp\/v2\/posts\/32705\/revisions"}],"wp:attachment":[{"href":"https:\/\/www.schiebener.net\/wordpress\/wp-json\/wp\/v2\/media?parent=32705"}],"wp:term":[{"taxonomy":"category","embeddable":true,"href":"https:\/\/www.schiebener.net\/wordpress\/wp-json\/wp\/v2\/categories?post=32705"},{"taxonomy":"post_tag","embeddable":true,"href":"https:\/\/www.schiebener.net\/wordpress\/wp-json\/wp\/v2\/tags?post=32705"}],"curies":[{"name":"wp","href":"https:\/\/api.w.org\/{rel}","templated":true}]}}