{"id":3252,"date":"2009-05-13T22:22:17","date_gmt":"2009-05-13T21:22:17","guid":{"rendered":"http:\/\/www.schiebener.net\/wordpress\/?p=3252"},"modified":"2009-05-14T16:04:11","modified_gmt":"2009-05-14T15:04:11","slug":"barbara-sommer-sie-kam-sah-und-wurde-nicht-gesehen-theater-ohne-publikum","status":"publish","type":"post","link":"https:\/\/www.schiebener.net\/wordpress\/barbara-sommer-sie-kam-sah-und-wurde-nicht-gesehen-theater-ohne-publikum\/","title":{"rendered":"Barbara Sommer: Sie kam, sah und wurde nicht gesehen. Theater ohne Publikum?!"},"content":{"rendered":"<figure id=\"attachment_111\" aria-describedby=\"caption-attachment-111\" style=\"width: 210px\" class=\"wp-caption alignleft\"><img loading=\"lazy\" decoding=\"async\" class=\"size-full wp-image-111\" title=\"Barbara Sommer - Schulministerin\" src=\"http:\/\/www.schiebener.net\/wordpress\/wp-content\/uploads\/2008\/09\/ministerinimarbeitszimmer-vorschau.jpg\" alt=\"Barbara Sommer - Schulministerin, heute in Siedlinghausen.\" width=\"210\" height=\"210\" srcset=\"https:\/\/www.schiebener.net\/wordpress\/wp-content\/uploads\/2008\/09\/ministerinimarbeitszimmer-vorschau.jpg 210w, https:\/\/www.schiebener.net\/wordpress\/wp-content\/uploads\/2008\/09\/ministerinimarbeitszimmer-vorschau-150x150.jpg 150w\" sizes=\"auto, (max-width: 210px) 85vw, 210px\" \/><figcaption id=\"caption-attachment-111\" class=\"wp-caption-text\">Barbara Sommer - Schulministerin. So sieht sie sich offiziell.<\/figcaption><\/figure>\n<p>Merkw\u00fcrdig ist es schon.<\/p>\n<p>Da kommt eine Schulministerin in einen Ort im Hochsauerland. Ihr Besuch findet am Morgen statt,  die allgemeine \u00d6ffentlichkeit bekommt nichts mit, und am Schluss gibt es einen Pressebericht \u00fcber d\u00fcrre Aussagen und die Anwesenheit der Ortsprominenz. Ich wei\u00df nicht, was das soll.<\/p>\n<p>Wenn eine Ministerin in einen kleinen Ort kommt, dann muss man doch als Partei der Ministerin etwas daraus machen. Eine Veranstaltung, auf der die Ministerin ihr Wirken darstellt und mit den B\u00fcrgern, die hier doch so selten eine Ministerin sehen, \u00fcber Schulpolitik diskutieren.<\/p>\n<p>Warum kommt und geht sie ebenso sang- und klanglos wie <a href=\"http:\/\/www.schiebener.net\/wordpress\/?p=959\" target=\"_blank\">damals schon<\/a> in Medebach?<\/p>\n<p>Hauptsache ein <a href=\"http:\/\/www.derwesten.de\/nachrichten\/staedte\/winterberg\/2009\/5\/13\/news-119699233\/detail.html\" target=\"_blank\">Medien-Echo f\u00fcr&#8217;s Portfolio der Eingeweihten<\/a>.<\/p>\n<p>Schade. Mein Transparent war schon fertig:<\/p>\n<h3><em>Willkommen in der Sommerfrische Siedlinghausen!<\/em><\/h3>\n<p>Jetzt kann ich es wegwerfen, denn beim n\u00e4chsten Mal wird Barbara Sommer nicht mehr als Ministerin ins Sauerland kommen.<\/p>\n<p>Ich vermute zudem: Barbara Sommer ist im Wahlkampf kein Trumpf f\u00fcr ihre Partei, sondern eine Lusche, die man besser nicht mehr ausspielt.<\/p>\n","protected":false},"excerpt":{"rendered":"<p>Merkw\u00fcrdig ist es schon. Da kommt eine Schulministerin in einen Ort im Hochsauerland. Ihr Besuch findet am Morgen statt, die allgemeine \u00d6ffentlichkeit bekommt nichts mit, und am Schluss gibt es &hellip; <a href=\"https:\/\/www.schiebener.net\/wordpress\/barbara-sommer-sie-kam-sah-und-wurde-nicht-gesehen-theater-ohne-publikum\/\" class=\"more-link\"><span class=\"screen-reader-text\">\u201eBarbara Sommer: Sie kam, sah und wurde nicht gesehen. Theater ohne Publikum?!\u201c <\/span>weiterlesen<\/a><\/p>\n","protected":false},"author":3,"featured_media":0,"comment_status":"open","ping_status":"open","sticky":false,"template":"","format":"standard","meta":{"footnotes":""},"categories":[3,80],"tags":[502,111],"class_list":["post-3252","post","type-post","status-publish","format-standard","hentry","category-bildung-und-schule","category-lokales","tag-hauptschule","tag-siedlinghausen"],"_links":{"self":[{"href":"https:\/\/www.schiebener.net\/wordpress\/wp-json\/wp\/v2\/posts\/3252","targetHints":{"allow":["GET"]}}],"collection":[{"href":"https:\/\/www.schiebener.net\/wordpress\/wp-json\/wp\/v2\/posts"}],"about":[{"href":"https:\/\/www.schiebener.net\/wordpress\/wp-json\/wp\/v2\/types\/post"}],"author":[{"embeddable":true,"href":"https:\/\/www.schiebener.net\/wordpress\/wp-json\/wp\/v2\/users\/3"}],"replies":[{"embeddable":true,"href":"https:\/\/www.schiebener.net\/wordpress\/wp-json\/wp\/v2\/comments?post=3252"}],"version-history":[{"count":0,"href":"https:\/\/www.schiebener.net\/wordpress\/wp-json\/wp\/v2\/posts\/3252\/revisions"}],"wp:attachment":[{"href":"https:\/\/www.schiebener.net\/wordpress\/wp-json\/wp\/v2\/media?parent=3252"}],"wp:term":[{"taxonomy":"category","embeddable":true,"href":"https:\/\/www.schiebener.net\/wordpress\/wp-json\/wp\/v2\/categories?post=3252"},{"taxonomy":"post_tag","embeddable":true,"href":"https:\/\/www.schiebener.net\/wordpress\/wp-json\/wp\/v2\/tags?post=3252"}],"curies":[{"name":"wp","href":"https:\/\/api.w.org\/{rel}","templated":true}]}}