{"id":32476,"date":"2015-05-21T21:23:29","date_gmt":"2015-05-21T20:23:29","guid":{"rendered":"http:\/\/www.schiebener.net\/wordpress\/?p=32476"},"modified":"2015-06-11T21:40:44","modified_gmt":"2015-06-11T20:40:44","slug":"lokalgeschichte-1979-es-knallt-in-der-winterberger-spd-die-brennessel-wird-parteilos","status":"publish","type":"post","link":"https:\/\/www.schiebener.net\/wordpress\/lokalgeschichte-1979-es-knallt-in-der-winterberger-spd-die-brennessel-wird-parteilos\/","title":{"rendered":"Lokalgeschichte 1979: es knallt in der Winterberger SPD. Die &#8222;Brennessel&#8220; wird parteilos."},"content":{"rendered":"<figure id=\"attachment_32477\" aria-describedby=\"caption-attachment-32477\" style=\"width: 640px\" class=\"wp-caption aligncenter\"><a href=\"http:\/\/www.schiebener.net\/wordpress\/wp-content\/uploads\/2015\/05\/Seite01.jpg\" target=\"_blank\"><img loading=\"lazy\" decoding=\"async\" class=\"size-full wp-image-32477\" src=\"http:\/\/www.schiebener.net\/wordpress\/wp-content\/uploads\/2015\/05\/Seite01.jpg\" alt=\"Die Erkl\u00e4rung des Austritts von mehr als 30 SPD-Genossen\/Genossinen(?) aus der Winterberger SPD aus Sicht der &quot;Brennessel&quot;. (scan: zoom)\" width=\"640\" height=\"960\" srcset=\"https:\/\/www.schiebener.net\/wordpress\/wp-content\/uploads\/2015\/05\/Seite01.jpg 640w, https:\/\/www.schiebener.net\/wordpress\/wp-content\/uploads\/2015\/05\/Seite01-200x300.jpg 200w\" sizes=\"auto, (max-width: 709px) 85vw, (max-width: 909px) 67vw, (max-width: 984px) 61vw, (max-width: 1362px) 45vw, 600px\" \/><\/a><figcaption id=\"caption-attachment-32477\" class=\"wp-caption-text\">Die Erkl\u00e4rung des Austritts von mehr als 30 SPD-Genossen\/Genossinen(?) aus der Winterberger SPD aus Sicht der &#8222;Brennessel&#8220;. (scan: zoom)<\/figcaption><\/figure>\n<p><strong>Im Jahr 1979 hat es in der SPD-Winterberg m\u00e4chtig geknallt. Nach Angaben der &#8222;<a href=\"http:\/\/www.schiebener.net\/wordpress\/wp-content\/uploads\/2015\/05\/Brennessel1979061503.pdf\" target=\"_blank\">Brennessel<\/a>&#8222;, bis dahin kritische SPD-Stadtteilzeitung, hatten die Genossinnen und Genossen um Klaus Adamek das Schiedsgericht der SPD im Streit mit einer anderen Gruppierung innerhalb der SPD, hier mit Hassenpflug\/Hagemann-Politik bezeichnet, angerufen und waren unterlegen.<\/strong><\/p>\n<p>Sp\u00e4testens an dieser Stelle des Ereignisverlaufs haben wir im Blog ein dickes Problem: wir kennen die m\u00f6glichen anderen Teile der Geschichte nicht. Wir wissen noch nicht einmal wie die Auseinandersetzungen ausgesehen haben und um welche inhaltlichen Punkte es dabei ging.<\/p>\n<p>Problem sind daf\u00fcr da, dass man sie l\u00f6st.<\/p>\n<p>An die SPD habe ich schon geschrieben und um Einsicht in die Archive gebeten. Die Antwort steht aus.<\/p>\n<p>Den Rest muss ich mir irgendwie anders zusammenklauben, was bedeutet, dass ich an Zeitzeugen interessiert bin, aus welcher politischen Partei oder Richtung sie auch immer kommen m\u00f6gen.<\/p>\n<p>E-Mail und Telefonnummer stehen im Impressum, sogar <del>altmodisch<\/del>[1] geschriebene Briefe erreichen von Zeit zu Zeit unseren Briefkasten.<\/p>\n<p><strong>P.S.<\/strong><\/p>\n<p>Ich habe f\u00fcr das Archiv der &#8222;Brennessel&#8220; eine <a href=\"http:\/\/www.schiebener.net\/wordpress\/brennessel\/\" target=\"_blank\">eigene Seite<\/a> eingerichtet. Dort will ich ab demn\u00e4chst -bitte eine halbe Stunde Geduld- die gescannten Einzelausgaben als PDFs verlinken. Die Seite findet man im Men\u00fc oben, ganz links.<\/p>\n<p><em>[1] Das &#8222;altmodisch&#8220; ist hier v\u00f6llig fehl am Platz, meinte ich doch eher &#8222;nach alter Art&#8220; geschriebene(!) Briefe. Eigentlich h\u00e4tte ich den Begriff auch ganz weglassen k\u00f6nnen. Mein Fehler, sorry! Danke f\u00fcr den Hinweis \ud83d\ude42<\/em><\/p>\n","protected":false},"excerpt":{"rendered":"<p>Im Jahr 1979 hat es in der SPD-Winterberg m\u00e4chtig geknallt. Nach Angaben der &#8222;Brennessel&#8222;, bis dahin kritische SPD-Stadtteilzeitung, hatten die Genossinnen und Genossen um Klaus Adamek das Schiedsgericht der SPD &hellip; <a href=\"https:\/\/www.schiebener.net\/wordpress\/lokalgeschichte-1979-es-knallt-in-der-winterberger-spd-die-brennessel-wird-parteilos\/\" class=\"more-link\"><span class=\"screen-reader-text\">\u201eLokalgeschichte 1979: es knallt in der Winterberger SPD. Die &#8222;Brennessel&#8220; wird parteilos.\u201c <\/span>weiterlesen<\/a><\/p>\n","protected":false},"author":3,"featured_media":0,"comment_status":"open","ping_status":"open","sticky":false,"template":"","format":"standard","meta":{"footnotes":""},"categories":[174,319,80],"tags":[5621,5553,4485,1980],"class_list":["post-32476","post","type-post","status-publish","format-standard","hentry","category-dit-und-dat","category-geschichte","category-lokales","tag-brennessel","tag-gerhard-kroh","tag-klaus-adamek","tag-spd-winterberg"],"_links":{"self":[{"href":"https:\/\/www.schiebener.net\/wordpress\/wp-json\/wp\/v2\/posts\/32476","targetHints":{"allow":["GET"]}}],"collection":[{"href":"https:\/\/www.schiebener.net\/wordpress\/wp-json\/wp\/v2\/posts"}],"about":[{"href":"https:\/\/www.schiebener.net\/wordpress\/wp-json\/wp\/v2\/types\/post"}],"author":[{"embeddable":true,"href":"https:\/\/www.schiebener.net\/wordpress\/wp-json\/wp\/v2\/users\/3"}],"replies":[{"embeddable":true,"href":"https:\/\/www.schiebener.net\/wordpress\/wp-json\/wp\/v2\/comments?post=32476"}],"version-history":[{"count":0,"href":"https:\/\/www.schiebener.net\/wordpress\/wp-json\/wp\/v2\/posts\/32476\/revisions"}],"wp:attachment":[{"href":"https:\/\/www.schiebener.net\/wordpress\/wp-json\/wp\/v2\/media?parent=32476"}],"wp:term":[{"taxonomy":"category","embeddable":true,"href":"https:\/\/www.schiebener.net\/wordpress\/wp-json\/wp\/v2\/categories?post=32476"},{"taxonomy":"post_tag","embeddable":true,"href":"https:\/\/www.schiebener.net\/wordpress\/wp-json\/wp\/v2\/tags?post=32476"}],"curies":[{"name":"wp","href":"https:\/\/api.w.org\/{rel}","templated":true}]}}