{"id":32449,"date":"2015-05-18T18:33:35","date_gmt":"2015-05-18T17:33:35","guid":{"rendered":"http:\/\/www.schiebener.net\/wordpress\/?p=32449"},"modified":"2015-05-18T18:35:34","modified_gmt":"2015-05-18T17:35:34","slug":"mdb-dirk-wiese-fordert-deutsche-post-zu-fairem-umgang-mit-beschaeftigten-auf","status":"publish","type":"post","link":"https:\/\/www.schiebener.net\/wordpress\/mdb-dirk-wiese-fordert-deutsche-post-zu-fairem-umgang-mit-beschaeftigten-auf\/","title":{"rendered":"MdB Dirk Wiese fordert Deutsche Post zu fairem Umgang mit Besch\u00e4ftigten auf"},"content":{"rendered":"<figure id=\"attachment_32450\" aria-describedby=\"caption-attachment-32450\" style=\"width: 167px\" class=\"wp-caption alignleft\"><img loading=\"lazy\" decoding=\"async\" class=\" wp-image-32450\" src=\"http:\/\/www.schiebener.net\/wordpress\/wp-content\/uploads\/2015\/05\/WieseDirk201409.jpg\" alt=\"Bundestags abgeordneter (SPD) Dirk Wiese. (foto: spd)\" width=\"167\" height=\"251\" srcset=\"https:\/\/www.schiebener.net\/wordpress\/wp-content\/uploads\/2015\/05\/WieseDirk201409.jpg 320w, https:\/\/www.schiebener.net\/wordpress\/wp-content\/uploads\/2015\/05\/WieseDirk201409-200x300.jpg 200w\" sizes=\"auto, (max-width: 167px) 85vw, 167px\" \/><figcaption id=\"caption-attachment-32450\" class=\"wp-caption-text\">Bundestagsabgeordneter (SPD) Dirk Wiese. (foto: spd)<\/figcaption><\/figure>\n<p><strong>Zu den aktuellen <a href=\"https:\/\/www.verdi.de\/presse\/pressemitteilungen\/++co++f3b005c2-f8be-11e4-ba52-52540059119e\" target=\"_blank\">Auseinandersetzungen bei der Deutschen Post<\/a> erkl\u00e4rt der heimische SPD-Bundestagsabgeordnete Dirk Wiese:<\/strong><\/p>\n<p><em>&#8222;Die Entwicklungen bei der Deutschen Post bereiten mir gro\u00dfe Sorge. Obwohl das Unternehmen sich in einer sehr guten wirtschaftlichen Position befindet, werden Mitarbeiterinnen und Mitarbeiter sachgrundlos mit befristeten Vertr\u00e4gen ausgestattet oder gleich zu deutlich schlechteren Gehalts- und Arbeitskonditionen in eine regionale Gesellschaft ausgegliedert. F\u00fcr ein ehemaliges Staatsunternehmen geh\u00f6rt sich so eine Praxis nicht. Ich fordere die Verantwortlichen der Deutschen Post auf, zu einem fairen Umgang mit den Besch\u00e4ftigten und der zust\u00e4ndigen Gewerkschaft ver.di zur\u00fcckzukehren.&#8220;<\/em><\/p>\n<p><strong>Zum Hintergrund:<\/strong><\/p>\n<p>Anfang Januar 2015 gr\u00fcndete die Deutsche Post 49 regionale Zustellgesellschaften, in denen bis zu 10.000 bis dahin bei der Konzernmutter befristet Besch\u00e4ftigte mit neuen Vertr\u00e4gen ausgestattet werden. Diese richten sich nicht nach dem mit der Dienstleistungsgewerkschaft ver.di ausgehandelten Haustarifvertrag, sondern nach den in der Regel niedrigeren regionalen Tarifvertr\u00e4gen der Speditions- und Logistikbranche. Allein beim Stundenlohn m\u00fcssen Abstriche bis zu 20 Prozent hingenommen werden. Ver.di spricht in diesem Zusammenhang von \u201eMitbestimmungs- und Tarifflucht\u201c.<\/p>\n<p><strong>Infos der Gewerkschaft ver.di:<\/strong> <a href=\"https:\/\/www.verdi.de\/presse\/pressemitteilungen\/++co++f3b005c2-f8be-11e4-ba52-52540059119e\" target=\"_blank\">Tarifkonflikt Deutsche Post AG: Streiks in allen 83 Briefzentren<\/a><\/p>\n<p><strong>Aktuelle Informationen \u00fcber die SPD<\/strong> im Hochsauerland und vom Bundestagsabgeordneten Dirk Wiese befinden sich im Internet unter <a href=\"http:\/\/www.hsk-spd.de\" target=\"_blank\">www.hsk-spd.de<\/a> und <a href=\"http:\/\/www.dirkwiese.de\" target=\"_blank\">www.dirkwiese.de<\/a><\/p>\n","protected":false},"excerpt":{"rendered":"<p>Zu den aktuellen Auseinandersetzungen bei der Deutschen Post erkl\u00e4rt der heimische SPD-Bundestagsabgeordnete Dirk Wiese: &#8222;Die Entwicklungen bei der Deutschen Post bereiten mir gro\u00dfe Sorge. Obwohl das Unternehmen sich in einer &hellip; <a href=\"https:\/\/www.schiebener.net\/wordpress\/mdb-dirk-wiese-fordert-deutsche-post-zu-fairem-umgang-mit-beschaeftigten-auf\/\" class=\"more-link\"><span class=\"screen-reader-text\">\u201eMdB Dirk Wiese fordert Deutsche Post zu fairem Umgang mit Besch\u00e4ftigten auf\u201c <\/span>weiterlesen<\/a><\/p>\n","protected":false},"author":17,"featured_media":0,"comment_status":"open","ping_status":"open","sticky":false,"template":"","format":"standard","meta":{"footnotes":""},"categories":[542,303,1043,4761,1208],"tags":[5674,3104,655,13,1793],"class_list":["post-32449","post","type-post","status-publish","format-standard","hentry","category-arbeitswelt","category-in-unserem-briefkasten","category-pressemitteilungen","category-soziales","category-wirtschaft","tag-deutsche-post","tag-dirk-wiese","tag-pressemitteilung","tag-spd","tag-verdi"],"_links":{"self":[{"href":"https:\/\/www.schiebener.net\/wordpress\/wp-json\/wp\/v2\/posts\/32449","targetHints":{"allow":["GET"]}}],"collection":[{"href":"https:\/\/www.schiebener.net\/wordpress\/wp-json\/wp\/v2\/posts"}],"about":[{"href":"https:\/\/www.schiebener.net\/wordpress\/wp-json\/wp\/v2\/types\/post"}],"author":[{"embeddable":true,"href":"https:\/\/www.schiebener.net\/wordpress\/wp-json\/wp\/v2\/users\/17"}],"replies":[{"embeddable":true,"href":"https:\/\/www.schiebener.net\/wordpress\/wp-json\/wp\/v2\/comments?post=32449"}],"version-history":[{"count":0,"href":"https:\/\/www.schiebener.net\/wordpress\/wp-json\/wp\/v2\/posts\/32449\/revisions"}],"wp:attachment":[{"href":"https:\/\/www.schiebener.net\/wordpress\/wp-json\/wp\/v2\/media?parent=32449"}],"wp:term":[{"taxonomy":"category","embeddable":true,"href":"https:\/\/www.schiebener.net\/wordpress\/wp-json\/wp\/v2\/categories?post=32449"},{"taxonomy":"post_tag","embeddable":true,"href":"https:\/\/www.schiebener.net\/wordpress\/wp-json\/wp\/v2\/tags?post=32449"}],"curies":[{"name":"wp","href":"https:\/\/api.w.org\/{rel}","templated":true}]}}