{"id":3241,"date":"2009-05-12T22:29:01","date_gmt":"2009-05-12T21:29:01","guid":{"rendered":"http:\/\/www.schiebener.net\/wordpress\/?p=3241"},"modified":"2009-05-12T22:32:12","modified_gmt":"2009-05-12T21:32:12","slug":"das-hochsauerland-nach-kyrill-nichts-neues-im-sudwesten-von-nrw","status":"publish","type":"post","link":"https:\/\/www.schiebener.net\/wordpress\/das-hochsauerland-nach-kyrill-nichts-neues-im-sudwesten-von-nrw\/","title":{"rendered":"Das Hochsauerland nach Kyrill: Nichts Neues im S\u00fcdosten von NRW"},"content":{"rendered":"<h3 class=\"mceTemp mceIEcenter\">\n<dl id=\"attachment_3242\" class=\"wp-caption aligncenter\" style=\"width: 460px;\">\n<dt class=\"wp-caption-dt\"><img loading=\"lazy\" decoding=\"async\" class=\"size-full wp-image-3242\" title=\"Fichtenacker im Hochsauerland\" src=\"http:\/\/www.schiebener.net\/wordpress\/wp-content\/uploads\/2009\/05\/fichtenacker01.jpg\" alt=\"Fichtenacker im Hochsauerland: In zehn Jahren werden hier Weihnachtsb\u00e4ume geerntet und in die Metropolen verkauft.\" width=\"450\" height=\"338\" srcset=\"https:\/\/www.schiebener.net\/wordpress\/wp-content\/uploads\/2009\/05\/fichtenacker01.jpg 450w, https:\/\/www.schiebener.net\/wordpress\/wp-content\/uploads\/2009\/05\/fichtenacker01-300x225.jpg 300w\" sizes=\"auto, (max-width: 450px) 85vw, 450px\" \/><\/dt>\n<dd class=\"wp-caption-dd\">Fichten-Acker im Hochsauerland: In zehn Jahren werden hier Weihnachtsb\u00e4ume geerntet und in die Metropolen verkauft.<\/dd>\n<\/dl>\n<\/h3>\n<p>Kyrill hat getobt und gew\u00fctet.<\/p>\n<p>Da haben sich so manche Waldbauern an die Brust geschlagen und gejammert: Die Fichte &#8211; dieser Flachwurzler &#8211; muss ersetzt werden. Her mit den Douglasien und was es sonst noch alles gibt an klimatisch geeigneten B\u00e4umen f\u00fcr die st\u00fcrmische und w\u00e4rmere Zukunft.<\/p>\n<p>Millionen flossen aus dem Machtzentren von NRW in dieses von der Naturkatastrophe so gebeutelten, armen Landes am Rande von NRW. Die Bilder  der zerborstenen Fichtenspargel, der vom Wind entweideten Fl\u00e4chen und  Schneisen waren herzzerrei\u00dfend.<\/p>\n<p>Ein paar Millionen Euro sp\u00e4ter, sieht es links und rechts von den mit Kyrill-Geldern geteerten Landstra\u00dfen gar nicht nach dem an den Klimawandel angepassten Wechsel in der Waldbewirtschaftung aus.<\/p>\n<p>Was ist passiert?<\/p>\n<p>Die Waldbauern haben nachgedacht.<\/p>\n<p>Aus einem Gespr\u00e4ch mit einem sehr konservativen Forstwirt habe ich  Folgendes herausgefiltert:<\/p>\n<p>Die Fichte bringt Umsatz nach 30 Jahren (einer Generation).  Es wird Holz f\u00fcr die verarbeitende Industrie erzeugt.<\/p>\n<p>Die Douglasie braucht 60 Jahre, zwei Generationen. Was ist dann eigentlich mit meinem Wald? Ob selbst die eigenen Kinder noch hier wohnen bleiben?<\/p>\n<p>Gut und sch\u00f6n die \u00d6kologie, aber ich, Waldbauer, lebe definitionsgem\u00e4\u00df nur eine Generation.<\/p>\n<p>Noch besser: Nordmanntannen anbauen. Das gibt Weihnachtsb\u00e4ume in nur 10 Jahren und Umsatz, Umsatz, Umsatz.<\/p>\n<p>Warum soll ein Waldbauer amerikanische Roteichen, Stileichen, Buchen, Douglasien oder K\u00fcstentannen anpflanzen, wenn ihm die jungen Pflanzen vom Wild weg gefressen werden, da er das Geld f\u00fcr die Schutzz\u00e4une nicht hat?<\/p>\n<p>Ein kompliziertes Thema.<\/p>\n<p>Die gr\u00fcne &#8220; Sauerl\u00e4nder B\u00fcrgerliste&#8220;  im Hochsauerland meint:<\/p>\n<blockquote><p>&#8230; Statt die Entwicklung mit Laubholz st\u00e4rker zu f\u00f6rdern, hat das Land im vergangenen Jahr offensichtlich die Vorliebe der sauerl\u00e4nder Waldbesitzer f\u00fcr Schnittgr\u00fcn- und Weihnachtsbaummonokulturen weiter finanziell unterst\u00fctzt: Unter dem Begriff *vorbeugender Waldschutz* wurden vom Land H\u00e4ckselung gro\u00dfer Fl\u00e4chen gef\u00f6rdert auf denen nachfolgend Weihnachtsb\u00e4ume gepflanzt werden. Bei diesen Ma\u00dfnahmen werden die Bodenstrukur vollkommen zerst\u00f6rt und eine erosionsgef\u00e4hrdete Kultursteppe hinterlassen. Mit nachhaltiger Forstwirtschaft im \u00f6ffentlichen Interesse hat das nach Ansicht der Gr\u00fcnen nichts zu tun. Offensichtlich handelt es sich hierbei eher um eine Landesf\u00f6rderung f\u00fcr Weihnachtsbaumbarone &#8230;. <a href=\"http:\/\/sbl-fraktion.de\/landschaftsschutz\/kyrilllandesforderung-fur-weihnachtsbaumbarone.html\" target=\"_blank\">komplett hier<\/a><\/p><\/blockquote>\n","protected":false},"excerpt":{"rendered":"<p>Fichten-Acker im Hochsauerland: In zehn Jahren werden hier Weihnachtsb\u00e4ume geerntet und in die Metropolen verkauft. Kyrill hat getobt und gew\u00fctet. Da haben sich so manche Waldbauern an die Brust geschlagen &hellip; <a href=\"https:\/\/www.schiebener.net\/wordpress\/das-hochsauerland-nach-kyrill-nichts-neues-im-sudwesten-von-nrw\/\" class=\"more-link\"><span class=\"screen-reader-text\">\u201eDas Hochsauerland nach Kyrill: Nichts Neues im S\u00fcdosten von NRW\u201c <\/span>weiterlesen<\/a><\/p>\n","protected":false},"author":3,"featured_media":0,"comment_status":"open","ping_status":"open","sticky":false,"template":"","format":"standard","meta":{"footnotes":""},"categories":[80,24],"tags":[248,459,249],"class_list":["post-3241","post","type-post","status-publish","format-standard","hentry","category-lokales","category-politik","tag-fichten","tag-kyrill","tag-weihnachtsbaume"],"_links":{"self":[{"href":"https:\/\/www.schiebener.net\/wordpress\/wp-json\/wp\/v2\/posts\/3241","targetHints":{"allow":["GET"]}}],"collection":[{"href":"https:\/\/www.schiebener.net\/wordpress\/wp-json\/wp\/v2\/posts"}],"about":[{"href":"https:\/\/www.schiebener.net\/wordpress\/wp-json\/wp\/v2\/types\/post"}],"author":[{"embeddable":true,"href":"https:\/\/www.schiebener.net\/wordpress\/wp-json\/wp\/v2\/users\/3"}],"replies":[{"embeddable":true,"href":"https:\/\/www.schiebener.net\/wordpress\/wp-json\/wp\/v2\/comments?post=3241"}],"version-history":[{"count":0,"href":"https:\/\/www.schiebener.net\/wordpress\/wp-json\/wp\/v2\/posts\/3241\/revisions"}],"wp:attachment":[{"href":"https:\/\/www.schiebener.net\/wordpress\/wp-json\/wp\/v2\/media?parent=3241"}],"wp:term":[{"taxonomy":"category","embeddable":true,"href":"https:\/\/www.schiebener.net\/wordpress\/wp-json\/wp\/v2\/categories?post=3241"},{"taxonomy":"post_tag","embeddable":true,"href":"https:\/\/www.schiebener.net\/wordpress\/wp-json\/wp\/v2\/tags?post=3241"}],"curies":[{"name":"wp","href":"https:\/\/api.w.org\/{rel}","templated":true}]}}