{"id":32404,"date":"2015-05-15T22:26:59","date_gmt":"2015-05-15T21:26:59","guid":{"rendered":"http:\/\/www.schiebener.net\/wordpress\/?p=32404"},"modified":"2015-05-16T10:03:49","modified_gmt":"2015-05-16T09:03:49","slug":"statt-eines-berichts-von-der-heutigen-moehnetalradtour-von-neheim-nach-brilon-ein-bild-und-ein-paar-worte","status":"publish","type":"post","link":"https:\/\/www.schiebener.net\/wordpress\/statt-eines-berichts-von-der-heutigen-moehnetalradtour-von-neheim-nach-brilon-ein-bild-und-ein-paar-worte\/","title":{"rendered":"Statt eines Berichts von der heutigen M\u00f6hnetalradtour von Neheim nach Brilon, ein Bild und ein paar Worte &#8230;"},"content":{"rendered":"<figure id=\"attachment_32405\" aria-describedby=\"caption-attachment-32405\" style=\"width: 600px\" class=\"wp-caption aligncenter\"><img loading=\"lazy\" decoding=\"async\" class=\"size-full wp-image-32405\" src=\"http:\/\/www.schiebener.net\/wordpress\/wp-content\/uploads\/2015\/05\/MoehnetalradwegSee2015051501.jpg\" alt=\"Entlang des M\u00f6hnesees war es auf dem Rad entspannt,  auf dem Wasser streng kontemplativ. (foto: zoom)\" width=\"600\" height=\"450\" srcset=\"https:\/\/www.schiebener.net\/wordpress\/wp-content\/uploads\/2015\/05\/MoehnetalradwegSee2015051501.jpg 600w, https:\/\/www.schiebener.net\/wordpress\/wp-content\/uploads\/2015\/05\/MoehnetalradwegSee2015051501-300x225.jpg 300w\" sizes=\"auto, (max-width: 709px) 85vw, (max-width: 909px) 67vw, (max-width: 984px) 61vw, (max-width: 1362px) 45vw, 600px\" \/><figcaption id=\"caption-attachment-32405\" class=\"wp-caption-text\">Entlang des M\u00f6hnesees war es auf dem Rad entspannt, auf dem Wasser streng kontemplativ. (foto: zoom)<\/figcaption><\/figure>\n<p><strong>Die Idee und den Plan, den <a href=\"http:\/\/www.moehnetalradweg.de\/\" target=\"_blank\">M\u00f6hnetalradweg<\/a> entlang zu radeln, habe ich schon lange, heute hatte ich die Gelegenheit.<\/strong><\/p>\n<p>Vom Bahnhof in Siedlinghausen bin ich morgens um 8:43 Uhr per Bahn nach Neheim gefahren.<\/p>\n<figure id=\"attachment_32406\" aria-describedby=\"caption-attachment-32406\" style=\"width: 600px\" class=\"wp-caption aligncenter\"><img loading=\"lazy\" decoding=\"async\" class=\"size-full wp-image-32406\" src=\"http:\/\/www.schiebener.net\/wordpress\/wp-content\/uploads\/2015\/05\/MoehnetalradwegSiedlinghausen2015051501.jpg\" alt=\"Unser Bahnhof in Siedlinghausen. Die Natur holt sich ihr  Land zur\u00fcck.\" width=\"600\" height=\"450\" srcset=\"https:\/\/www.schiebener.net\/wordpress\/wp-content\/uploads\/2015\/05\/MoehnetalradwegSiedlinghausen2015051501.jpg 600w, https:\/\/www.schiebener.net\/wordpress\/wp-content\/uploads\/2015\/05\/MoehnetalradwegSiedlinghausen2015051501-300x225.jpg 300w\" sizes=\"auto, (max-width: 709px) 85vw, (max-width: 909px) 67vw, (max-width: 984px) 61vw, (max-width: 1362px) 45vw, 600px\" \/><figcaption id=\"caption-attachment-32406\" class=\"wp-caption-text\">Unser Bahnhof in Siedlinghausen. Die Natur holt sich ihr Land zur\u00fcck.<\/figcaption><\/figure>\n<p>Vom Neheimer Bahnhof strack das R-Caf\u00e9 ignoriert. Das R-Caf\u00e9 ist Kult, aber nicht gleich zu Beginn der Reise. Irgendwann plane ich eine Tour derart, dass das R-Caf\u00e9 hinein passt.<\/p>\n<p><strong>Update:<\/strong> Gerade erfahre ich vom Herausgeber des Neheims-Netz vom bevorstehenden Betreiberwechsel im R-Caf\u00e9.<br \/>\n<a href=\"http:\/\/www.derwesten.de\/staedte\/neheim-huesten\/betreiberwechsel-im-neheimer-r-cafe-id10675180.html\" target=\"_blank\">http:\/\/www.derwesten.de\/staedte\/neheim-huesten\/betreiberwechsel-im-neheimer-r-cafe-id10675180.html<\/a><\/p>\n<figure id=\"attachment_32410\" aria-describedby=\"caption-attachment-32410\" style=\"width: 600px\" class=\"wp-caption aligncenter\"><img loading=\"lazy\" decoding=\"async\" class=\"size-full wp-image-32410\" src=\"http:\/\/www.schiebener.net\/wordpress\/wp-content\/uploads\/2015\/05\/MoehnetalradwegRCafe2015051501.jpg\" alt=\"Leider habe ich es noch nicht ins Caf\u00e9 geschafft, weil viele meiner Touren in Neheim starten.\" width=\"600\" height=\"450\" srcset=\"https:\/\/www.schiebener.net\/wordpress\/wp-content\/uploads\/2015\/05\/MoehnetalradwegRCafe2015051501.jpg 600w, https:\/\/www.schiebener.net\/wordpress\/wp-content\/uploads\/2015\/05\/MoehnetalradwegRCafe2015051501-300x225.jpg 300w\" sizes=\"auto, (max-width: 709px) 85vw, (max-width: 909px) 67vw, (max-width: 984px) 61vw, (max-width: 1362px) 45vw, 600px\" \/><figcaption id=\"caption-attachment-32410\" class=\"wp-caption-text\">Leider habe ich es noch nicht ins R-Caf\u00e9 (rechts) geschafft, weil viele meiner Touren in Neheim starten.<\/figcaption><\/figure>\n<p>Der heutige Freitag war wegen des Feiertags ein Br\u00fcckentag. Die M\u00f6hne kalauert sich unter vielen Br\u00fccken in die Ruhr. Hier ist der eigentliche Startpunkt des M\u00f6hnetalradwegs.<\/p>\n<figure id=\"attachment_32407\" aria-describedby=\"caption-attachment-32407\" style=\"width: 600px\" class=\"wp-caption aligncenter\"><img loading=\"lazy\" decoding=\"async\" class=\"size-full wp-image-32407\" src=\"http:\/\/www.schiebener.net\/wordpress\/wp-content\/uploads\/2015\/05\/MoehnetalradwegMuendung2015051501.jpg\" alt=\"Die M\u00f6hnem\u00fcndung westlich von Neheim, passend zum heutigen &quot;Br\u00fccken&quot;tag.\" width=\"600\" height=\"800\" srcset=\"https:\/\/www.schiebener.net\/wordpress\/wp-content\/uploads\/2015\/05\/MoehnetalradwegMuendung2015051501.jpg 600w, https:\/\/www.schiebener.net\/wordpress\/wp-content\/uploads\/2015\/05\/MoehnetalradwegMuendung2015051501-225x300.jpg 225w\" sizes=\"auto, (max-width: 709px) 85vw, (max-width: 909px) 67vw, (max-width: 984px) 61vw, (max-width: 1362px) 45vw, 600px\" \/><figcaption id=\"caption-attachment-32407\" class=\"wp-caption-text\">Die M\u00f6hnem\u00fcndung westlich von Neheim, passend zum heutigen &#8222;Br\u00fccken&#8220;tag.<\/figcaption><\/figure>\n<p>Am Anfang und am Ende des Radwegs muss man entlang gro\u00dfer Stra\u00dfen radeln, aber mittendrin ist es wirklich nett auf den alten Bahntrassen.<\/p>\n<figure id=\"attachment_32408\" aria-describedby=\"caption-attachment-32408\" style=\"width: 600px\" class=\"wp-caption aligncenter\"><img loading=\"lazy\" decoding=\"async\" class=\"size-full wp-image-32408\" src=\"http:\/\/www.schiebener.net\/wordpress\/wp-content\/uploads\/2015\/05\/MoehnetalradwegBahntrasse2015051501.jpg\" alt=\"Wenn man den Staausee hinter sich gelassen hat, beginnt die Bahntrasse.\" width=\"600\" height=\"800\" srcset=\"https:\/\/www.schiebener.net\/wordpress\/wp-content\/uploads\/2015\/05\/MoehnetalradwegBahntrasse2015051501.jpg 600w, https:\/\/www.schiebener.net\/wordpress\/wp-content\/uploads\/2015\/05\/MoehnetalradwegBahntrasse2015051501-225x300.jpg 225w\" sizes=\"auto, (max-width: 709px) 85vw, (max-width: 909px) 67vw, (max-width: 984px) 61vw, (max-width: 1362px) 45vw, 600px\" \/><figcaption id=\"caption-attachment-32408\" class=\"wp-caption-text\">Wenn man den Staausee hinter sich gelassen hat, beginnt die Bahntrasse.<\/figcaption><\/figure>\n<p>Die Staumauer will ich nat\u00fcrlich nicht verschweigen.<\/p>\n<figure id=\"attachment_32409\" aria-describedby=\"caption-attachment-32409\" style=\"width: 600px\" class=\"wp-caption aligncenter\"><img loading=\"lazy\" decoding=\"async\" class=\"size-full wp-image-32409\" src=\"http:\/\/www.schiebener.net\/wordpress\/wp-content\/uploads\/2015\/05\/MoehnetalradwegStaumauer2015051501.jpg\" alt=\"Alles nett, alles im gr\u00fcnen Bereich. Staumauer erreicht.\" width=\"600\" height=\"450\" srcset=\"https:\/\/www.schiebener.net\/wordpress\/wp-content\/uploads\/2015\/05\/MoehnetalradwegStaumauer2015051501.jpg 600w, https:\/\/www.schiebener.net\/wordpress\/wp-content\/uploads\/2015\/05\/MoehnetalradwegStaumauer2015051501-300x225.jpg 300w\" sizes=\"auto, (max-width: 709px) 85vw, (max-width: 909px) 67vw, (max-width: 984px) 61vw, (max-width: 1362px) 45vw, 600px\" \/><figcaption id=\"caption-attachment-32409\" class=\"wp-caption-text\">Alles nett, alles im gr\u00fcnen Bereich. Staumauer erreicht.<\/figcaption><\/figure>\n<p>Jetzt sind es doch noch ein paar Bilder mehr geworden, der Rest bleibt auf dem Smartphone, oder doch noch diese eine Aufnahme zum Abschluss? Back Home!<\/p>\n<figure id=\"attachment_32411\" aria-describedby=\"caption-attachment-32411\" style=\"width: 600px\" class=\"wp-caption aligncenter\"><img loading=\"lazy\" decoding=\"async\" class=\"size-full wp-image-32411\" src=\"http:\/\/www.schiebener.net\/wordpress\/wp-content\/uploads\/2015\/05\/MoehnetalradwegBrilon2015051503.jpg\" alt=\"Von hier aus sind es noch einige Kilometer bis Brilon entlang der Stra\u00dfe.\" width=\"600\" height=\"1067\" srcset=\"https:\/\/www.schiebener.net\/wordpress\/wp-content\/uploads\/2015\/05\/MoehnetalradwegBrilon2015051503.jpg 600w, https:\/\/www.schiebener.net\/wordpress\/wp-content\/uploads\/2015\/05\/MoehnetalradwegBrilon2015051503-169x300.jpg 169w, https:\/\/www.schiebener.net\/wordpress\/wp-content\/uploads\/2015\/05\/MoehnetalradwegBrilon2015051503-576x1024.jpg 576w\" sizes=\"auto, (max-width: 709px) 85vw, (max-width: 909px) 67vw, (max-width: 984px) 61vw, (max-width: 1362px) 45vw, 600px\" \/><figcaption id=\"caption-attachment-32411\" class=\"wp-caption-text\">Von hier aus sind es noch einige elend lange Kilometer auf einem sehr gut asphaltierten Radweg entlang der Stra\u00dfe bis Brilon erreicht wird.<\/figcaption><\/figure>\n<p>&nbsp;<\/p>\n","protected":false},"excerpt":{"rendered":"<p>Die Idee und den Plan, den M\u00f6hnetalradweg entlang zu radeln, habe ich schon lange, heute hatte ich die Gelegenheit. Vom Bahnhof in Siedlinghausen bin ich morgens um 8:43 Uhr per &hellip; <a href=\"https:\/\/www.schiebener.net\/wordpress\/statt-eines-berichts-von-der-heutigen-moehnetalradtour-von-neheim-nach-brilon-ein-bild-und-ein-paar-worte\/\" class=\"more-link\"><span class=\"screen-reader-text\">\u201eStatt eines Berichts von der heutigen M\u00f6hnetalradtour von Neheim nach Brilon, ein Bild und ein paar Worte &#8230;\u201c <\/span>weiterlesen<\/a><\/p>\n","protected":false},"author":3,"featured_media":0,"comment_status":"open","ping_status":"open","sticky":false,"template":"","format":"standard","meta":{"footnotes":""},"categories":[1732,674,2729,71],"tags":[5589,579,2839,5664],"class_list":["post-32404","post","type-post","status-publish","format-standard","hentry","category-freizeit","category-kultur","category-reisen","category-sport","tag-arnsberg-neheim","tag-brilon","tag-mohnesee","tag-moehnetalradweg"],"_links":{"self":[{"href":"https:\/\/www.schiebener.net\/wordpress\/wp-json\/wp\/v2\/posts\/32404","targetHints":{"allow":["GET"]}}],"collection":[{"href":"https:\/\/www.schiebener.net\/wordpress\/wp-json\/wp\/v2\/posts"}],"about":[{"href":"https:\/\/www.schiebener.net\/wordpress\/wp-json\/wp\/v2\/types\/post"}],"author":[{"embeddable":true,"href":"https:\/\/www.schiebener.net\/wordpress\/wp-json\/wp\/v2\/users\/3"}],"replies":[{"embeddable":true,"href":"https:\/\/www.schiebener.net\/wordpress\/wp-json\/wp\/v2\/comments?post=32404"}],"version-history":[{"count":0,"href":"https:\/\/www.schiebener.net\/wordpress\/wp-json\/wp\/v2\/posts\/32404\/revisions"}],"wp:attachment":[{"href":"https:\/\/www.schiebener.net\/wordpress\/wp-json\/wp\/v2\/media?parent=32404"}],"wp:term":[{"taxonomy":"category","embeddable":true,"href":"https:\/\/www.schiebener.net\/wordpress\/wp-json\/wp\/v2\/categories?post=32404"},{"taxonomy":"post_tag","embeddable":true,"href":"https:\/\/www.schiebener.net\/wordpress\/wp-json\/wp\/v2\/tags?post=32404"}],"curies":[{"name":"wp","href":"https:\/\/api.w.org\/{rel}","templated":true}]}}