{"id":32400,"date":"2015-05-15T20:18:23","date_gmt":"2015-05-15T19:18:23","guid":{"rendered":"http:\/\/www.schiebener.net\/wordpress\/?p=32400"},"modified":"2015-05-15T20:18:23","modified_gmt":"2015-05-15T19:18:23","slug":"ein-reisemitbringsel-aus-brilon-so-zerstoert-die-windenergie-unsere-umwelt-satire","status":"publish","type":"post","link":"https:\/\/www.schiebener.net\/wordpress\/ein-reisemitbringsel-aus-brilon-so-zerstoert-die-windenergie-unsere-umwelt-satire\/","title":{"rendered":"Ein Reisemitbringsel aus Brilon: so zerst\u00f6rt die Windenergie unsere Umwelt (Satire!)"},"content":{"rendered":"<figure id=\"attachment_32401\" aria-describedby=\"caption-attachment-32401\" style=\"width: 600px\" class=\"wp-caption aligncenter\"><img loading=\"lazy\" decoding=\"async\" class=\"size-full wp-image-32401\" src=\"http:\/\/www.schiebener.net\/wordpress\/wp-content\/uploads\/2015\/05\/MoehnetalradwegBrilon2015051501.jpg\" alt=\"Kurz vor Brilon bin ich vom Rad gestiegen und habe die Zerst\u00f6rung unserer Umwelt durch die Windenergie fotografiert. (foto: zoom)\" width=\"600\" height=\"415\" srcset=\"https:\/\/www.schiebener.net\/wordpress\/wp-content\/uploads\/2015\/05\/MoehnetalradwegBrilon2015051501.jpg 600w, https:\/\/www.schiebener.net\/wordpress\/wp-content\/uploads\/2015\/05\/MoehnetalradwegBrilon2015051501-300x208.jpg 300w\" sizes=\"auto, (max-width: 709px) 85vw, (max-width: 909px) 67vw, (max-width: 984px) 61vw, (max-width: 1362px) 45vw, 600px\" \/><figcaption id=\"caption-attachment-32401\" class=\"wp-caption-text\">Kurz vor Brilon bin ich vom Rad gestiegen und habe die Zerst\u00f6rung unserer Umwelt durch die Windenergie fotografiert. (foto: zoom)<\/figcaption><\/figure>\n<p>Als ich heute den <a href=\"http:\/\/www.moehnetalradweg.de\/\" target=\"_blank\">M\u00f6hnetalradweg<\/a> fast abgeradelt hatte, blieb ich noch einmal kurz vor Brilon stehen, um durchzupusten.<\/p>\n<p>Da obere Bild habe ich vom selben Standpunkt wie das untere Bild fotografiert; einmal nach links vorn und das zweite Mal nach rechts hinten.<\/p>\n<p>Ich habe dort, auf den letzten Kilometern des M\u00f6hnetalradwegs, gestanden und gedacht, was wohl passieren wird, wenn die Windenergie-Gegner die WKAs im Hochsauerland verhindert haben.<\/p>\n<p>Werden sie dann die Briloner Industrie dem Erdboden gleichmachen?<\/p>\n<p>Zum Gl\u00fcck hat <a href=\"http:\/\/www.derwesten.de\/ikz-start\/die-norweger-zeigen-uns-einen-vogel-id10659482.html\" target=\"_blank\">DerWesten eigenh\u00e4ndig mit Hilfe eines hochrangigen Experten die Energiewende zu Fall gebracht<\/a>.<\/p>\n<p>Wir brauchen uns keine Sorgen mehr um Windr\u00e4der zu machen; die T\u00e4ler des Hochsauerlandes werden zu Energie-Speicherteichen und auf die H\u00f6hen pflanzen wir effiziente Kohlekraftwerke, gleich neben die Weihnachtsbaumplantagen.<\/p>\n<figure id=\"attachment_32402\" aria-describedby=\"caption-attachment-32402\" style=\"width: 600px\" class=\"wp-caption aligncenter\"><img loading=\"lazy\" decoding=\"async\" class=\"size-full wp-image-32402\" src=\"http:\/\/www.schiebener.net\/wordpress\/wp-content\/uploads\/2015\/05\/MoehnetalradwegBrilon2015051502.jpg\" alt=\"Die B\u00fcsche haben die WKA-Projektierer doch extra so gro\u00df gemacht. Gentechnisch ver\u00e4ndert, nehme ich an. \" width=\"600\" height=\"630\" srcset=\"https:\/\/www.schiebener.net\/wordpress\/wp-content\/uploads\/2015\/05\/MoehnetalradwegBrilon2015051502.jpg 600w, https:\/\/www.schiebener.net\/wordpress\/wp-content\/uploads\/2015\/05\/MoehnetalradwegBrilon2015051502-286x300.jpg 286w\" sizes=\"auto, (max-width: 709px) 85vw, (max-width: 909px) 67vw, (max-width: 984px) 61vw, (max-width: 1362px) 45vw, 600px\" \/><figcaption id=\"caption-attachment-32402\" class=\"wp-caption-text\">Die B\u00fcsche haben die WKA-Projektierer zum Maskieren extra gro\u00df gemacht. Gentechnisch ver\u00e4ndert, nehme ich an.<\/figcaption><\/figure>\n","protected":false},"excerpt":{"rendered":"<p>Als ich heute den M\u00f6hnetalradweg fast abgeradelt hatte, blieb ich noch einmal kurz vor Brilon stehen, um durchzupusten. Da obere Bild habe ich vom selben Standpunkt wie das untere Bild &hellip; <a href=\"https:\/\/www.schiebener.net\/wordpress\/ein-reisemitbringsel-aus-brilon-so-zerstoert-die-windenergie-unsere-umwelt-satire\/\" class=\"more-link\"><span class=\"screen-reader-text\">\u201eEin Reisemitbringsel aus Brilon: so zerst\u00f6rt die Windenergie unsere Umwelt (Satire!)\u201c <\/span>weiterlesen<\/a><\/p>\n","protected":false},"author":3,"featured_media":0,"comment_status":"open","ping_status":"open","sticky":false,"template":"","format":"standard","meta":{"footnotes":""},"categories":[80,2729,2782,549],"tags":[579,5883,4732],"class_list":["post-32400","post","type-post","status-publish","format-standard","hentry","category-lokales","category-reisen","category-satire","category-umwelt","tag-brilon","tag-satire","tag-windenergie"],"_links":{"self":[{"href":"https:\/\/www.schiebener.net\/wordpress\/wp-json\/wp\/v2\/posts\/32400","targetHints":{"allow":["GET"]}}],"collection":[{"href":"https:\/\/www.schiebener.net\/wordpress\/wp-json\/wp\/v2\/posts"}],"about":[{"href":"https:\/\/www.schiebener.net\/wordpress\/wp-json\/wp\/v2\/types\/post"}],"author":[{"embeddable":true,"href":"https:\/\/www.schiebener.net\/wordpress\/wp-json\/wp\/v2\/users\/3"}],"replies":[{"embeddable":true,"href":"https:\/\/www.schiebener.net\/wordpress\/wp-json\/wp\/v2\/comments?post=32400"}],"version-history":[{"count":0,"href":"https:\/\/www.schiebener.net\/wordpress\/wp-json\/wp\/v2\/posts\/32400\/revisions"}],"wp:attachment":[{"href":"https:\/\/www.schiebener.net\/wordpress\/wp-json\/wp\/v2\/media?parent=32400"}],"wp:term":[{"taxonomy":"category","embeddable":true,"href":"https:\/\/www.schiebener.net\/wordpress\/wp-json\/wp\/v2\/categories?post=32400"},{"taxonomy":"post_tag","embeddable":true,"href":"https:\/\/www.schiebener.net\/wordpress\/wp-json\/wp\/v2\/tags?post=32400"}],"curies":[{"name":"wp","href":"https:\/\/api.w.org\/{rel}","templated":true}]}}