{"id":32313,"date":"2015-05-04T21:53:44","date_gmt":"2015-05-04T20:53:44","guid":{"rendered":"http:\/\/www.schiebener.net\/wordpress\/?p=32313"},"modified":"2015-05-04T21:53:44","modified_gmt":"2015-05-04T20:53:44","slug":"fraktion-vor-ort-tag-der-pflege-pflegepolitik-in-einer-aelter-werdenden-gesellschaft","status":"publish","type":"post","link":"https:\/\/www.schiebener.net\/wordpress\/fraktion-vor-ort-tag-der-pflege-pflegepolitik-in-einer-aelter-werdenden-gesellschaft\/","title":{"rendered":"Fraktion vor Ort: \u201eTag der Pflege\u201c \u2013 Pflegepolitik in einer \u00e4lter werdenden Gesellschaft"},"content":{"rendered":"<figure id=\"attachment_32314\" aria-describedby=\"caption-attachment-32314\" style=\"width: 178px\" class=\"wp-caption alignleft\"><a href=\"http:\/\/www.schiebener.net\/wordpress\/wp-content\/uploads\/2015\/05\/02_Portrait_Franke.jpg\" target=\"_blank\"><img loading=\"lazy\" decoding=\"async\" class=\" wp-image-32314\" src=\"http:\/\/www.schiebener.net\/wordpress\/wp-content\/uploads\/2015\/05\/02_Portrait_Franke.jpg\" alt=\"Dr. Edgar Franke MdB, Vorsitzender des Gesundheitsausschusses (foto: spd)\" width=\"178\" height=\"185\" srcset=\"https:\/\/www.schiebener.net\/wordpress\/wp-content\/uploads\/2015\/05\/02_Portrait_Franke.jpg 320w, https:\/\/www.schiebener.net\/wordpress\/wp-content\/uploads\/2015\/05\/02_Portrait_Franke-287x300.jpg 287w\" sizes=\"auto, (max-width: 178px) 85vw, 178px\" \/><\/a><figcaption id=\"caption-attachment-32314\" class=\"wp-caption-text\">Dr. Edgar Franke MdB, Vorsitzender des Gesundheitsausschusses (foto: spd)<\/figcaption><\/figure>\n<p><strong>Meschede\/Marsberg. (spd_pm) \u201eWie gestalten wir unsere Kommune pflegefreundlich?\u201c lautet das Thema der Veranstaltung \u201eFraktion vor Ort\u201c. Dazu l\u00e4dt der heimische Bundestagsabgeordnete Dirk Wiese alle Interessierten am Dienstag, den 12. Mai 2015 ab 19.00 Uhr in das Deutsche Haus nach Marsberg ein.<\/strong><\/p>\n<p>\u201e\u00c4lter werdende Menschen, pflegende Angeh\u00f6rige, Pflegefachkr\u00e4fte \u2013 alle Teile der Bev\u00f6lkerung sind fr\u00fcher oder sp\u00e4ter mit dem Thema Pflege besch\u00e4ftigt\u201c, so MdB Wiese. Bei der n\u00f6tigen Weiterentwicklung der Pflegeversicherung m\u00fcssen die h\u00e4usliche Pflege, die Vereinbarkeit von Pflege und Beruf, gute Arbeit f\u00fcr Pflegefachkr\u00e4fte und gute Pflegeinfrastruktur besonders im l\u00e4ndlichen Raum gest\u00e4rkt werden.<\/p>\n<p>Zusammen mit Dr. Edgar Franke MdB, Vorsitzender des Gesundheitsausschusses, will Dirk Wiese Meinungen und Fragen der B\u00fcrgerinnen und B\u00fcrger rund um das Thema Pflege diskutieren. Dazu l\u00e4dt der Bundestagsabgeordnete herzlich ein und freut sich auf eine zahlreiche Teilnahme. In Kurzimpulsen werden als weitere G\u00e4ste werden Klaus Niggemann, Pflegedirektor im St. Marien-Hospital Marsberg, Ulrich M\u00f6nke, Vorsitzender Johannes F\u00f6rderverein Arnsberg und Wolfgang Schlenke, Bezirksgesch\u00e4ftsf\u00fchrer ver.di, ihre Anforderungen an eine gute Pflegepolitik \u00e4u\u00dfern. Anschlie\u00dfend ist Zeit f\u00fcr Fragen und Diskussion mit den G\u00e4sten.<\/p>\n<p>Aktuelle Informationen \u00fcber die SPD im Hochsauerland und vom Bundestagsabgeordneten Dirk Wiese befinden sich im Internet unter <a href=\"http:\/\/www.hsk-spd.de\" target=\"_blank\">www.hsk-spd.de<\/a> und <a href=\"http:\/\/www.dirkwiese.de\" target=\"_blank\">www.dirkwiese.de<\/a>.<\/p>\n","protected":false},"excerpt":{"rendered":"<p>Meschede\/Marsberg. (spd_pm) \u201eWie gestalten wir unsere Kommune pflegefreundlich?\u201c lautet das Thema der Veranstaltung \u201eFraktion vor Ort\u201c. Dazu l\u00e4dt der heimische Bundestagsabgeordnete Dirk Wiese alle Interessierten am Dienstag, den 12. Mai &hellip; <a href=\"https:\/\/www.schiebener.net\/wordpress\/fraktion-vor-ort-tag-der-pflege-pflegepolitik-in-einer-aelter-werdenden-gesellschaft\/\" class=\"more-link\"><span class=\"screen-reader-text\">\u201eFraktion vor Ort: \u201eTag der Pflege\u201c \u2013 Pflegepolitik in einer \u00e4lter werdenden Gesellschaft\u201c <\/span>weiterlesen<\/a><\/p>\n","protected":false},"author":17,"featured_media":0,"comment_status":"open","ping_status":"open","sticky":false,"template":"","format":"standard","meta":{"footnotes":""},"categories":[303,80,24,1043,4761],"tags":[5632,655,13],"class_list":["post-32313","post","type-post","status-publish","format-standard","hentry","category-in-unserem-briefkasten","category-lokales","category-politik","category-pressemitteilungen","category-soziales","tag-fraktion-vor-ort","tag-pressemitteilung","tag-spd"],"_links":{"self":[{"href":"https:\/\/www.schiebener.net\/wordpress\/wp-json\/wp\/v2\/posts\/32313","targetHints":{"allow":["GET"]}}],"collection":[{"href":"https:\/\/www.schiebener.net\/wordpress\/wp-json\/wp\/v2\/posts"}],"about":[{"href":"https:\/\/www.schiebener.net\/wordpress\/wp-json\/wp\/v2\/types\/post"}],"author":[{"embeddable":true,"href":"https:\/\/www.schiebener.net\/wordpress\/wp-json\/wp\/v2\/users\/17"}],"replies":[{"embeddable":true,"href":"https:\/\/www.schiebener.net\/wordpress\/wp-json\/wp\/v2\/comments?post=32313"}],"version-history":[{"count":0,"href":"https:\/\/www.schiebener.net\/wordpress\/wp-json\/wp\/v2\/posts\/32313\/revisions"}],"wp:attachment":[{"href":"https:\/\/www.schiebener.net\/wordpress\/wp-json\/wp\/v2\/media?parent=32313"}],"wp:term":[{"taxonomy":"category","embeddable":true,"href":"https:\/\/www.schiebener.net\/wordpress\/wp-json\/wp\/v2\/categories?post=32313"},{"taxonomy":"post_tag","embeddable":true,"href":"https:\/\/www.schiebener.net\/wordpress\/wp-json\/wp\/v2\/tags?post=32313"}],"curies":[{"name":"wp","href":"https:\/\/api.w.org\/{rel}","templated":true}]}}