{"id":32309,"date":"2015-05-04T21:31:53","date_gmt":"2015-05-04T20:31:53","guid":{"rendered":"http:\/\/www.schiebener.net\/wordpress\/?p=32309"},"modified":"2015-05-04T21:31:53","modified_gmt":"2015-05-04T20:31:53","slug":"gew-pm-inklusion-braucht-mehr-ressourcen-umsetzung-an-schulen-nicht-zufriedenstellend","status":"publish","type":"post","link":"https:\/\/www.schiebener.net\/wordpress\/gew-pm-inklusion-braucht-mehr-ressourcen-umsetzung-an-schulen-nicht-zufriedenstellend\/","title":{"rendered":"GEW-PM: Inklusion braucht mehr Ressourcen &#8211; Umsetzung an Schulen nicht zufriedenstellend"},"content":{"rendered":"<p><strong>Essen. (<a href=\"http:\/\/www.gew-nrw.de\/index.php?id=3191\" target=\"_blank\">gew_pm<\/a>) Das Recht auf Bildung ist universelles Menschenrecht. Kinder und Jugendliche mit und ohne Handicap haben Anspruch auf ein qualitativ hochwertiges Schulangebot. Doch die Realit\u00e4t an den Schulen sieht anders aus. Die GEW ist mit der Umsetzung der UN-Behindertenrechtskonvention nicht zufrieden und fordert zus\u00e4tzliches Personal und mehr Ressourcen.<\/strong><\/p>\n<p>&#8222;Zwar ist erfreulicherweise die Zahl der Sch\u00fclerinnen und Sch\u00fcler mit Behinderungen, die eine Regelschule besuchen, deutlich ansteigend. Mit Blick auf die Qualit\u00e4t der Inklusion k\u00f6nnen wir aber leider nicht zufrieden sein. In den Schulen sind die Probleme, die sich dadurch ergeben, nicht mehr zu \u00fcbersehen&#8220;, sagte heute GEW-Landesvorsitzende Dorothea Sch\u00e4fer anl\u00e4sslich des morgigen &#8222;<a href=\"http:\/\/www.drk.de\/news\/meldung\/8074-europaeischer-protesttag-fuer-inklusion-am-5-mai-behinderte-menschen-umfassend-beteiligen.html\" target=\"_blank\">Europ\u00e4ischen Protesttages zur Gleichstellung von Menschen mit Behinderungen<\/a>&#8222;.<\/p>\n<p><!--more--><br \/>\nDie GEW-Landesvorsitzende verwies auf zahlreiche Hinweise und R\u00fcckmeldungen aus den Schulen. Vor allem die vorgesehenen Ressourcen f\u00fcr die Inklusion reichten nicht aus. Es fehlten &#8211; so der einhellige Tenor &#8211; Qualit\u00e4tsstandards, eine zentrale, transparente Steuerung und Unterst\u00fctzung f\u00fcr die Entwicklung zur inklusiven Schule.<\/p>\n<p>Sch\u00e4fer fordert f\u00fcr die GEW: &#8222;Eine Regelschul- und eine F\u00f6rderschullehrkraft sollen in Klassen mit maximal 20 Kindern, davon bis zu f\u00fcnf mit besonderem F\u00f6rderbedarf, unterrichten. Daf\u00fcr ist die Erh\u00f6hung des Stellenbudgets erforderlich.&#8220; Es sei ein Fehler gewesen, seitens des Schulministeriums die Zahl der Stellen f\u00fcr die F\u00f6rderung von Kindern mit Lern-, Sprach- und Entwicklungsst\u00f6rungen zu deckeln. Durch die Verteilung der Kinder auf eine gr\u00f6\u00dfere Zahl von Schulen seien die Bedingungen in den Schulen schlechter als vorher. Hinzu k\u00e4me der gr\u00f6\u00dfere F\u00f6rderbedarf durch die steigende Zahl von Fl\u00fcchtlingskindern. Berechnungen des Bildungsforschers Professor Klaus Klemm zufolge fehlen 7.000 Stellen. Zur Steuerung der Ressourcen fordere die GEW, laut Sch\u00e4fer, einen schulscharfen Sozialindex, der den besonderen Problemlagen vor Ort Rechnung tragen solle. F\u00fcr Beratung und Fortbildung des Lehrpersonals m\u00fcssten \u00fcberdies regionale Fachzentren f\u00fcr inklusive Bildung eingerichtet werden.<\/p>\n","protected":false},"excerpt":{"rendered":"<p>Essen. (gew_pm) Das Recht auf Bildung ist universelles Menschenrecht. Kinder und Jugendliche mit und ohne Handicap haben Anspruch auf ein qualitativ hochwertiges Schulangebot. Doch die Realit\u00e4t an den Schulen sieht &hellip; <a href=\"https:\/\/www.schiebener.net\/wordpress\/gew-pm-inklusion-braucht-mehr-ressourcen-umsetzung-an-schulen-nicht-zufriedenstellend\/\" class=\"more-link\"><span class=\"screen-reader-text\">\u201eGEW-PM: Inklusion braucht mehr Ressourcen &#8211; Umsetzung an Schulen nicht zufriedenstellend\u201c <\/span>weiterlesen<\/a><\/p>\n","protected":false},"author":17,"featured_media":0,"comment_status":"open","ping_status":"open","sticky":false,"template":"","format":"standard","meta":{"footnotes":""},"categories":[3,303,1043],"tags":[348,1781,655],"class_list":["post-32309","post","type-post","status-publish","format-standard","hentry","category-bildung-und-schule","category-in-unserem-briefkasten","category-pressemitteilungen","tag-gew","tag-inklusion","tag-pressemitteilung"],"_links":{"self":[{"href":"https:\/\/www.schiebener.net\/wordpress\/wp-json\/wp\/v2\/posts\/32309","targetHints":{"allow":["GET"]}}],"collection":[{"href":"https:\/\/www.schiebener.net\/wordpress\/wp-json\/wp\/v2\/posts"}],"about":[{"href":"https:\/\/www.schiebener.net\/wordpress\/wp-json\/wp\/v2\/types\/post"}],"author":[{"embeddable":true,"href":"https:\/\/www.schiebener.net\/wordpress\/wp-json\/wp\/v2\/users\/17"}],"replies":[{"embeddable":true,"href":"https:\/\/www.schiebener.net\/wordpress\/wp-json\/wp\/v2\/comments?post=32309"}],"version-history":[{"count":0,"href":"https:\/\/www.schiebener.net\/wordpress\/wp-json\/wp\/v2\/posts\/32309\/revisions"}],"wp:attachment":[{"href":"https:\/\/www.schiebener.net\/wordpress\/wp-json\/wp\/v2\/media?parent=32309"}],"wp:term":[{"taxonomy":"category","embeddable":true,"href":"https:\/\/www.schiebener.net\/wordpress\/wp-json\/wp\/v2\/categories?post=32309"},{"taxonomy":"post_tag","embeddable":true,"href":"https:\/\/www.schiebener.net\/wordpress\/wp-json\/wp\/v2\/tags?post=32309"}],"curies":[{"name":"wp","href":"https:\/\/api.w.org\/{rel}","templated":true}]}}