{"id":32183,"date":"2015-04-20T20:42:19","date_gmt":"2015-04-20T19:42:19","guid":{"rendered":"http:\/\/www.schiebener.net\/wordpress\/?p=32183"},"modified":"2015-04-20T21:07:38","modified_gmt":"2015-04-20T20:07:38","slug":"quartalszahlen-der-tageszeitungen-funke-print-stirbt-langsam-aber-stetig","status":"publish","type":"post","link":"https:\/\/www.schiebener.net\/wordpress\/quartalszahlen-der-tageszeitungen-funke-print-stirbt-langsam-aber-stetig\/","title":{"rendered":"Quartalszahlen der Tageszeitungen: Funke-Print stirbt langsam, aber stetig &#8230;"},"content":{"rendered":"<figure id=\"attachment_32184\" aria-describedby=\"caption-attachment-32184\" style=\"width: 600px\" class=\"wp-caption aligncenter\"><a href=\"http:\/\/www.schiebener.net\/wordpress\/wp-content\/uploads\/2015\/04\/ivw2015042001.jpg\" target=\"_blank\"><img loading=\"lazy\" decoding=\"async\" class=\" wp-image-32184\" src=\"http:\/\/www.schiebener.net\/wordpress\/wp-content\/uploads\/2015\/04\/ivw2015042001.jpg\" alt=\"\u00dcber einen Zeitraum von zwei Jahren haben die Tageszeitungen der Funke-Gruppe zweistellige Verluste bei Abos, Verkauf und Druckauflage erlitten. (screenshot: zoom)\" width=\"600\" height=\"417\" srcset=\"https:\/\/www.schiebener.net\/wordpress\/wp-content\/uploads\/2015\/04\/ivw2015042001.jpg 758w, https:\/\/www.schiebener.net\/wordpress\/wp-content\/uploads\/2015\/04\/ivw2015042001-300x209.jpg 300w\" sizes=\"auto, (max-width: 709px) 85vw, (max-width: 909px) 67vw, (max-width: 984px) 61vw, (max-width: 1362px) 45vw, 600px\" \/><\/a><figcaption id=\"caption-attachment-32184\" class=\"wp-caption-text\">\u00dcber einen Zeitraum von zwei Jahren haben die Tageszeitungen der Funke-Gruppe zweistellige Verluste bei Abos, Verkauf und Druckauflage erlitten. (screenshot: zoom)<\/figcaption><\/figure>\n<p>Heute sind die <a href=\"http:\/\/ivw.de\/aw\/print\/qa\" target=\"_blank\">viertelj\u00e4hrlichen Ausweisungen der Quartalsauflagen<\/a> unter anderem der Tageszeitungen bei der Informationsgemeinschaft zur Feststellung der Verbreitung von Werbetr\u00e4gern e.V. (<a href=\"http:\/\/ivw.de\/\" target=\"_blank\">ivw<\/a>) erschienen.<\/p>\n<p>Der Abw\u00e4rtstrend bei der Funke Mediengruppe, vormals WAZ-Gruppe, zu der unsere Westfalenpost geh\u00f6rt, h\u00e4lt an.<\/p>\n<p>Innerhalb von zwei Jahren sind beispielsweise die Abonnements der Lokalzeitungen um 12,85% gesunken. Statt 652.034 Abonnenten (2013) hatten die Bl\u00e4tter (WAZ, NRZ, WR, WP + IKZ) im im ersten Quartal 2015 nur noch 568.274 treue Leserinnen und Leser.<\/p>\n<p>F\u00fcr die Westfalenpost und &#8222;Zombie&#8220;-WR unserer Region Meschede, Brilon, Warstein sind die Zahlen nicht ganz so dramatisch, aber auch hier geht es ab in die roten Zahlen.<\/p>\n<figure id=\"attachment_32185\" aria-describedby=\"caption-attachment-32185\" style=\"width: 601px\" class=\"wp-caption aligncenter\"><a href=\"http:\/\/www.schiebener.net\/wordpress\/wp-content\/uploads\/2015\/04\/ivw2015042002.jpg\" target=\"_blank\"><img loading=\"lazy\" decoding=\"async\" class=\" wp-image-32185\" src=\"http:\/\/www.schiebener.net\/wordpress\/wp-content\/uploads\/2015\/04\/ivw2015042002.jpg\" alt=\"Die Abonnements sind seit 2013 unter die 30.000er-Linie gefallen.\" width=\"601\" height=\"400\" srcset=\"https:\/\/www.schiebener.net\/wordpress\/wp-content\/uploads\/2015\/04\/ivw2015042002.jpg 757w, https:\/\/www.schiebener.net\/wordpress\/wp-content\/uploads\/2015\/04\/ivw2015042002-300x200.jpg 300w\" sizes=\"auto, (max-width: 709px) 85vw, (max-width: 909px) 67vw, (max-width: 984px) 61vw, (max-width: 1362px) 45vw, 600px\" \/><\/a><figcaption id=\"caption-attachment-32185\" class=\"wp-caption-text\">Die Abonnements sind seit 2013 unter die 30.000er-Linie gefallen.<\/figcaption><\/figure>\n<p>Leider haben wir keine Angaben f\u00fcr eine noch detailiertere Aufl\u00f6sung der Zeitungsauflagen in den einzelnen Orten. \u00dcber diese Zahlen verf\u00fcgen allerdings die Verlage, in diesem Fall die Funke-Gruppe, selbst.<\/p>\n<p>Was wir in letzter Zeit beobachten, ist ein gr\u00f6\u00dferes Engagement der WP in den sozialen Medien, insbesondere auf Facebook und Twitter. Ob und wie dies insgesamt der Zeitung n\u00fctzt, k\u00f6nnen wir zur Zeit noch nicht beurteilen.<\/p>\n<p>Bei Twitter ist beispielsweise die Mescheder Lokalredaktion seit dem 13. Mai 2014 aktiv. Dies war ihr Erstling:<\/p>\n<blockquote class=\"twitter-tweet\" lang=\"de\">\n<p>Keine neue Ruine: Telekom-Bunker in <a href=\"https:\/\/twitter.com\/hashtag\/Meschede?src=hash\">#Meschede<\/a> steht vor dem Verkauf. <a href=\"http:\/\/t.co\/KnA1hv4NbZ\">http:\/\/t.co\/KnA1hv4NbZ<\/a><\/p>\n<p>&mdash; WP Meschede (@WPMeschede) <a href=\"https:\/\/twitter.com\/WPMeschede\/status\/466150335694663681\">13. Mai 2014<\/a><\/p><\/blockquote>\n<p><script async src=\"\/\/platform.twitter.com\/widgets.js\" charset=\"utf-8\"><\/script><\/p>\n<p>Die Redaktion folgt selbst 9(!) anderen Twitterern, was nicht gerade f\u00fcr eine intensive Recherche in diesem Zweig der Medien spricht und hat auch nur 88 Follower. Seit dem 13. Mai hat die Redaktion 239 Tweets abgesetzt, also Nullkommaetwas pro Tag.<\/p>\n<p>Die Redaktion folgt lediglich einem einzigen bekannten Politiker aus der CDU, n\u00e4mlich Herrn Sensburg, ansonsten mehr oder weniger sich selbst und ein paar weiteren Lokalmedien. Da ist also noch Entwicklungspotential \ud83d\ude09<\/p>\n<p>F\u00fcr den ganz gro\u00dfen Blick \u00fcber die Grenzen des Hochsauerlandes hinaus, empfehle ich die Aufbereitung der IVW-Zahlen bei\u00a0<a href=\"http:\/\/meedia.de\/2015\/04\/20\/ivw-blitz-analyse-spiegel-stern-und-focus-im-plus-bild-sz-faz-und-welt-stark-im-minus\/\" target=\"_blank\">Meedia.de<\/a>: &#8222;IVW-Blitz-Analyse: Spiegel, stern und Focus im Plus \u2013 Bild, SZ, FAZ und Welt stark im Minus&#8220;<\/p>\n","protected":false},"excerpt":{"rendered":"<p>Heute sind die viertelj\u00e4hrlichen Ausweisungen der Quartalsauflagen unter anderem der Tageszeitungen bei der Informationsgemeinschaft zur Feststellung der Verbreitung von Werbetr\u00e4gern e.V. (ivw) erschienen. Der Abw\u00e4rtstrend bei der Funke Mediengruppe, vormals &hellip; <a href=\"https:\/\/www.schiebener.net\/wordpress\/quartalszahlen-der-tageszeitungen-funke-print-stirbt-langsam-aber-stetig\/\" class=\"more-link\"><span class=\"screen-reader-text\">\u201eQuartalszahlen der Tageszeitungen: Funke-Print stirbt langsam, aber stetig &#8230;\u201c <\/span>weiterlesen<\/a><\/p>\n","protected":false},"author":3,"featured_media":0,"comment_status":"open","ping_status":"open","sticky":false,"template":"","format":"standard","meta":{"footnotes":""},"categories":[80,32],"tags":[4246,4915,4254,340,622,4782],"class_list":["post-32183","post","type-post","status-publish","format-standard","hentry","category-lokales","category-medien","tag-funke-gruppe","tag-ivw-auflagenzahlen","tag-quartalszahlen","tag-westfalenpost","tag-wr","tag-zombie-zeitung"],"_links":{"self":[{"href":"https:\/\/www.schiebener.net\/wordpress\/wp-json\/wp\/v2\/posts\/32183","targetHints":{"allow":["GET"]}}],"collection":[{"href":"https:\/\/www.schiebener.net\/wordpress\/wp-json\/wp\/v2\/posts"}],"about":[{"href":"https:\/\/www.schiebener.net\/wordpress\/wp-json\/wp\/v2\/types\/post"}],"author":[{"embeddable":true,"href":"https:\/\/www.schiebener.net\/wordpress\/wp-json\/wp\/v2\/users\/3"}],"replies":[{"embeddable":true,"href":"https:\/\/www.schiebener.net\/wordpress\/wp-json\/wp\/v2\/comments?post=32183"}],"version-history":[{"count":0,"href":"https:\/\/www.schiebener.net\/wordpress\/wp-json\/wp\/v2\/posts\/32183\/revisions"}],"wp:attachment":[{"href":"https:\/\/www.schiebener.net\/wordpress\/wp-json\/wp\/v2\/media?parent=32183"}],"wp:term":[{"taxonomy":"category","embeddable":true,"href":"https:\/\/www.schiebener.net\/wordpress\/wp-json\/wp\/v2\/categories?post=32183"},{"taxonomy":"post_tag","embeddable":true,"href":"https:\/\/www.schiebener.net\/wordpress\/wp-json\/wp\/v2\/tags?post=32183"}],"curies":[{"name":"wp","href":"https:\/\/api.w.org\/{rel}","templated":true}]}}