{"id":32148,"date":"2015-04-15T20:43:18","date_gmt":"2015-04-15T19:43:18","guid":{"rendered":"http:\/\/www.schiebener.net\/wordpress\/?p=32148"},"modified":"2015-04-15T20:46:27","modified_gmt":"2015-04-15T19:46:27","slug":"erweiterungsbau-fuer-das-sauerlandmuseum-masslos-enttaeuscht-kopfschuetteln-und-unverstaendnis-bei-erfahrenen-beobachtern","status":"publish","type":"post","link":"https:\/\/www.schiebener.net\/wordpress\/erweiterungsbau-fuer-das-sauerlandmuseum-masslos-enttaeuscht-kopfschuetteln-und-unverstaendnis-bei-erfahrenen-beobachtern\/","title":{"rendered":"Erweiterungsbau f\u00fcr das Sauerlandmuseum: \u201cMa\u00dflos entt\u00e4uscht\u201d. Kopfsch\u00fctteln und Unverst\u00e4ndnis bei erfahrenen Beobachtern."},"content":{"rendered":"<figure id=\"attachment_32149\" aria-describedby=\"caption-attachment-32149\" style=\"width: 600px\" class=\"wp-caption aligncenter\"><img loading=\"lazy\" decoding=\"async\" class=\"size-full wp-image-32149\" src=\"http:\/\/www.schiebener.net\/wordpress\/wp-content\/uploads\/2015\/04\/BlauerSaal2015041401.jpg\" alt=\"B\u00fcrgerinformationsveranstaltung der Kreisverwaltung im Blauen Saal in der Arnsberger Altstadt. (foto: loos)\" width=\"600\" height=\"400\" srcset=\"https:\/\/www.schiebener.net\/wordpress\/wp-content\/uploads\/2015\/04\/BlauerSaal2015041401.jpg 600w, https:\/\/www.schiebener.net\/wordpress\/wp-content\/uploads\/2015\/04\/BlauerSaal2015041401-300x200.jpg 300w\" sizes=\"auto, (max-width: 709px) 85vw, (max-width: 909px) 67vw, (max-width: 984px) 61vw, (max-width: 1362px) 45vw, 600px\" \/><figcaption id=\"caption-attachment-32149\" class=\"wp-caption-text\">B\u00fcrgerinformationsveranstaltung der Kreisverwaltung im Blauen Saal in der Arnsberger Altstadt. (foto: loos)<\/figcaption><\/figure>\n<p><strong>Sehr unterschiedliche Reaktionen gab es am Abend des 14. April bei der B\u00fcrgerinformationsveranstaltung der Kreisverwaltung im Blauen Saal in der Arnsberger Altstadt. Es ging um den Erweiterungsbau f\u00fcr das Sauerlandmuseum. Landrat, Abteilungsleiter, Museumsleiter und eine Mitarbeiterin des Architekturb\u00fcros sollten den Stand der (Um-)Planungen vorstellen.<\/strong><\/p>\n<p>Einer der etwa 65 Anwesenden meinte, man sollte nun endlich sofort anfangen zu bauen. Vielen gefielen die neuen Pl\u00e4ne aber \u00fcberhaupt nicht. F\u00fcr das \u00e4u\u00dfere Erscheinungsbild des Erweiterungsbaus gab es Bezeichnungen wie \u201cBunker\u201d. Ein amderer Teilnehmer meinte, er sei \u201cma\u00dflos entt\u00e4uscht\u201d. Mehrfach wurde darauf hingewiesen, dass die nun f\u00fcr die Realisierung vorgesehene Planung fast nichts mehr mit dem urspr\u00fcnglich ausgew\u00e4hlten Entwurf zu tun h\u00e4tte; daraus wurde die Forderung erhoben, auch andere Wettbewerbsentw\u00fcrfe, die von vorneherein nicht so tief in den Hang eingegraben werden sollten, wieder zu ber\u00fccksichtigen.<\/p>\n<p>Konkrete Anregungen gingen dahin, die Lage der Verbindungsbr\u00fccke zwischen Altbau und Neubau zu ver\u00e4ndern, so dass eine k\u00fcrzere Verbindung entst\u00fcnde, und das oberste Geschoss des Erweiterungsbaus abzustufen. Auch die Fassadengestaltung war ein des \u00f6fteren angesprochenes Thema.<\/p>\n<p>Einige Aussagen der Kreisverwaltung konnten bei erfahrenen Beobachtern Kopfsch\u00fctteln und Unverst\u00e4ndnis ausl\u00f6sen.<\/p>\n<p><!--more--><br \/>\nSo behauptete der zust\u00e4ndige Abteilungsleiter, damals (bei der Entscheidung \u00fcber die Architektenentw\u00fcrfe) habe niemand wissen k\u00f6nnen, welche Probleme mit der Hanglage verbunden sind.<\/p>\n<p>Aber: Kritische Stellungnahmen zur Hangbebauung mit ganz tiefer Baugrube gab es auch schon in den Jahren 2012 und 2013, insbesondere von der SBL und auf diesen Internetseiten. Nur wollten das Landrat und Kreisverwaltung damals nicht zur Kenntnis nehmen.<\/p>\n<p>Der Abteilungsleiter erweckte au\u00dferdem den Eindruck, dass dem Kreis 4,6 Mio Euro an Landeszusch\u00fcssen verloren gingen, wenn der Neubau nicht realisiert w\u00fcrde. Das ist nur die halbe Wahrheit. Es trifft zwar zu, dass bisher die Zusch\u00fcsse ausdr\u00fccklich f\u00fcr den Neubau bewilligt wurden. Aber es best\u00fcnden sehr gute Chancen, dass es bei einem Beschluss des Kreistags, neue Museumsfl\u00e4che durch Umbau von leerstehenden Geb\u00e4uden in der Arnsberger Altstadt zu schaffen, auch daf\u00fcr F\u00f6rdermittel geben w\u00fcrde.<\/p>\n<p>Und Landrat sowie Kreisverwaltung scheinen sich tats\u00e4chlich nicht mehr mit den anderen im Architektenwettbewerb eingereichten Entw\u00fcrfen befasst zu haben. Schon damals (2012) gab es mehrere unter den 29 Entw\u00fcrfen, die Altbau und Neubau mittels einer Br\u00fccke und nicht unterirdisch verbinden wollten; auch der 3. Preistr\u00e4ger z\u00e4hlte dazu. Die Entw\u00fcrfe waren im Obergeschoss des \u2013 damals noch ge\u00f6ffneten \u2013 Sauerlandmuseums ausgestellt worden.<\/p>\n<p>Auch drei Kreistagsmitglieder waren bei der B\u00fcrgerversammlung anwesend. Sie beschr\u00e4nkten sich aber alle auf\u2019s Zuh\u00f6ren.<\/p>\n","protected":false},"excerpt":{"rendered":"<p>Sehr unterschiedliche Reaktionen gab es am Abend des 14. April bei der B\u00fcrgerinformationsveranstaltung der Kreisverwaltung im Blauen Saal in der Arnsberger Altstadt. Es ging um den Erweiterungsbau f\u00fcr das Sauerlandmuseum. &hellip; <a href=\"https:\/\/www.schiebener.net\/wordpress\/erweiterungsbau-fuer-das-sauerlandmuseum-masslos-enttaeuscht-kopfschuetteln-und-unverstaendnis-bei-erfahrenen-beobachtern\/\" class=\"more-link\"><span class=\"screen-reader-text\">\u201eErweiterungsbau f\u00fcr das Sauerlandmuseum: \u201cMa\u00dflos entt\u00e4uscht\u201d. Kopfsch\u00fctteln und Unverst\u00e4ndnis bei erfahrenen Beobachtern.\u201c <\/span>weiterlesen<\/a><\/p>\n","protected":false},"author":31,"featured_media":0,"comment_status":"open","ping_status":"open","sticky":false,"template":"","format":"standard","meta":{"footnotes":""},"categories":[3182,674,80,24],"tags":[1350,5597,5598,1943],"class_list":["post-32148","post","type-post","status-publish","format-standard","hentry","category-finanzen","category-kultur","category-lokales","category-politik","tag-arnsberg","tag-blauer-saal","tag-buergerinformationsveranstaltung","tag-sauerlandmuseum"],"_links":{"self":[{"href":"https:\/\/www.schiebener.net\/wordpress\/wp-json\/wp\/v2\/posts\/32148","targetHints":{"allow":["GET"]}}],"collection":[{"href":"https:\/\/www.schiebener.net\/wordpress\/wp-json\/wp\/v2\/posts"}],"about":[{"href":"https:\/\/www.schiebener.net\/wordpress\/wp-json\/wp\/v2\/types\/post"}],"author":[{"embeddable":true,"href":"https:\/\/www.schiebener.net\/wordpress\/wp-json\/wp\/v2\/users\/31"}],"replies":[{"embeddable":true,"href":"https:\/\/www.schiebener.net\/wordpress\/wp-json\/wp\/v2\/comments?post=32148"}],"version-history":[{"count":0,"href":"https:\/\/www.schiebener.net\/wordpress\/wp-json\/wp\/v2\/posts\/32148\/revisions"}],"wp:attachment":[{"href":"https:\/\/www.schiebener.net\/wordpress\/wp-json\/wp\/v2\/media?parent=32148"}],"wp:term":[{"taxonomy":"category","embeddable":true,"href":"https:\/\/www.schiebener.net\/wordpress\/wp-json\/wp\/v2\/categories?post=32148"},{"taxonomy":"post_tag","embeddable":true,"href":"https:\/\/www.schiebener.net\/wordpress\/wp-json\/wp\/v2\/tags?post=32148"}],"curies":[{"name":"wp","href":"https:\/\/api.w.org\/{rel}","templated":true}]}}