{"id":32127,"date":"2015-04-14T18:44:55","date_gmt":"2015-04-14T17:44:55","guid":{"rendered":"http:\/\/www.schiebener.net\/wordpress\/?p=32127"},"modified":"2015-04-14T20:28:51","modified_gmt":"2015-04-14T19:28:51","slug":"unfallkurve-haus-wildenstein-ein-toter-und-eine-schwerverletzter","status":"publish","type":"post","link":"https:\/\/www.schiebener.net\/wordpress\/unfallkurve-haus-wildenstein-ein-toter-und-eine-schwerverletzter\/","title":{"rendered":"Unfallkurve Haus Wildenstein: Ein Toter und eine Schwerverletzte"},"content":{"rendered":"<figure id=\"attachment_32128\" aria-describedby=\"caption-attachment-32128\" style=\"width: 600px\" class=\"wp-caption aligncenter\"><img loading=\"lazy\" decoding=\"async\" class=\"size-full wp-image-32128\" src=\"http:\/\/www.schiebener.net\/wordpress\/wp-content\/uploads\/2015\/04\/UnfallWildenstein2015041401.jpg\" alt=\"Heute Nachmittag war die die B 480 zwischen Steinhelle und Winterberg gesperrt. (alle fotos: zoom)\" width=\"600\" height=\"450\" srcset=\"https:\/\/www.schiebener.net\/wordpress\/wp-content\/uploads\/2015\/04\/UnfallWildenstein2015041401.jpg 600w, https:\/\/www.schiebener.net\/wordpress\/wp-content\/uploads\/2015\/04\/UnfallWildenstein2015041401-300x225.jpg 300w\" sizes=\"auto, (max-width: 709px) 85vw, (max-width: 909px) 67vw, (max-width: 984px) 61vw, (max-width: 1362px) 45vw, 600px\" \/><figcaption id=\"caption-attachment-32128\" class=\"wp-caption-text\">Heute Nachmittag war die die B 480 zwischen Steinhelle und Winterberg gesperrt. (alle fotos: zoom)<\/figcaption><\/figure>\n<p><strong>Als ich heute Nachmittag nach Hause radeln wollte, war die B 480 Richtung Winterberg ab Abzweig Steinhelle wegen eines t\u00f6dlichen Unfalls in der Kurve bei Haus Wildenstein nahe Wiemeringhausen gesperrt.<\/strong><\/p>\n<p>Ein Kradfahrer war Ende der Kurve aus Richtung Winterberg kommend in den Gegenverkehr geraten und mit einem Kleinwagen zusammengesto\u00dfen. Der Motorradfahrer starb (soweit ich es bisher geh\u00f6rt habe) <del>an der Unfallstelle<\/del>, der Fahrer\/die Fahrerin des Kleinwagens wurde schwer verletzt. [1]<\/p>\n<figure id=\"attachment_32129\" aria-describedby=\"caption-attachment-32129\" style=\"width: 600px\" class=\"wp-caption aligncenter\"><img loading=\"lazy\" decoding=\"async\" class=\"size-full wp-image-32129\" src=\"http:\/\/www.schiebener.net\/wordpress\/wp-content\/uploads\/2015\/04\/UnfallWildenstein2015041402.jpg\" alt=\"Die Unfall-Zeichnungen sind auf dem Asphalt gut zu erkennen. \" width=\"600\" height=\"276\" srcset=\"https:\/\/www.schiebener.net\/wordpress\/wp-content\/uploads\/2015\/04\/UnfallWildenstein2015041402.jpg 600w, https:\/\/www.schiebener.net\/wordpress\/wp-content\/uploads\/2015\/04\/UnfallWildenstein2015041402-300x138.jpg 300w\" sizes=\"auto, (max-width: 709px) 85vw, (max-width: 909px) 67vw, (max-width: 984px) 61vw, (max-width: 1362px) 45vw, 600px\" \/><figcaption id=\"caption-attachment-32129\" class=\"wp-caption-text\">Die Unfall-Zeichnungen sind auf dem Asphalt gut zu erkennen.<\/figcaption><\/figure>\n<p>Auf dem Bild ist der Unfallverlauf grob zu erkennen. Nicht zu sehen ist das besch\u00e4digte Asphaltst\u00fcck am \u00dcbergang des Ruhrtalradwegs. Ob dieses Teilst\u00fcck zum Unfall beigetragen hat, sollte zumindest erwogen werden.<\/p>\n<p>Vom Motorrad ist nicht viel in Form geblieben.\u00a0Eine Kurve, ein Fahrfehler(?), das Ende &#8230; \ud83d\ude41<\/p>\n<figure id=\"attachment_32130\" aria-describedby=\"caption-attachment-32130\" style=\"width: 600px\" class=\"wp-caption aligncenter\"><img loading=\"lazy\" decoding=\"async\" class=\"size-full wp-image-32130\" src=\"http:\/\/www.schiebener.net\/wordpress\/wp-content\/uploads\/2015\/04\/UnfallWildenstein2015041403.jpg\" alt=\"Eine Kurve, ein Fahrfehler(?), das Ende ...\" width=\"600\" height=\"197\" srcset=\"https:\/\/www.schiebener.net\/wordpress\/wp-content\/uploads\/2015\/04\/UnfallWildenstein2015041403.jpg 600w, https:\/\/www.schiebener.net\/wordpress\/wp-content\/uploads\/2015\/04\/UnfallWildenstein2015041403-300x99.jpg 300w\" sizes=\"auto, (max-width: 709px) 85vw, (max-width: 909px) 67vw, (max-width: 984px) 61vw, (max-width: 1362px) 45vw, 600px\" \/><figcaption id=\"caption-attachment-32130\" class=\"wp-caption-text\">Eine Kurve, ein Fahrfehler(?), das Ende &#8230;<\/figcaption><\/figure>\n<p>Der heutige Unfall ist f\u00fcr mich wie eine zynische Fortsetzung\u00a0<a href=\"http:\/\/www.schiebener.net\/wordpress\/?s=%22Wildenstein%22\" target=\"_blank\">unserer eigenen Berichterstattung<\/a> zur Unfallkurve &#8222;Haus Wildenstein&#8220; sowie ein makaberes Ende der Online Petition von Wilfried Wegener und Heike Grosche\u00a0<a href=\"https:\/\/www.openpetition.de\/petition\/online\/gefahrenbrennpunkt-wiemeringhausen-und-haus-wildenstein-ruhrtalradweg\" target=\"_blank\">&#8222;Gefahrenbrennpunkt Wiemeringhausen und Haus Wildenstein &#8211; Ruhrtalradweg&#8220;<\/a> , die mit dem gestrigen Tag endete.<\/p>\n<p><em>[1]\u00a0Dabei wurde der Motorradfahrer mit einem Rettungshubschrauber in eine Spezialklinik geflogen. Hier erlag der Kradfahrer &#8211; ein 28-J\u00e4hriger aus Siegen &#8211; seinen schweren Verletzungen. Die 20-j\u00e4hrige Pkw-Fahrerin aus Schmallenberg wurde bei dem Aufprall schwer verletzt.<\/em><\/p>\n<p><em>Quelle:\u00a0http:\/\/www.derwesten.de\/staedte\/nachrichten-aus-brilon-marsberg-und-olsberg\/motorradfahrer-stirbt-nach-kollision-bei-haus-wildenstein-id10562501.html<\/em><\/p>\n<p>&nbsp;<\/p>\n","protected":false},"excerpt":{"rendered":"<p>Als ich heute Nachmittag nach Hause radeln wollte, war die B 480 Richtung Winterberg ab Abzweig Steinhelle wegen eines t\u00f6dlichen Unfalls in der Kurve bei Haus Wildenstein nahe Wiemeringhausen gesperrt. &hellip; <a href=\"https:\/\/www.schiebener.net\/wordpress\/unfallkurve-haus-wildenstein-ein-toter-und-eine-schwerverletzter\/\" class=\"more-link\"><span class=\"screen-reader-text\">\u201eUnfallkurve Haus Wildenstein: Ein Toter und eine Schwerverletzte\u201c <\/span>weiterlesen<\/a><\/p>\n","protected":false},"author":3,"featured_media":0,"comment_status":"open","ping_status":"open","sticky":false,"template":"","format":"standard","meta":{"footnotes":""},"categories":[80,24,618],"tags":[4866,5203,5204,5594,5593],"class_list":["post-32127","post","type-post","status-publish","format-standard","hentry","category-lokales","category-politik","category-verkehr","tag-haus-wildenstein","tag-petition-haus-wildenstein","tag-ruhrtalradweg","tag-toedlicher-unfall","tag-unfallkurve-haus-wildenstein"],"_links":{"self":[{"href":"https:\/\/www.schiebener.net\/wordpress\/wp-json\/wp\/v2\/posts\/32127","targetHints":{"allow":["GET"]}}],"collection":[{"href":"https:\/\/www.schiebener.net\/wordpress\/wp-json\/wp\/v2\/posts"}],"about":[{"href":"https:\/\/www.schiebener.net\/wordpress\/wp-json\/wp\/v2\/types\/post"}],"author":[{"embeddable":true,"href":"https:\/\/www.schiebener.net\/wordpress\/wp-json\/wp\/v2\/users\/3"}],"replies":[{"embeddable":true,"href":"https:\/\/www.schiebener.net\/wordpress\/wp-json\/wp\/v2\/comments?post=32127"}],"version-history":[{"count":0,"href":"https:\/\/www.schiebener.net\/wordpress\/wp-json\/wp\/v2\/posts\/32127\/revisions"}],"wp:attachment":[{"href":"https:\/\/www.schiebener.net\/wordpress\/wp-json\/wp\/v2\/media?parent=32127"}],"wp:term":[{"taxonomy":"category","embeddable":true,"href":"https:\/\/www.schiebener.net\/wordpress\/wp-json\/wp\/v2\/categories?post=32127"},{"taxonomy":"post_tag","embeddable":true,"href":"https:\/\/www.schiebener.net\/wordpress\/wp-json\/wp\/v2\/tags?post=32127"}],"curies":[{"name":"wp","href":"https:\/\/api.w.org\/{rel}","templated":true}]}}