{"id":32088,"date":"2015-04-10T17:58:12","date_gmt":"2015-04-10T16:58:12","guid":{"rendered":"http:\/\/www.schiebener.net\/wordpress\/?p=32088"},"modified":"2015-04-10T17:58:12","modified_gmt":"2015-04-10T16:58:12","slug":"pressemitteilung-von-gib-fratzscherkommission-ist-zerstritten-und-ueberfluessig-gewerkschaften-wollen-kein-zweites-hartz-iv","status":"publish","type":"post","link":"https:\/\/www.schiebener.net\/wordpress\/pressemitteilung-von-gib-fratzscherkommission-ist-zerstritten-und-ueberfluessig-gewerkschaften-wollen-kein-zweites-hartz-iv\/","title":{"rendered":"Pressemitteilung von GiB: Fratzscherkommission ist zerstritten und \u00fcberfl\u00fcssig, Gewerkschaften wollen kein zweites \u201cHartz-IV\u201d"},"content":{"rendered":"<figure id=\"attachment_32089\" aria-describedby=\"caption-attachment-32089\" style=\"width: 600px\" class=\"wp-caption aligncenter\"><a href=\"http:\/\/www.schiebener.net\/wordpress\/wp-content\/uploads\/2015\/04\/GiBGabriel2015.png\"><img loading=\"lazy\" decoding=\"async\" class=\"size-full wp-image-32089\" src=\"http:\/\/www.schiebener.net\/wordpress\/wp-content\/uploads\/2015\/04\/GiBGabriel2015.png\" alt=\"Aktion \u201cGabriel stoppen!\u201d am 26.02.2015 (foto: GIB)\" width=\"600\" height=\"445\" srcset=\"https:\/\/www.schiebener.net\/wordpress\/wp-content\/uploads\/2015\/04\/GiBGabriel2015.png 600w, https:\/\/www.schiebener.net\/wordpress\/wp-content\/uploads\/2015\/04\/GiBGabriel2015-300x223.png 300w\" sizes=\"auto, (max-width: 709px) 85vw, (max-width: 909px) 67vw, (max-width: 984px) 61vw, (max-width: 1362px) 45vw, 600px\" \/><\/a><figcaption id=\"caption-attachment-32089\" class=\"wp-caption-text\">Aktion \u201cGabriel stoppen!\u201d am 26.02.2015 (foto: GIB)<\/figcaption><\/figure>\n<p><strong>Berlin. (<a href=\"http:\/\/www.gemeingut.org\/fratzscherkommission-ist-zerstritten-und-ueberfluessig-gewerkschaften-wollen-kein-zweites-hartz-iv\/\" target=\"_blank\">gib_pm<\/a>) Wie Gemeingut in B\u00fcrgerInnenhand (GiB) aus Kommissionskreisen erfahren hat, wird die Kommission ihren Abschlussbericht schon kommenden Montag in einer Pressekonferenz vorstellen.<\/strong><\/p>\n<p>Damit entf\u00e4llt der urspr\u00fcngliche Plan, den Bericht auf einem Investitionskongresses im BMWI am 21.4.2015 dem Minister Sigmar Gabriel \u00fcberreichen. Der Hintergrund ist, dass die Kommission in sich zerstritten ist.<\/p>\n<p><strong>Laura Valentukeviciute von GiB sagte dazu:<\/strong><\/p>\n<blockquote><p>\u201cInsbesondere die Gewerkschaften haben offenbar kein Interesse daran, noch einmal wie bei der Harz-IV-Kommission strittige Regierungsvorhaben \u2013 in diesem Fall umfassende Privatisierung der Infrastruktur \u2013 zu legitimieren. So wurden im Berichtsentwurf genannte Nachteile von \u00d6PP wie hohe\u00a0 Transaktionskosten, langfristige Vertragsbindung sowie Insolvenzrisiken wieder gestrichen.\u201d<\/p><\/blockquote>\n<p>GiB hat seit der Ank\u00fcndigung der Kommission zu den Thema aufgekl\u00e4rt und mit dazu beigetragen, dass die Debatte um die geplante Privatisierung der \u00f6ffentlichen Infrastruktur nicht nur hinter verschlossenen T\u00fcren stattgefunden hat.<\/p>\n<p><strong>Dazu Carl Wa\u00dfmuth von Gemeingut in B\u00fcrgerInnenhand (GiB):<\/strong><\/p>\n<blockquote><p>\u201cGabriel ist mit seinem Vorhaben gescheitert, den Versicherungen in der Niedrigzinsphase ein Gesch\u00e4ftsmodell zu schaffen. Er sollte die Gelegenheit nutzen, von den Privatisierungsvorhaben endg\u00fcltig abzur\u00fccken und sich einer soliden Infrastrukturpolitik zuzuwenden. Unsere Daseinsvorsorge braucht keine Privatisierung sondern transparente Entscheidungen und tragf\u00e4hige Konzepte, die sich am echten Bedarf der B\u00fcrgerinnen und B\u00fcrger orientieren und nicht einfach die Interessen der Finanzindustrie bedienen.\u201d<\/p><\/blockquote>\n<p><strong>Hintergrundinformation:<\/strong><br \/>\nBericht der Expertenkommission im Auftrag des Bundesministers f\u00fcr Wirtschaft und Energie, Sigmar Gabriel\u00a0<a href=\"http:\/\/www.gemeingut.org\/wp-content\/uploads\/2015\/04\/2015-03-27_Bericht-der-Expertenkommission-FINAL.pdf\" target=\"_blank\">\u201cSt\u00e4rkung von Investitionen in Deutschland\u201d<\/a>, Entwurfsfassung Stand: 27. M\u00e4rz 2015, S. 46-47 \u201cDie \u00d6PP-Debatte\u201d<\/p>\n","protected":false},"excerpt":{"rendered":"<p>Berlin. (gib_pm) Wie Gemeingut in B\u00fcrgerInnenhand (GiB) aus Kommissionskreisen erfahren hat, wird die Kommission ihren Abschlussbericht schon kommenden Montag in einer Pressekonferenz vorstellen. Damit entf\u00e4llt der urspr\u00fcngliche Plan, den Bericht &hellip; <a href=\"https:\/\/www.schiebener.net\/wordpress\/pressemitteilung-von-gib-fratzscherkommission-ist-zerstritten-und-ueberfluessig-gewerkschaften-wollen-kein-zweites-hartz-iv\/\" class=\"more-link\"><span class=\"screen-reader-text\">\u201ePressemitteilung von GiB: Fratzscherkommission ist zerstritten und \u00fcberfl\u00fcssig, Gewerkschaften wollen kein zweites \u201cHartz-IV\u201d\u201c <\/span>weiterlesen<\/a><\/p>\n","protected":false},"author":17,"featured_media":0,"comment_status":"open","ping_status":"open","sticky":false,"template":"","format":"standard","meta":{"footnotes":""},"categories":[3182,303,24,1043,1208],"tags":[5582,5069,4890,655,1007],"class_list":["post-32088","post","type-post","status-publish","format-standard","hentry","category-finanzen","category-in-unserem-briefkasten","category-politik","category-pressemitteilungen","category-wirtschaft","tag-fratzscherkommission","tag-gemeingut-in-buergerinnenhand","tag-gib","tag-pressemitteilung","tag-sigmar-gabriel"],"_links":{"self":[{"href":"https:\/\/www.schiebener.net\/wordpress\/wp-json\/wp\/v2\/posts\/32088","targetHints":{"allow":["GET"]}}],"collection":[{"href":"https:\/\/www.schiebener.net\/wordpress\/wp-json\/wp\/v2\/posts"}],"about":[{"href":"https:\/\/www.schiebener.net\/wordpress\/wp-json\/wp\/v2\/types\/post"}],"author":[{"embeddable":true,"href":"https:\/\/www.schiebener.net\/wordpress\/wp-json\/wp\/v2\/users\/17"}],"replies":[{"embeddable":true,"href":"https:\/\/www.schiebener.net\/wordpress\/wp-json\/wp\/v2\/comments?post=32088"}],"version-history":[{"count":0,"href":"https:\/\/www.schiebener.net\/wordpress\/wp-json\/wp\/v2\/posts\/32088\/revisions"}],"wp:attachment":[{"href":"https:\/\/www.schiebener.net\/wordpress\/wp-json\/wp\/v2\/media?parent=32088"}],"wp:term":[{"taxonomy":"category","embeddable":true,"href":"https:\/\/www.schiebener.net\/wordpress\/wp-json\/wp\/v2\/categories?post=32088"},{"taxonomy":"post_tag","embeddable":true,"href":"https:\/\/www.schiebener.net\/wordpress\/wp-json\/wp\/v2\/tags?post=32088"}],"curies":[{"name":"wp","href":"https:\/\/api.w.org\/{rel}","templated":true}]}}