{"id":31996,"date":"2015-04-01T19:26:48","date_gmt":"2015-04-01T18:26:48","guid":{"rendered":"http:\/\/www.schiebener.net\/wordpress\/?p=31996"},"modified":"2015-04-01T20:30:07","modified_gmt":"2015-04-01T19:30:07","slug":"umleitung-von-bismarck-ueber-haltern-nach-griechenland-uns-dann-ins-freibad-neheim","status":"publish","type":"post","link":"https:\/\/www.schiebener.net\/wordpress\/umleitung-von-bismarck-ueber-haltern-nach-griechenland-uns-dann-ins-freibad-neheim\/","title":{"rendered":"Umleitung: Von Bismarck \u00fcber Haltern nach Griechenland und dann ins Freibad Neheim"},"content":{"rendered":"<figure id=\"attachment_31095\" aria-describedby=\"caption-attachment-31095\" style=\"width: 231px\" class=\"wp-caption alignleft\"><a href=\"http:\/\/www.schiebener.net\/wordpress\/wp-content\/uploads\/2015\/01\/Bismarck20141227.jpg\" target=\"_blank\"><img loading=\"lazy\" decoding=\"async\" class=\" wp-image-31095\" src=\"http:\/\/www.schiebener.net\/wordpress\/wp-content\/uploads\/2015\/01\/Bismarck20141227.jpg\" alt=\"Bismarck am Ende des Jahres 2014 in Hamburg am Stintfang. (archiv: zoom)\" width=\"231\" height=\"170\" srcset=\"https:\/\/www.schiebener.net\/wordpress\/wp-content\/uploads\/2015\/01\/Bismarck20141227.jpg 600w, https:\/\/www.schiebener.net\/wordpress\/wp-content\/uploads\/2015\/01\/Bismarck20141227-300x221.jpg 300w\" sizes=\"auto, (max-width: 231px) 85vw, 231px\" \/><\/a><figcaption id=\"caption-attachment-31095\" class=\"wp-caption-text\">Bismarck Ende 2014 in Hamburg am Stintfang. (archiv: zoom)<\/figcaption><\/figure>\n<p style=\"padding-left: 30px;\"><strong>Bismarck:<\/strong> Der Eiffelturm, der Schiefe Turm von Pisa, der Dom von Florenz &#8211; sie k\u00f6nnen einpacken angesichts der Bismarckt\u00fcrme &#8230; <a href=\"http:\/\/archiv.twoday.net\/stories\/1022413233\/\" target=\"_blank\">archivtoday<\/a><\/p>\n<p><strong>Hitler &#8211; Personalisierung in der historischen Darstellung und kein Ende:<\/strong> Wer handelt eigentlich in der Vergangenheit und in der Geschichte? Sind es die HerrscherInnen alleine oder ist Bert Brechts literarisch vorgebrachte Kritik im Gedicht \u201cFrage eines lesenden Arbeiters\u201d heute genauso notwendig wie im Jahr 1935? &#8230; <a href=\"http:\/\/public-history-weekly.oldenbourg-verlag.de\/3-2015-10\/hitler-personalisation-in-historical-representation-and-no-end\/\" target=\"_blank\">PublicHistory<\/a><\/p>\n<p><strong>Umgang der Medien mit Sch\u00fclern und Angeh\u00f6rigen in Haltern I:<\/strong> &#8222;Zu Beginn ein kleiner Hinweis: Ich selbst bin Sch\u00fcler am Joseph-K\u00f6nig-Gymnasium, kannte beide Lehrerinnen sowie einige der Sch\u00fclerInnen, die bei dem Flugzeugabsturz am 24. M\u00e4rz in S\u00fcdfrankreich ums Leben kamen. Im Folgenden versuche ich, die Gedanken vieler Sch\u00fcler sowie der Angeh\u00f6rigen einiger Familien mit eigenen Erfahrungen zusammenzufassen&#8220; &#8230; <a href=\"http:\/\/meistergedanke.de\/2015\/umgang-der-medien-mit-schuelern-und-angehoerigen-in-haltern\" target=\"_blank\">meistergedanke<\/a><\/p>\n<p><strong>Umgang der Medien mit Sch\u00fclern und Angeh\u00f6rigen in Haltern II:<\/strong> Wie der Vizechef von Spiegel-TV einen Halterner Sch\u00fcler einsch\u00fcchtert &#8230; <a href=\"http:\/\/www.stefan-niggemeier.de\/blog\/20823\/wie-der-vizechef-von-spiegel-tv-einen-halterner-schueler-einschuechtert\/\" target=\"_blank\">niggemeier<\/a><\/p>\n<p><strong>Umgang der Medien mit Sch\u00fclern und Angeh\u00f6rigen in Haltern III:<\/strong> The Germanwings crash was a tragedy for our school. Then the press descended. Mika Baumeister &#8230; <a href=\"http:\/\/www.theguardian.com\/commentisfree\/2015\/apr\/01\/school-tragedy-germanwings-crash-press-intrusion\" target=\"_blank\">guardian<\/a><\/p>\n<p><strong>Der neue Spiegel ist &#8211; Ausgeliefert:<\/strong> Die Titelseite des neuen Spiegel zeigt einen Blick aus dem Flugzeug auf ein Gebirge. Der Gipfelkamm befindet sich dummerweise auf Augenh\u00f6he, und im Fenster steht in fetten Lettern \u201eAusgeliefert\u201c &#8230; <a href=\"http:\/\/www.jurga.de\/619.html\" target=\"_blank\">jurga<\/a><\/p>\n<p><strong>In eigener Sache:<\/strong> Oberpfalznetz und &#8222;Krautreporter&#8220; &#8230; <a href=\"http:\/\/www.oberpfalznetz.de\/top\/4510360-864-in-eigener-sache-oberpfalznetz-und-krautreporter,1,0.html\" target=\"_blank\">oberpfalznet<\/a><\/p>\n<p><strong>Journalismus und der Aufstieg des Lesers:<\/strong> &#8222;Nachrichten sind das, was jemand irgendwo nicht ver\u00f6ffentlicht haben will. Alles andere ist Reklame&#8220; &#8230; <a href=\"https:\/\/www.freitag.de\/autoren\/the-guardian\/der-aufstieg-des-lesers\" target=\"_blank\">freitag<\/a><\/p>\n<p><strong>Noch ein Projekt:<\/strong> NDR und NachDenkSeiten starten gemeinsamen Zuschauerrat &#8230; <a href=\"http:\/\/www.nachdenkseiten.de\/?p=25609\" target=\"_blank\">nachdenkseiten<\/a><\/p>\n<p><strong>Einf\u00fchrung in den Fefismus:<\/strong> es ist mehr als nur ein gefl\u00fcgeltes Wort, dass Fefe die Bildzeitung der Nerds ist. Der Vergleich trifft es auf vielen Ebenen, auch und gerade auf den Unangenehmen &#8230; <a href=\"http:\/\/mspr0.de\/?p=4272\" target=\"_blank\">mspr0<\/a><\/p>\n<p><strong>Facebook trackt euch alle!<\/strong> Facebook kriegt Euch alle \u2013 nein: hat Euch bereits alle erfasst. Das hat der Guardian in einer Recherche offengelegt &#8230; <a href=\"http:\/\/ruhrnalist.de\/2015\/03\/31\/mein-internet-facebook-trackt-euch-alle\/\" target=\"_blank\">ruhrnalist<\/a><\/p>\n<p><strong>Verlorener &#8222;Krieg gegen die Drogen&#8220;:<\/strong> Former Blackwater gets rich as Afghan drug production hits record high &#8230; <a href=\"http:\/\/www.theguardian.com\/world\/2015\/mar\/31\/blackwater-gets-rich-afghanistan-drug-production\" target=\"_blank\">guardian<\/a><\/p>\n<p><strong>Griechenland vor der Pleite:<\/strong> Tsipras legt Europas Schw\u00e4che blo\u00df &#8230; <a href=\"http:\/\/post-von-horn.de\/2015\/03\/31\/tsipras-legt-europas-schwaeche-bloss\/\" target=\"_blank\">postvonhorn<\/a><\/p>\n<p><strong>GRIECHENLAND &#8211; Eine Frage der Moral:<\/strong> Es geht nicht um Reparationen. Wichtig ist eine Geste der Vers\u00f6hnung mit den Opfern und ihren Nachkommen &#8230; <a href=\"http:\/\/www.juedische-allgemeine.de\/article\/view\/id\/21874\" target=\"_blank\">juedischeallgemeine<\/a><\/p>\n<p><strong>Was bei der Maut noch fehlt?<\/strong> Der R\u00fccktritt von Alexander Dobrindt! &#8230; <a href=\"http:\/\/www.wiesaussieht.de\/2015\/03\/28\/was-bei-der-maut-noch-fehlt-der-ruecktritt-von-alexander-dobrindt\/\" target=\"_blank\">wiesaussieht<\/a><\/p>\n<p><strong>Fracking:<\/strong> Methan im Trinkwasser und Fracking \u2013 Besteht ein Zusammenhang? Fracking ist hierzulande ja so etwas wie der Gottseibeiuns, und fast alle kennen den Film \u201eGasland\u201c, in dem Wasser, das aus einem Wasserhahn tritt, entflammt wird &#8230; <a href=\"http:\/\/www.scilogs.de\/mente-et-malleo\/methan-trinkwasser-fracking-besteht-zusammenhang\/\" target=\"_blank\">scilogs<\/a><\/p>\n<p><strong>H. malt eine Landschaft:<\/strong> Erm\u00f6glicht es nun einen vertieften Blick auf das Schaffen des Freizeitmalers H &#8230; <a href=\"https:\/\/erbloggtes.wordpress.com\/2015\/03\/30\/h-malt-eine-landschaft\/\" target=\"_blank\">erbloggtes<\/a><\/p>\n<p><strong>Zum Tod von Helmut Dietl:<\/strong> \u201cKir Royal\u201d \u2013 ein Gipfelgl\u00fcck der deutschen Fernsehgeschichte &#8230; <a href=\"http:\/\/www.revierpassagen.de\/23983\/tv-nostalgie-12-kir-royal-gier-nach-glanz\/20150330_1813\" target=\"_blank\">revierpassagen<\/a><\/p>\n<p><strong>Sprachlog &#8211; BLOGSPEKTROGRAMM 14\/2015:<\/strong> Im heutige Spektrogramm gehts um Deutsch als Fremd\u2013 und Zweitsprache, das Wort anstelle, noch einmal um den Unterschied zwischen expats und immigrants, darum, ob flie\u00dfende Sprachbeherrschung m\u00f6glich ist und darum, was can&#8217;t even so im Englischen macht &#8230; <a href=\"http:\/\/www.sprachlog.de\/2015\/03\/29\/blogspektrogramm-142015\/\" target=\"_blank\">sprachlog<\/a><\/p>\n<p><strong>TV-Tipp:<\/strong> Die Anstalt &#8230; <a href=\"https:\/\/doppelwacholder.wordpress.com\/2015\/03\/31\/tv-tipp-die-anstalt\/\" target=\"_blank\">doppelwacholder<\/a><\/p>\n<p><strong>Kein sch\u00f6ner Samstag:<\/strong> Es wurde im Vorfeld viel geplant, f\u00fcr ihn geworben und viel \u00fcber ihn geschrieben. \u00dcber den Samstag, den 28. M\u00e4rz, den 10. Todestag von Thomas \u201cSchmuddel\u201d Schulz, der brutal von dem Neonazi Sven Kahlin in der U-Bahn Station Kampstra\u00dfe ermordet wurde &#8230; <a href=\"http:\/\/robert-rutkowski.de\/kein-schoener-samstag\/\" target=\"_blank\">gedankensplitter<\/a><\/p>\n<p><strong>Freibad Neheim:<\/strong> Saisonvorbereitung 2015 &#8230; <a href=\"http:\/\/www.neheims-netz.de\/?p=10866\" target=\"_blank\">neheimsnetz<\/a><\/p>\n<p><strong>Anfrage der SBL\/FW:<\/strong> Weit \u00fcber 1000 junge Menschen im HSK unter gesetzlicher Betreuung &#8230; <a href=\"http:\/\/sbl-fraktion.de\/?p=5618\" target=\"_blank\">sbl<\/a><\/p>\n","protected":false},"excerpt":{"rendered":"<p>Bismarck: Der Eiffelturm, der Schiefe Turm von Pisa, der Dom von Florenz &#8211; sie k\u00f6nnen einpacken angesichts der Bismarckt\u00fcrme &#8230; archivtoday Hitler &#8211; Personalisierung in der historischen Darstellung und kein &hellip; <a href=\"https:\/\/www.schiebener.net\/wordpress\/umleitung-von-bismarck-ueber-haltern-nach-griechenland-uns-dann-ins-freibad-neheim\/\" class=\"more-link\"><span class=\"screen-reader-text\">\u201eUmleitung: Von Bismarck \u00fcber Haltern nach Griechenland und dann ins Freibad Neheim\u201c <\/span>weiterlesen<\/a><\/p>\n","protected":false},"author":3,"featured_media":0,"comment_status":"open","ping_status":"open","sticky":false,"template":"","format":"standard","meta":{"footnotes":""},"categories":[3,533,3182,1732,319,83,6,674,80,32,5,24,71,2241,379,549],"tags":[3396,404,664,2407,1101,5556,5564,181,5561,5040,512,5562,5563],"class_list":["post-31996","post","type-post","status-publish","format-standard","hentry","category-bildung-und-schule","category-europa","category-finanzen","category-freizeit","category-geschichte","category-hamburg-allgemein","category-kalenderblatt","category-kultur","category-lokales","category-medien","category-naturwissenschaft","category-politik","category-sport","category-sprache","category-umleitung","category-umwelt","tag-bismarck","tag-dortmund","tag-drogen","tag-fracking","tag-griechenland","tag-haltern","tag-helmut-dietl","tag-journalismus","tag-krautreporter","tag-maut","tag-neonazis","tag-oberpfalznet","tag-zuschauerrat"],"_links":{"self":[{"href":"https:\/\/www.schiebener.net\/wordpress\/wp-json\/wp\/v2\/posts\/31996","targetHints":{"allow":["GET"]}}],"collection":[{"href":"https:\/\/www.schiebener.net\/wordpress\/wp-json\/wp\/v2\/posts"}],"about":[{"href":"https:\/\/www.schiebener.net\/wordpress\/wp-json\/wp\/v2\/types\/post"}],"author":[{"embeddable":true,"href":"https:\/\/www.schiebener.net\/wordpress\/wp-json\/wp\/v2\/users\/3"}],"replies":[{"embeddable":true,"href":"https:\/\/www.schiebener.net\/wordpress\/wp-json\/wp\/v2\/comments?post=31996"}],"version-history":[{"count":0,"href":"https:\/\/www.schiebener.net\/wordpress\/wp-json\/wp\/v2\/posts\/31996\/revisions"}],"wp:attachment":[{"href":"https:\/\/www.schiebener.net\/wordpress\/wp-json\/wp\/v2\/media?parent=31996"}],"wp:term":[{"taxonomy":"category","embeddable":true,"href":"https:\/\/www.schiebener.net\/wordpress\/wp-json\/wp\/v2\/categories?post=31996"},{"taxonomy":"post_tag","embeddable":true,"href":"https:\/\/www.schiebener.net\/wordpress\/wp-json\/wp\/v2\/tags?post=31996"}],"curies":[{"name":"wp","href":"https:\/\/api.w.org\/{rel}","templated":true}]}}