{"id":31902,"date":"2015-03-24T21:36:07","date_gmt":"2015-03-24T20:36:07","guid":{"rendered":"http:\/\/www.schiebener.net\/wordpress\/?p=31902"},"modified":"2015-03-24T21:36:07","modified_gmt":"2015-03-24T20:36:07","slug":"mer-stelle-alles-op-der-kopp-zwei-tagesfahrt-zur-echt-koelsch-sitzung-im-sartory-der-funke-rut-wiess-vun-1823-e-v-am-15-januar-2016","status":"publish","type":"post","link":"https:\/\/www.schiebener.net\/wordpress\/mer-stelle-alles-op-der-kopp-zwei-tagesfahrt-zur-echt-koelsch-sitzung-im-sartory-der-funke-rut-wiess-vun-1823-e-v-am-15-januar-2016\/","title":{"rendered":"\u201eMer stelle alles op der Kopp\u201c: Zwei-Tagesfahrt zur Echt-K\u00f6lsch-Sitzung im Sartory der Funke rut-wie\u00df vun 1823 e.V. am 15. Januar 2016"},"content":{"rendered":"<figure id=\"attachment_26320\" aria-describedby=\"caption-attachment-26320\" style=\"width: 690px\" class=\"wp-caption aligncenter\"><img loading=\"lazy\" decoding=\"async\" class=\"size-full wp-image-26320\" src=\"http:\/\/www.schiebener.net\/wordpress\/wp-content\/uploads\/2013\/11\/KoelnRoteFunken2013.jpg\" alt=\"K\u00f6lner Karneval\" width=\"690\" height=\"458\" srcset=\"https:\/\/www.schiebener.net\/wordpress\/wp-content\/uploads\/2013\/11\/KoelnRoteFunken2013.jpg 690w, https:\/\/www.schiebener.net\/wordpress\/wp-content\/uploads\/2013\/11\/KoelnRoteFunken2013-300x199.jpg 300w\" sizes=\"auto, (max-width: 709px) 85vw, (max-width: 909px) 67vw, (max-width: 984px) 61vw, (max-width: 1362px) 45vw, 600px\" \/><figcaption id=\"caption-attachment-26320\" class=\"wp-caption-text\">In vielen Sauerl\u00e4ndern Brustk\u00f6rben schl\u00e4gt w\u00e4hrend der f\u00fcnften Jahreszeit ein k\u00f6lsches Herz. (foto: wiegelmann)<\/figcaption><\/figure>\n<p><strong>Meschede. (afa_pm) Die roten Jecken im Hochsauerland sind anscheinend ziemlich jeck. Schon heute muss man\/frau den Frohsinn des n\u00e4chsten Jahres 2016 buchen. Als Karnevalsmuffel blicke ich da nicht durch. Sei es drum.<\/strong><\/p>\n<p><strong>Hier die Pressemeldung:<\/strong><\/p>\n<blockquote><p><strong>Die Arbeitsgemeinschaft f\u00fcr Arbeitnehmerfragen (AfA)<\/strong> bietet auch in 2016 wieder im Rahmen eines sogenannten K\u00f6ln-Pakets eine zweit\u00e4gige Fahrt zum traditionellen Sitzungskarneval der Funke rut-wie\u00df vun 1823 e.V. an.<\/p>\n<p>Hierzu sind alle Interessenten herzlich eingeladen.<\/p>\n<p><strong>Das Motto der Karnevalssession 2016: \u201eMer stelle alles op der Kopp\u201c<\/strong><\/p>\n<p>Das neue Sessionsmotto l\u00e4dt auch dazu ein, sich selbst und seinen Alltag in Frage zu stellen. Einfach mal einen anderen Weg zur Arbeit gehen, sich mit anderen Menschen verabreden, die man gar nicht so gut kennt, mal Dinge tun, die vielleicht ein bisschen verr\u00fcckt sind oder gar den Mut entwickeln, etwas ganz Neues anzufangen &#8211; das tut der Seele gut.<\/p>\n<p><strong>Mitwirkende sind<\/strong> die k\u00f6lsche Bands De H\u00f6hner, De Paveier, Kasalla, sowie Querbeat, das K\u00f6lner Dreigestirn, Marc Metzger, u.v.m.<\/p>\n<p>Aus organisatorischen Gr\u00fcnden, wegen der fr\u00fchen Veranstaltung in der Session und wegen der enorm hohen Abfrage von Karten beim Veranstalter, bitten wir alle Interessenten sowie Jecken der 5. Jahreszeit schon heute zwecks verbindlicher Karten- und Zimmervergabe um kurzfristige <strong>Anmeldung bei:<\/strong><\/p>\n<p><strong>Ralf Wiegelmann in Brilon \u2013 Telefon: 02961-9119790; oder via Email: <a href=\"mailto:ralfwiegelmannbrilon@gmail.com\" target=\"_blank\">ralfwiegelmannbrilon@gmail.com<\/a><\/strong><\/p><\/blockquote>\n","protected":false},"excerpt":{"rendered":"<p>Meschede. (afa_pm) Die roten Jecken im Hochsauerland sind anscheinend ziemlich jeck. Schon heute muss man\/frau den Frohsinn des n\u00e4chsten Jahres 2016 buchen. Als Karnevalsmuffel blicke ich da nicht durch. Sei &hellip; <a href=\"https:\/\/www.schiebener.net\/wordpress\/mer-stelle-alles-op-der-kopp-zwei-tagesfahrt-zur-echt-koelsch-sitzung-im-sartory-der-funke-rut-wiess-vun-1823-e-v-am-15-januar-2016\/\" class=\"more-link\"><span class=\"screen-reader-text\">\u201e\u201eMer stelle alles op der Kopp\u201c: Zwei-Tagesfahrt zur Echt-K\u00f6lsch-Sitzung im Sartory der Funke rut-wie\u00df vun 1823 e.V. am 15. Januar 2016\u201c <\/span>weiterlesen<\/a><\/p>\n","protected":false},"author":3,"featured_media":0,"comment_status":"open","ping_status":"open","sticky":false,"template":"","format":"standard","meta":{"footnotes":""},"categories":[1732,303,674,80,1043,2729,648],"tags":[4057,5483,655],"class_list":["post-31902","post","type-post","status-publish","format-standard","hentry","category-freizeit","category-in-unserem-briefkasten","category-kultur","category-lokales","category-pressemitteilungen","category-reisen","category-was-tun-gegen-langweile","tag-afa-hochsauerlandkreis","tag-funke-rut-wiess","tag-pressemitteilung"],"_links":{"self":[{"href":"https:\/\/www.schiebener.net\/wordpress\/wp-json\/wp\/v2\/posts\/31902","targetHints":{"allow":["GET"]}}],"collection":[{"href":"https:\/\/www.schiebener.net\/wordpress\/wp-json\/wp\/v2\/posts"}],"about":[{"href":"https:\/\/www.schiebener.net\/wordpress\/wp-json\/wp\/v2\/types\/post"}],"author":[{"embeddable":true,"href":"https:\/\/www.schiebener.net\/wordpress\/wp-json\/wp\/v2\/users\/3"}],"replies":[{"embeddable":true,"href":"https:\/\/www.schiebener.net\/wordpress\/wp-json\/wp\/v2\/comments?post=31902"}],"version-history":[{"count":0,"href":"https:\/\/www.schiebener.net\/wordpress\/wp-json\/wp\/v2\/posts\/31902\/revisions"}],"wp:attachment":[{"href":"https:\/\/www.schiebener.net\/wordpress\/wp-json\/wp\/v2\/media?parent=31902"}],"wp:term":[{"taxonomy":"category","embeddable":true,"href":"https:\/\/www.schiebener.net\/wordpress\/wp-json\/wp\/v2\/categories?post=31902"},{"taxonomy":"post_tag","embeddable":true,"href":"https:\/\/www.schiebener.net\/wordpress\/wp-json\/wp\/v2\/tags?post=31902"}],"curies":[{"name":"wp","href":"https:\/\/api.w.org\/{rel}","templated":true}]}}