{"id":31887,"date":"2015-03-21T23:45:12","date_gmt":"2015-03-21T22:45:12","guid":{"rendered":"http:\/\/www.schiebener.net\/wordpress\/?p=31887"},"modified":"2015-03-21T23:46:11","modified_gmt":"2015-03-21T22:46:11","slug":"themenfruehschoppen-mit-attac-referenten-in-brilon-zu-ttip","status":"publish","type":"post","link":"https:\/\/www.schiebener.net\/wordpress\/themenfruehschoppen-mit-attac-referenten-in-brilon-zu-ttip\/","title":{"rendered":"Themenfr\u00fchschoppen mit attac-Referenten in Brilon zu TTIP"},"content":{"rendered":"<p><strong>Brilon. (<a href=\"http:\/\/sbl-fraktion.de\/?p=5583\" target=\"_blank\">sbl<\/a>) Viele Menschen machen sich Sorgen um die Auswirkungen von TTIP und CETA. Diese von der Bundesregierung geplanten sogenannten Freihandelsabkommen mit den USA und Kanada k\u00f6nnen weit in die kommunale Daseinsvorsorge und in die Lebensumst\u00e4nde vieler Menschen eingreifen.<\/strong><\/p>\n<p>(Die Meldung ist zuerst <a href=\"http:\/\/sbl-fraktion.de\/?p=5583\" target=\"_blank\">auf der Website der Sauerl\u00e4nder B\u00fcrgerliste<\/a> erschienen.)<\/p>\n<p>Die Verhandlungen finden geheim statt. Ein besonders h\u00e4ufig kritisierter Punkt sind die in diesen Abkommen enthaltenen geheimen Schiedsgerichte, mit denen nicht-\u00f6ffentlich und an der normalen Gerichtsbarkeit vorbei internationale Konzerne f\u00fcr sie g\u00fcnstige Entscheidungen erwirken k\u00f6nnen.<\/p>\n<p>Umwelt- und Sozialstandards und die M\u00f6glichkeiten politischer Gestaltung k\u00f6nnten durch intransparente Verhandlungen und Schiedsgerichtsverfahren gef\u00e4hrdet werden.<\/p>\n<p>\u00dcber die Auswirkungen von TTIP und CETA m\u00f6chte die Briloner B\u00fcrger-Liste (BBL) informieren und diskutieren. Dazu hat sie den \u00d6konomen Steffen Stierle aus Berlin eingeladen. Sein Schwerpunkt ist die Politische \u00d6konomie der Europ\u00e4ischen Integration. Bei Attac ist er aktiv in der Projektgruppe Eurokrise und in der Kampagne \u201cTTIP in die Tonne\u201d. Das internationale Netzwerk Attac befasst sich mit der gesamten Bandbreite der Probleme neoliberaler Globalisierung.<\/p>\n<p>Der Themen-Fr\u00fchschoppen der BBL findet statt am <strong>Sonntag, 22. M\u00e4rz, ab 10:30 Uhr<\/strong> in der \u201cAlten Werkstatt\u201d, Am Kalvarienberg 1 (in der N\u00e4he des Derker Tores und der Engelbertschule). Alle Interessierten sind herzlich willkommen.<\/p>\n","protected":false},"excerpt":{"rendered":"<p>Brilon. (sbl) Viele Menschen machen sich Sorgen um die Auswirkungen von TTIP und CETA. Diese von der Bundesregierung geplanten sogenannten Freihandelsabkommen mit den USA und Kanada k\u00f6nnen weit in die &hellip; <a href=\"https:\/\/www.schiebener.net\/wordpress\/themenfruehschoppen-mit-attac-referenten-in-brilon-zu-ttip\/\" class=\"more-link\"><span class=\"screen-reader-text\">\u201eThemenfr\u00fchschoppen mit attac-Referenten in Brilon zu TTIP\u201c <\/span>weiterlesen<\/a><\/p>\n","protected":false},"author":17,"featured_media":0,"comment_status":"open","ping_status":"open","sticky":false,"template":"","format":"standard","meta":{"footnotes":""},"categories":[80,24],"tags":[720,721,5341,4825],"class_list":["post-31887","post","type-post","status-publish","format-standard","hentry","category-lokales","category-politik","tag-bbl","tag-briloner-burgerliste","tag-ceta","tag-ttip"],"_links":{"self":[{"href":"https:\/\/www.schiebener.net\/wordpress\/wp-json\/wp\/v2\/posts\/31887","targetHints":{"allow":["GET"]}}],"collection":[{"href":"https:\/\/www.schiebener.net\/wordpress\/wp-json\/wp\/v2\/posts"}],"about":[{"href":"https:\/\/www.schiebener.net\/wordpress\/wp-json\/wp\/v2\/types\/post"}],"author":[{"embeddable":true,"href":"https:\/\/www.schiebener.net\/wordpress\/wp-json\/wp\/v2\/users\/17"}],"replies":[{"embeddable":true,"href":"https:\/\/www.schiebener.net\/wordpress\/wp-json\/wp\/v2\/comments?post=31887"}],"version-history":[{"count":0,"href":"https:\/\/www.schiebener.net\/wordpress\/wp-json\/wp\/v2\/posts\/31887\/revisions"}],"wp:attachment":[{"href":"https:\/\/www.schiebener.net\/wordpress\/wp-json\/wp\/v2\/media?parent=31887"}],"wp:term":[{"taxonomy":"category","embeddable":true,"href":"https:\/\/www.schiebener.net\/wordpress\/wp-json\/wp\/v2\/categories?post=31887"},{"taxonomy":"post_tag","embeddable":true,"href":"https:\/\/www.schiebener.net\/wordpress\/wp-json\/wp\/v2\/tags?post=31887"}],"curies":[{"name":"wp","href":"https:\/\/api.w.org\/{rel}","templated":true}]}}