{"id":31860,"date":"2015-03-18T22:43:39","date_gmt":"2015-03-18T21:43:39","guid":{"rendered":"http:\/\/www.schiebener.net\/wordpress\/?p=31860"},"modified":"2015-03-18T22:46:42","modified_gmt":"2015-03-18T21:46:42","slug":"die-initiative-neue-soziale-marktwirtschaft-propaganda-agentur-des-neoliberalismus","status":"publish","type":"post","link":"https:\/\/www.schiebener.net\/wordpress\/die-initiative-neue-soziale-marktwirtschaft-propaganda-agentur-des-neoliberalismus\/","title":{"rendered":"Die Initiative neue soziale Marktwirtschaft: &#8222;Propaganda-Agentur des Neoliberalismus&#8220;"},"content":{"rendered":"<p><a href=\"http:\/\/www.schiebener.net\/wordpress\/wp-content\/uploads\/2009\/02\/lt_briefkasten01.jpg\"><img loading=\"lazy\" decoding=\"async\" class=\"alignleft size-full wp-image-2182\" src=\"http:\/\/www.schiebener.net\/wordpress\/wp-content\/uploads\/2009\/02\/lt_briefkasten01.jpg\" alt=\"In unserem Briefkasten\" width=\"120\" height=\"91\" \/><\/a><strong>Dortmund. (pressemitteilung) Der NachDenkTreff Dortmund sowie attac und DGB laden zur Vortrags- und Diskussionsveranstaltung\u00a0<\/strong><strong>&#8222;Propaganda-Agentur des Neoliberalismus &#8211; Die Initiative neue soziale Marktwirtschaft&#8220; ein [1].<\/strong><\/p>\n<ul>\n<li>Referent ist der Diplom-Soziologe \u00a0Raffael Scholz \/ Frankfurt [2].<\/li>\n<li>Montag, den 23. M\u00e4rz 2015, Beginn: 19.00 Uhr<\/li>\n<li>Veranstaltungsort: Auslandsgesellschaft Dortmund, Steinstr. 48 (Nordausgang Hbf., neben Cinestar)<\/li>\n<\/ul>\n<p>Die selbsternannte \u201eInitiative neue soziale Marktwirtschaft (INSM)\u201c ist die wohl wichtigste neoliberale Lobby-Organisation Deutschlands. Sie deutet Begriffe wie \u201eReform\u201c, \u201eEigenverantwortung\u201c, \u201eLeistung\u201c und sogar \u201esozial\u201c geschickt um und verankert diese erfolgreich in der \u00f6ffentlichen Debatte um den Abbau sozialer Sicherung voranzutreiben. Eigenverantwortung, Wettbewerb und unternehmerische Freiheit werden\u00a0als positive Werte betont. Der \u201eschlanke Staat\u201c soll sich auf \u201eBasisaufgaben\u201c beschr\u00e4nken. Das Arbeits-\u00a0und Sozialrecht soll mehr Besch\u00e4ftigung erm\u00f6glichen und die Sozialpolitik soll Anreize zur privaten Altersvorsorge geben. Die Tarifpolitik soll mehr Flexibilit\u00e4t zulassen und die Bildungspolitik soll Wettbewerb und\u00a0Effizienz f\u00f6rdern.<\/p>\n<p>Der mit viel Kapital ausgestattete Thinktank versucht mit einem prominenten Kuratoren- und Botschafter-Netzwerk aus Politik, Wirtschaft und Wissenschaft ein Begriffsverst\u00e4ndnis in die \u00d6ffentlichkeit zu tragen,\u00a0das dem des Arbeitgeberverbandes Gesamtmetall, der FDP und des wirtschaftsliberalen Fl\u00fcgels der \u00fcbrigen Parteien entspricht.<\/p>\n<p><em>[1] Die Pressemeldung als PDF:\u00a0<a href=\"http:\/\/www.schiebener.net\/wordpress\/wp-content\/uploads\/2015\/03\/Einladung-NachDenkTreff-2015-03-23-Raffael-Scholz.pdf\" target=\"_blank\">Einladung NachDenkTreff &#8211; 2015-03-23 &#8211; Raffael Scholz<\/a><\/em><\/p>\n<p><em>[2]\u00a0Raffael Scholz, Diplom-Soziologe, studierte in Frankfurt und schrieb seine Diplomarbeit \u00fcber das\u00a0<\/em><em>Thema \u201eNeoliberalismuskritik mit Pierre Bourdieu \u2013 von der Mont Pelerin Society\u00a0zur Initiative Neue Soziale Marktwirtschaft\u201c.\u00a0W\u00e4hrend seines Studiums war er u.a. in der Drogenhilfe t\u00e4tig, derzeit arbeitet er\u00a0<\/em><em>im Bereich der Gemeinwesen- und politischer Bildungsarbeit.<\/em><\/p>\n","protected":false},"excerpt":{"rendered":"<p>Dortmund. (pressemitteilung) Der NachDenkTreff Dortmund sowie attac und DGB laden zur Vortrags- und Diskussionsveranstaltung\u00a0&#8222;Propaganda-Agentur des Neoliberalismus &#8211; Die Initiative neue soziale Marktwirtschaft&#8220; ein [1]. Referent ist der Diplom-Soziologe \u00a0Raffael Scholz &hellip; <a href=\"https:\/\/www.schiebener.net\/wordpress\/die-initiative-neue-soziale-marktwirtschaft-propaganda-agentur-des-neoliberalismus\/\" class=\"more-link\"><span class=\"screen-reader-text\">\u201eDie Initiative neue soziale Marktwirtschaft: &#8222;Propaganda-Agentur des Neoliberalismus&#8220;\u201c <\/span>weiterlesen<\/a><\/p>\n","protected":false},"author":3,"featured_media":0,"comment_status":"open","ping_status":"open","sticky":false,"template":"","format":"standard","meta":{"footnotes":""},"categories":[303,32,1043,1208],"tags":[1432,1196,676,675,5538,655],"class_list":["post-31860","post","type-post","status-publish","format-standard","hentry","category-in-unserem-briefkasten","category-medien","category-pressemitteilungen","category-wirtschaft","tag-attac","tag-dgb","tag-initiative-neue-soziale-marktwirtschaft","tag-insm","tag-nachdenktreff-dortmund","tag-pressemitteilung"],"_links":{"self":[{"href":"https:\/\/www.schiebener.net\/wordpress\/wp-json\/wp\/v2\/posts\/31860","targetHints":{"allow":["GET"]}}],"collection":[{"href":"https:\/\/www.schiebener.net\/wordpress\/wp-json\/wp\/v2\/posts"}],"about":[{"href":"https:\/\/www.schiebener.net\/wordpress\/wp-json\/wp\/v2\/types\/post"}],"author":[{"embeddable":true,"href":"https:\/\/www.schiebener.net\/wordpress\/wp-json\/wp\/v2\/users\/3"}],"replies":[{"embeddable":true,"href":"https:\/\/www.schiebener.net\/wordpress\/wp-json\/wp\/v2\/comments?post=31860"}],"version-history":[{"count":0,"href":"https:\/\/www.schiebener.net\/wordpress\/wp-json\/wp\/v2\/posts\/31860\/revisions"}],"wp:attachment":[{"href":"https:\/\/www.schiebener.net\/wordpress\/wp-json\/wp\/v2\/media?parent=31860"}],"wp:term":[{"taxonomy":"category","embeddable":true,"href":"https:\/\/www.schiebener.net\/wordpress\/wp-json\/wp\/v2\/categories?post=31860"},{"taxonomy":"post_tag","embeddable":true,"href":"https:\/\/www.schiebener.net\/wordpress\/wp-json\/wp\/v2\/tags?post=31860"}],"curies":[{"name":"wp","href":"https:\/\/api.w.org\/{rel}","templated":true}]}}