{"id":31770,"date":"2015-03-11T15:28:40","date_gmt":"2015-03-11T14:28:40","guid":{"rendered":"http:\/\/www.schiebener.net\/wordpress\/?p=31770"},"modified":"2015-03-11T15:55:54","modified_gmt":"2015-03-11T14:55:54","slug":"leserbrief-bei-derwesten-ein-banaler-versuch-die-mescheder-moschee-ueber-den-beinamen-zu-stigmatisieren","status":"publish","type":"post","link":"https:\/\/www.schiebener.net\/wordpress\/leserbrief-bei-derwesten-ein-banaler-versuch-die-mescheder-moschee-ueber-den-beinamen-zu-stigmatisieren\/","title":{"rendered":"Reaktion auf einen Leserbrief bei DerWesten: &#8222;Ein banaler Versuch, die Mescheder Moschee \u00fcber den Beinamen zu stigmatisieren.&#8220;"},"content":{"rendered":"<p><strong>Vorgestern ist ein <a href=\"http:\/\/www.derwesten.de\/staedte\/nachrichten-aus-meschede-eslohe-bestwig-und-schmallenberg\/namensgebung-als-unerhoerte-provokation-aimp-id10434905.html\" target=\"_blank\">Leserbrief bei DerWesten erschienen<\/a>, in dem der Autor Andreas Frick die Mescheder Muslime bezichtigt, mit dem Namen ihrer Moschee m\u00f6glicherweise &#8222;eine unerh\u00f6rte Provokation&#8220; zu begehen. Der Leserbrief bezog sich (wahrscheinlich) auf den Artikel &#8222;<a href=\"http:\/\/www.derwesten.de\/staedte\/nachrichten-aus-meschede-eslohe-bestwig-und-schmallenberg\/in-moschee-die-muslime-in-deutsche-gesellschaft-einbinden-id10394845.html\" target=\"_blank\">In Moschee die Muslime in deutsche Gesellschaft einbinden<\/a>&#8222;.<\/strong><\/p>\n<p>Dr. Ahmet Arslan, Dialogbeauftragter der Moschee in \u00a0Meschede, hat uns zu diesem Leserbrief eine kurze Stellungnahme (siehe unten) zugesandt.<\/p>\n<p>1. Vorwurf des Leserbrief-Autors:<\/p>\n<p>\u201eFatih Camii\u201c sei, so Andreas Frick, mit \u201eEroberer Moschee\u201c &#8222;ziemlich treffend&#8220; \u00fcbersetzt. Eine \u00dcbersetzung mit \u201eOffene Moschee\u201c, wie sie der Dialogbeauftragte der Moschee Dr. Ahmet Arslan bevorzuge, sei dagegen grob sinnentstellend, denn die Namensgebung orientiere sich an der gleichnamigen Moschee im heutigen Istanbul, benannt nach Sultan Mehmed II., dem Eroberer Konstantinopels, das nach der Eroberung durch die T\u00fcrken in Istanbul umbenannt wurde. Dem Sultan sei der Ehrentitel Fatih, d. h. Eroberer, verliehen worden. Er liege neben der nach ihm benannten Moschee begraben. Die Eroberung w\u00e4re sehr blutig gewesen, die christlichen M\u00e4nner w\u00e4ren gr\u00f6\u00dftenteils ermordet, Frauen und Kinder versklavt und zwangsverheiratet worden<\/p>\n<p>2. Vorwurf zu paralleler illegaler islamischer Gerichtsbarkeit in Deutschland :<\/p>\n<p>Im Islam gebe es generell keine Trennung zwischen Staat und Religion, denn im Koran seien sehr viele rechtliche Vorschriften, wie z. B. die Stellung der Frau genau geregelt. Da der Koran als Allahs immerw\u00e4hrender und absoluter Wille angesehen werde, seien solche Regelungen bindend und k\u00f6nnten nicht durch staatliches Recht aufgehoben werden.<\/p>\n<p>Zusammen mit der \u00dcberlieferung des Lebens und der Ausspr\u00fcche Mohammeds, des letzten Propheten und perfekten Menschen, sei der Koran daher Grundlage des islamischen Rechtes, der Scharia. In sehr vielen Punkten widerspreche dieses Recht dem durch die Aufkl\u00e4rung gepr\u00e4gten hiesigen Rechtssystem. F\u00fcr die Muslime sei die Scharia jedoch bindend. Dies sei einer der Gr\u00fcnde f\u00fcr das Aufkommen paralleler illegaler islamischer Gerichtsbarkeit in Deutschland.<\/p>\n<p>Der Autor fordert weiterhin die Umbenennung der Moschee und eine kritischere Berichterstattung der Zeitung (Westfalenpost).<\/p>\n<p><strong>Stellungnahme Dr. Ahmet Arslan<\/strong><br \/>\nIn einer kurzen Stellungnahme gegen\u00fcber unserem Blog erl\u00e4utert Dr. Ahmet Arslan seine Position als Muslim und Dialogbeauftragter:<\/p>\n<blockquote><p>Die Scharia bezieht sich auf die Glaubenspraxis. Sprich auf die &#8222;F\u00fcnf S\u00e4ulen&#8220;, an denen ich mich als praktizierender Muslim orientiere. Das Grundgesetz dagegen ist eine Aufforderung zur aktiven Mitgestaltung des Gemeinwesens. Also ein Angebot f\u00fcr die B\u00fcrger, wie es mal Gustav Heinemann formuliert hat. Insofern ist der Vergleich zwischen Scharia und Grundgesetz keineswegs legitim. Schlie\u00dflich bin ich einerseits Muslim und andererseits B\u00fcrger. Ich kann beides gleichzeitig sein, ohne\u00a0dass\u00a0ich das eine dem anderen gegen\u00fcberstelle.<\/p>\n<p>Der amtlich eingetragene Name unserer Moschee lautet seit 1984 &#8222;T\u00fcrkisch-Islamische Gemeinde zu Meschede&#8220;. Der Beiname der Mescheder Moschee lautet F.A.T.I.H. Diese Initialien stehen f\u00fcr folgende W\u00f6rter FEDERAL ALMANYADAKI T\u00dcRK ISCILERI HAYRATI, was auf deutsch soviel bedeutet wie; Gutes Werk der in der Bundesrepublik Deutschland t\u00e4tigen t\u00fcrkischen Arbeiter. Das arabische Wort Fatih bedeutet zugleich offen. Auf diese Tatsache hatten wir vor Jahren per Leserbrief hingewiesen. Doch es gibt immer wieder die banalen Versuche, die Mescheder Moschee \u00fcber den Beinamen zu stigmatisieren.<\/p>\n<p>Manchmal frage ich mich, wie diese skeptischen Typen reagieren w\u00fcrden, wenn die Mescheder Moschee den Beinamen Adolf h\u00e4tte? ;-)))<\/p><\/blockquote>\n","protected":false},"excerpt":{"rendered":"<p>Vorgestern ist ein Leserbrief bei DerWesten erschienen, in dem der Autor Andreas Frick die Mescheder Muslime bezichtigt, mit dem Namen ihrer Moschee m\u00f6glicherweise &#8222;eine unerh\u00f6rte Provokation&#8220; zu begehen. Der Leserbrief &hellip; <a href=\"https:\/\/www.schiebener.net\/wordpress\/leserbrief-bei-derwesten-ein-banaler-versuch-die-mescheder-moschee-ueber-den-beinamen-zu-stigmatisieren\/\" class=\"more-link\"><span class=\"screen-reader-text\">\u201eReaktion auf einen Leserbrief bei DerWesten: &#8222;Ein banaler Versuch, die Mescheder Moschee \u00fcber den Beinamen zu stigmatisieren.&#8220;\u201c <\/span>weiterlesen<\/a><\/p>\n","protected":false},"author":3,"featured_media":0,"comment_status":"open","ping_status":"open","sticky":false,"template":"","format":"standard","meta":{"footnotes":""},"categories":[303,80,32,24,49],"tags":[5524,5525,2468,5523],"class_list":["post-31770","post","type-post","status-publish","format-standard","hentry","category-in-unserem-briefkasten","category-lokales","category-medien","category-politik","category-religion","tag-dialogbeauftragter","tag-dr-ahmet-arslan","tag-leserbrief","tag-mescheder-moschee"],"_links":{"self":[{"href":"https:\/\/www.schiebener.net\/wordpress\/wp-json\/wp\/v2\/posts\/31770","targetHints":{"allow":["GET"]}}],"collection":[{"href":"https:\/\/www.schiebener.net\/wordpress\/wp-json\/wp\/v2\/posts"}],"about":[{"href":"https:\/\/www.schiebener.net\/wordpress\/wp-json\/wp\/v2\/types\/post"}],"author":[{"embeddable":true,"href":"https:\/\/www.schiebener.net\/wordpress\/wp-json\/wp\/v2\/users\/3"}],"replies":[{"embeddable":true,"href":"https:\/\/www.schiebener.net\/wordpress\/wp-json\/wp\/v2\/comments?post=31770"}],"version-history":[{"count":0,"href":"https:\/\/www.schiebener.net\/wordpress\/wp-json\/wp\/v2\/posts\/31770\/revisions"}],"wp:attachment":[{"href":"https:\/\/www.schiebener.net\/wordpress\/wp-json\/wp\/v2\/media?parent=31770"}],"wp:term":[{"taxonomy":"category","embeddable":true,"href":"https:\/\/www.schiebener.net\/wordpress\/wp-json\/wp\/v2\/categories?post=31770"},{"taxonomy":"post_tag","embeddable":true,"href":"https:\/\/www.schiebener.net\/wordpress\/wp-json\/wp\/v2\/tags?post=31770"}],"curies":[{"name":"wp","href":"https:\/\/api.w.org\/{rel}","templated":true}]}}