{"id":31759,"date":"2015-03-10T22:48:04","date_gmt":"2015-03-10T21:48:04","guid":{"rendered":"http:\/\/www.schiebener.net\/wordpress\/?p=31759"},"modified":"2015-03-10T22:48:04","modified_gmt":"2015-03-10T21:48:04","slug":"spd-pm-buergersprechstunde-mit-mdb-dirk-wiese-in-marsberg","status":"publish","type":"post","link":"https:\/\/www.schiebener.net\/wordpress\/spd-pm-buergersprechstunde-mit-mdb-dirk-wiese-in-marsberg\/","title":{"rendered":"SPD-PM: B\u00fcrgersprechstunde mit MdB Dirk Wiese in Marsberg"},"content":{"rendered":"<figure id=\"attachment_31760\" aria-describedby=\"caption-attachment-31760\" style=\"width: 136px\" class=\"wp-caption alignleft\"><img loading=\"lazy\" decoding=\"async\" class=\" wp-image-31760\" src=\"http:\/\/www.schiebener.net\/wordpress\/wp-content\/uploads\/2015\/03\/lt_WieseDirk201409.jpg\" alt=\"Dirk Wiese l\u00e4dt ein. (foto: spd)\" width=\"136\" height=\"204\" srcset=\"https:\/\/www.schiebener.net\/wordpress\/wp-content\/uploads\/2015\/03\/lt_WieseDirk201409.jpg 320w, https:\/\/www.schiebener.net\/wordpress\/wp-content\/uploads\/2015\/03\/lt_WieseDirk201409-200x300.jpg 200w\" sizes=\"auto, (max-width: 136px) 85vw, 136px\" \/><figcaption id=\"caption-attachment-31760\" class=\"wp-caption-text\">Dirk Wiese l\u00e4dt ein. (foto: spd)<\/figcaption><\/figure>\n<p><strong>Meschede. (spd_pm) Zu seiner n\u00e4chsten B\u00fcrgersprechstunde l\u00e4dt der heimische SPD-Bundestagsabgeordnete, Dirk Wiese, am Samstag, 21. M\u00e4rz 2015 ab 11:30 Uhr in das SPD B\u00fcro in der Bahnhofstr. in Marsberg ein.<\/strong><\/p>\n<p>Aus organisatorischen Gr\u00fcnden bittet er dazu um telefonische Anmeldung unter 0291-99 67 13 bis Donnerstag, den 19.03.2015.<\/p>\n<p>Informationen zu sp\u00e4ter geplanten weiteren B\u00fcrgersprechstunden werden immer aktuell unter <a href=\"http:\/\/www.dirkwiese.de\" target=\"_blank\">www.dirkwiese.de<\/a>, <a href=\"http:\/\/www.hsk-spd.de\" target=\"_blank\">www.hsk-spd.de<\/a>. sowie in den heimischen Medien ver\u00f6ffentlicht.<\/p>\n<p>F\u00fcr ein pers\u00f6nliches Gespr\u00e4ch gilt auch weiterhin das Angebot von Dirk Wiese zu einem Hausbesuch nach dem Motto: \u201eSie kochen den Kaffee, ich bringe den Kuchen mit!\u201c Weitere Informationen stets aktuell unter <a href=\"http:\/\/www.dirkwiese.de\" target=\"_blank\">www.dirkwiese.de<\/a><\/p>\n","protected":false},"excerpt":{"rendered":"<p>Meschede. (spd_pm) Zu seiner n\u00e4chsten B\u00fcrgersprechstunde l\u00e4dt der heimische SPD-Bundestagsabgeordnete, Dirk Wiese, am Samstag, 21. M\u00e4rz 2015 ab 11:30 Uhr in das SPD B\u00fcro in der Bahnhofstr. in Marsberg ein. &hellip; <a href=\"https:\/\/www.schiebener.net\/wordpress\/spd-pm-buergersprechstunde-mit-mdb-dirk-wiese-in-marsberg\/\" class=\"more-link\"><span class=\"screen-reader-text\">\u201eSPD-PM: B\u00fcrgersprechstunde mit MdB Dirk Wiese in Marsberg\u201c <\/span>weiterlesen<\/a><\/p>\n","protected":false},"author":17,"featured_media":0,"comment_status":"open","ping_status":"open","sticky":false,"template":"","format":"standard","meta":{"footnotes":""},"categories":[303,80,24,1043],"tags":[5023,3104,655,13],"class_list":["post-31759","post","type-post","status-publish","format-standard","hentry","category-in-unserem-briefkasten","category-lokales","category-politik","category-pressemitteilungen","tag-buergersprechstunde","tag-dirk-wiese","tag-pressemitteilung","tag-spd"],"_links":{"self":[{"href":"https:\/\/www.schiebener.net\/wordpress\/wp-json\/wp\/v2\/posts\/31759","targetHints":{"allow":["GET"]}}],"collection":[{"href":"https:\/\/www.schiebener.net\/wordpress\/wp-json\/wp\/v2\/posts"}],"about":[{"href":"https:\/\/www.schiebener.net\/wordpress\/wp-json\/wp\/v2\/types\/post"}],"author":[{"embeddable":true,"href":"https:\/\/www.schiebener.net\/wordpress\/wp-json\/wp\/v2\/users\/17"}],"replies":[{"embeddable":true,"href":"https:\/\/www.schiebener.net\/wordpress\/wp-json\/wp\/v2\/comments?post=31759"}],"version-history":[{"count":0,"href":"https:\/\/www.schiebener.net\/wordpress\/wp-json\/wp\/v2\/posts\/31759\/revisions"}],"wp:attachment":[{"href":"https:\/\/www.schiebener.net\/wordpress\/wp-json\/wp\/v2\/media?parent=31759"}],"wp:term":[{"taxonomy":"category","embeddable":true,"href":"https:\/\/www.schiebener.net\/wordpress\/wp-json\/wp\/v2\/categories?post=31759"},{"taxonomy":"post_tag","embeddable":true,"href":"https:\/\/www.schiebener.net\/wordpress\/wp-json\/wp\/v2\/tags?post=31759"}],"curies":[{"name":"wp","href":"https:\/\/api.w.org\/{rel}","templated":true}]}}