{"id":31693,"date":"2015-03-02T21:11:46","date_gmt":"2015-03-02T20:11:46","guid":{"rendered":"http:\/\/www.schiebener.net\/wordpress\/?p=31693"},"modified":"2015-03-07T16:56:56","modified_gmt":"2015-03-07T15:56:56","slug":"raetsel-geloest-eifel-aachen-koeln-rhein-erft-kreis-it-nrw-erklaert-die-zuwachsraten-bei-gaeste-und-uebernachtungszahlen","status":"publish","type":"post","link":"https:\/\/www.schiebener.net\/wordpress\/raetsel-geloest-eifel-aachen-koeln-rhein-erft-kreis-it-nrw-erklaert-die-zuwachsraten-bei-gaeste-und-uebernachtungszahlen\/","title":{"rendered":"R\u00e4tsel gel\u00f6st! Eifel, Aachen, K\u00f6ln, Rhein-Erft-Kreis: IT.NRW erkl\u00e4rt die Zuwachsraten bei G\u00e4ste- und \u00dcbernachtungszahlen."},"content":{"rendered":"<figure id=\"attachment_31622\" aria-describedby=\"caption-attachment-31622\" style=\"width: 616px\" class=\"wp-caption aligncenter\"><a href=\"http:\/\/www.schiebener.net\/wordpress\/wp-content\/uploads\/2015\/02\/itnrw38_15.png\" target=\"_blank\"><img loading=\"lazy\" decoding=\"async\" class=\" wp-image-31622\" src=\"http:\/\/www.schiebener.net\/wordpress\/wp-content\/uploads\/2015\/02\/itnrw38_15.png\" alt=\"Eine Frage, zwei unterschiedliche Antworten. R\u00e4tsel gel\u00f6st. (screenshot)\" width=\"616\" height=\"417\" srcset=\"https:\/\/www.schiebener.net\/wordpress\/wp-content\/uploads\/2015\/02\/itnrw38_15.png 713w, https:\/\/www.schiebener.net\/wordpress\/wp-content\/uploads\/2015\/02\/itnrw38_15-300x203.png 300w\" sizes=\"auto, (max-width: 709px) 85vw, (max-width: 909px) 67vw, (max-width: 984px) 61vw, (max-width: 1362px) 45vw, 600px\" \/><\/a><figcaption id=\"caption-attachment-31622\" class=\"wp-caption-text\">Warum diese Zuw\u00e4chse? Eine Frage, zwei unterschiedliche Antworten. R\u00e4tsel gel\u00f6st. (grafik: it.nrw)<\/figcaption><\/figure>\n<p><strong>Vor etwas \u00fcber einer Woche haben wir in den Kommentaren zum Artikel &#8222;<a href=\"http:\/\/www.schiebener.net\/wordpress\/nrw-tourismus-2014-mehr-gaeste-und-uebernachtungen-als-jemals-zuvor-ausnahmen-winterberg-stagniert-und-das-siegerland-verliert\/#comments\" target=\"_blank\">NRW-Tourismus 2014<\/a>&#8220; dar\u00fcber ger\u00e4tselt und nachgedacht, wie es zu den erstaunlichen Zuwachsraten bei den G\u00e4ste-und \u00dcbernachtungszahlen in den Reisegebieten &#8222;Eifel und Region Aachen&#8220; sowie &#8222;K\u00f6ln und Rhein-Erft-Kreis&#8220; gekommen sein k\u00f6nnte.<\/strong><\/p>\n<p>Heute Morgen erhielt ich eine Antwort von IT.NRW, die ich bis auf die Gru\u00dfformeln nachfolgend wiedergebe, denn besser kann ich es auch nicht sagen bzw. paraphrasieren.<\/p>\n<blockquote><p>Die \u00fcberdurchschnittlichen Zuwachsraten bei den G\u00e4ste- und \u00dcbernachtungszahlen in den Reisegebieten &#8222;Eifel und Region Aachen&#8220; und &#8222;K\u00f6ln und Rhein-Erft-Kreis&#8220; sind auf im Vergleich zum Jahr 2013 h\u00f6here Bettenangebote (+ 1.400 bzw. + 3.600 Betten) zur\u00fcckzuf\u00fchren.<\/p>\n<p>In der &#8222;Eifel und Region Aachen&#8220; ist dies vermutlich in erster Linie &#8211; wie Ihre Leser dies auch zum Teil bereits vermuteten &#8211; auf verbesserte Tourismusangebote (Wellness, Marke &#8222;Eifel&#8220;, Outlet, Nationalpark, Geo-Routen, mehr Angebote f\u00fcr Fahrradtouristen usw.) zur\u00fcckzuf\u00fchren.<\/p>\n<p>Im Reisegebiet &#8222;K\u00f6ln und Rhein-Erft-Kreis&#8220; ist der Anstieg auch darauf zur\u00fcckzuf\u00fchren, dass von Januar bis M\u00e4rz 2014 in der kreisfreien Stadt K\u00f6ln 46 Beherbergungsbetriebe neu in den Berichtskreis der Beherbergungsstatistik aufgenommen wurden. Es handelt sich um &#8222;Neufindungen&#8220;, d.h. diese Betriebe waren bereits vor Januar 2014 ge\u00f6ffnet, sie waren der Beherbergungsstatistik jedoch nicht als berichtspflichtige Betriebe bekannt.<\/p>\n<p>Wir haben auf diesen Sachverhalt auch in unseren Statistischen Monatsberichten &#8222;G\u00e4ste und \u00dcbernachtungen im Reiseverkehr NRWs&#8220; hingewiesen.<\/p>\n<p>Sie finden diese Publikationen unter der Adresse:<\/p>\n<p><a class=\"moz-txt-link-freetext\" href=\"https:\/\/webshop.it.nrw.de\/ssearch.php?kategorie=2400&amp;prefix=G41\" target=\"_blank\">https:\/\/webshop.it.nrw.de\/ssearch.php?kategorie=2400&amp;prefix=G41<\/a><\/p><\/blockquote>\n","protected":false},"excerpt":{"rendered":"<p>Vor etwas \u00fcber einer Woche haben wir in den Kommentaren zum Artikel &#8222;NRW-Tourismus 2014&#8220; dar\u00fcber ger\u00e4tselt und nachgedacht, wie es zu den erstaunlichen Zuwachsraten bei den G\u00e4ste-und \u00dcbernachtungszahlen in den &hellip; <a href=\"https:\/\/www.schiebener.net\/wordpress\/raetsel-geloest-eifel-aachen-koeln-rhein-erft-kreis-it-nrw-erklaert-die-zuwachsraten-bei-gaeste-und-uebernachtungszahlen\/\" class=\"more-link\"><span class=\"screen-reader-text\">\u201eR\u00e4tsel gel\u00f6st! Eifel, Aachen, K\u00f6ln, Rhein-Erft-Kreis: IT.NRW erkl\u00e4rt die Zuwachsraten bei G\u00e4ste- und \u00dcbernachtungszahlen.\u201c <\/span>weiterlesen<\/a><\/p>\n","protected":false},"author":3,"featured_media":0,"comment_status":"open","ping_status":"open","sticky":false,"template":"","format":"standard","meta":{"footnotes":""},"categories":[1732,2489,303,80,1043,2729],"tags":[5364,5501,1191,667,5105,655,5502,322],"class_list":["post-31693","post","type-post","status-publish","format-standard","hentry","category-freizeit","category-in-eigener-sache","category-in-unserem-briefkasten","category-lokales","category-pressemitteilungen","category-reisen","tag-aachen","tag-eifel","tag-itnrw","tag-koln","tag-nrw-tourismus","tag-pressemitteilung","tag-rhein-erft-kreis","tag-winterberg"],"_links":{"self":[{"href":"https:\/\/www.schiebener.net\/wordpress\/wp-json\/wp\/v2\/posts\/31693","targetHints":{"allow":["GET"]}}],"collection":[{"href":"https:\/\/www.schiebener.net\/wordpress\/wp-json\/wp\/v2\/posts"}],"about":[{"href":"https:\/\/www.schiebener.net\/wordpress\/wp-json\/wp\/v2\/types\/post"}],"author":[{"embeddable":true,"href":"https:\/\/www.schiebener.net\/wordpress\/wp-json\/wp\/v2\/users\/3"}],"replies":[{"embeddable":true,"href":"https:\/\/www.schiebener.net\/wordpress\/wp-json\/wp\/v2\/comments?post=31693"}],"version-history":[{"count":0,"href":"https:\/\/www.schiebener.net\/wordpress\/wp-json\/wp\/v2\/posts\/31693\/revisions"}],"wp:attachment":[{"href":"https:\/\/www.schiebener.net\/wordpress\/wp-json\/wp\/v2\/media?parent=31693"}],"wp:term":[{"taxonomy":"category","embeddable":true,"href":"https:\/\/www.schiebener.net\/wordpress\/wp-json\/wp\/v2\/categories?post=31693"},{"taxonomy":"post_tag","embeddable":true,"href":"https:\/\/www.schiebener.net\/wordpress\/wp-json\/wp\/v2\/tags?post=31693"}],"curies":[{"name":"wp","href":"https:\/\/api.w.org\/{rel}","templated":true}]}}