{"id":31405,"date":"2015-02-02T19:59:58","date_gmt":"2015-02-02T18:59:58","guid":{"rendered":"http:\/\/www.schiebener.net\/wordpress\/?p=31405"},"modified":"2015-02-02T20:37:40","modified_gmt":"2015-02-02T19:37:40","slug":"spd-im-hochsauerlandkreis-gruendet-die-ag-migration-und-vielfalt","status":"publish","type":"post","link":"https:\/\/www.schiebener.net\/wordpress\/spd-im-hochsauerlandkreis-gruendet-die-ag-migration-und-vielfalt\/","title":{"rendered":"SPD im Hochsauerlandkreis gr\u00fcndet die AG &#8222;Migration und Vielfalt&#8220;"},"content":{"rendered":"<p><img loading=\"lazy\" decoding=\"async\" class=\"aligncenter size-full wp-image-31409\" src=\"http:\/\/www.schiebener.net\/wordpress\/wp-content\/uploads\/2015\/02\/AGMigrationUndVielfalt.jpg\" alt=\"AGMigrationUndVielfalt\" width=\"600\" height=\"316\" srcset=\"https:\/\/www.schiebener.net\/wordpress\/wp-content\/uploads\/2015\/02\/AGMigrationUndVielfalt.jpg 600w, https:\/\/www.schiebener.net\/wordpress\/wp-content\/uploads\/2015\/02\/AGMigrationUndVielfalt-300x158.jpg 300w\" sizes=\"auto, (max-width: 709px) 85vw, (max-width: 909px) 67vw, (max-width: 984px) 61vw, (max-width: 1362px) 45vw, 600px\" \/><strong>Meschede. (spd_pm)Im Dezember 2014 wurde in der Gastst\u00e4tte \u201eZum Pulverturm\u201c in Meschede die AG \u201eMigration und Vielfalt\u201c der HSK-SPD gegr\u00fcndet. Die Sitzung wurde von Rosemarie Lipke, stellvertretende Vorsitzende der HSK-SPD, geleitet.<\/strong><\/p>\n<p>Ugur \u00dcnal, der stellvertretende Landesvorsitzende der AG Migration und Vielfalt, stellte zu diesem Anlass als Gastredner beeindruckend die Arbeit der AG Migration und Vielfalt auf Landesebene vor und zeigte M\u00f6glichkeiten und Ziele auf.<\/p>\n<p>Adem Yildiz und Cem G\u00f6k\u00e7e wurden bei dieser Gr\u00fcndungssitzung einstimmig zu den beiden Vorsitzenden gew\u00e4hlt. Demnach wird die AG \u201eMigration und Vielfalt\u201c ihrer Arbeit mit einer Doppelspitze nachgehen. Als Stellvertreter wurden Thomas Bakaras und Faruk Eldeniz einstimmig gew\u00e4hlt. Als Beisitzer stehen dieser neuen Arbeitsgemeinschaft Farzaneh Daryani, Salih Pistofoglu, Zafer Yusuf, Micail Ucarman und Ertugrul G\u00f6k\u00e7e zur Verf\u00fcgung.<\/p>\n<p>Gerade im Zuge der leider zunehmend auftretenden und mit einer fremdenfeindlichen Grundstimmung behafteten Demonstrationsbewegungen wie PEGIDA ist dies ein sch\u00f6nes Zeichen der HSK-SPD f\u00fcr Toleranz, Vielfalt und Solidarit\u00e4t im Hochsauerlandkreis.&#8220;<\/p>\n<p><em>Cem G\u00f6k\u00e7e (Vorsitzender AG \u201eMigration und Vielfalt\u201c)<\/em><\/p>\n","protected":false},"excerpt":{"rendered":"<p>Meschede. (spd_pm)Im Dezember 2014 wurde in der Gastst\u00e4tte \u201eZum Pulverturm\u201c in Meschede die AG \u201eMigration und Vielfalt\u201c der HSK-SPD gegr\u00fcndet. Die Sitzung wurde von Rosemarie Lipke, stellvertretende Vorsitzende der HSK-SPD, &hellip; <a href=\"https:\/\/www.schiebener.net\/wordpress\/spd-im-hochsauerlandkreis-gruendet-die-ag-migration-und-vielfalt\/\" class=\"more-link\"><span class=\"screen-reader-text\">\u201eSPD im Hochsauerlandkreis gr\u00fcndet die AG &#8222;Migration und Vielfalt&#8220;\u201c <\/span>weiterlesen<\/a><\/p>\n","protected":false},"author":17,"featured_media":0,"comment_status":"open","ping_status":"open","sticky":false,"template":"","format":"standard","meta":{"footnotes":""},"categories":[303,674,80,1043],"tags":[5453,655,4682],"class_list":["post-31405","post","type-post","status-publish","format-standard","hentry","category-in-unserem-briefkasten","category-kultur","category-lokales","category-pressemitteilungen","tag-ag-migration-und-vielfalt","tag-pressemitteilung","tag-spd-hsk"],"_links":{"self":[{"href":"https:\/\/www.schiebener.net\/wordpress\/wp-json\/wp\/v2\/posts\/31405","targetHints":{"allow":["GET"]}}],"collection":[{"href":"https:\/\/www.schiebener.net\/wordpress\/wp-json\/wp\/v2\/posts"}],"about":[{"href":"https:\/\/www.schiebener.net\/wordpress\/wp-json\/wp\/v2\/types\/post"}],"author":[{"embeddable":true,"href":"https:\/\/www.schiebener.net\/wordpress\/wp-json\/wp\/v2\/users\/17"}],"replies":[{"embeddable":true,"href":"https:\/\/www.schiebener.net\/wordpress\/wp-json\/wp\/v2\/comments?post=31405"}],"version-history":[{"count":0,"href":"https:\/\/www.schiebener.net\/wordpress\/wp-json\/wp\/v2\/posts\/31405\/revisions"}],"wp:attachment":[{"href":"https:\/\/www.schiebener.net\/wordpress\/wp-json\/wp\/v2\/media?parent=31405"}],"wp:term":[{"taxonomy":"category","embeddable":true,"href":"https:\/\/www.schiebener.net\/wordpress\/wp-json\/wp\/v2\/categories?post=31405"},{"taxonomy":"post_tag","embeddable":true,"href":"https:\/\/www.schiebener.net\/wordpress\/wp-json\/wp\/v2\/tags?post=31405"}],"curies":[{"name":"wp","href":"https:\/\/api.w.org\/{rel}","templated":true}]}}