{"id":31349,"date":"2015-01-27T20:44:50","date_gmt":"2015-01-27T19:44:50","guid":{"rendered":"http:\/\/www.schiebener.net\/wordpress\/?p=31349"},"modified":"2015-01-27T20:44:50","modified_gmt":"2015-01-27T19:44:50","slug":"cspannagel-dunkelmunkel-friends-10-irrtuemer-zum-einsatz-digitaler-medien-in-der-schule","status":"publish","type":"post","link":"https:\/\/www.schiebener.net\/wordpress\/cspannagel-dunkelmunkel-friends-10-irrtuemer-zum-einsatz-digitaler-medien-in-der-schule\/","title":{"rendered":"cspannagel, dunkelmunkel &#038; friends: 10 Irrt\u00fcmer zum Einsatz digitaler Medien in der Schule"},"content":{"rendered":"<p><iframe loading=\"lazy\" width=\"560\" height=\"315\" src=\"\/\/www.youtube.com\/embed\/HsXP528OVtU\" frameborder=\"0\" allowfullscreen><\/iframe><br \/>\n<strong>Zwischen 2014 und 2015 ist mir ein <a href=\"https:\/\/cspannagel.wordpress.com\/2014\/12\/15\/10-irrtumer-zum-einsatz-digitaler-medien-in-der-schule\/\" target=\"_blank\">Artikel des Heidelberger Mathe-Profs Christian Spannagel<\/a> durch die Finger gerutscht. Leider, denn die Fragen, die &#8222;<a href=\"http:\/\/about.me\/dunkelmunkel\" target=\"_blank\">dunkelmunkel<\/a>&#8220; in seinem 20-min\u00fctigen Vortrag aufwirft, bzw. die Thesen, die er formuliert, sind mir auch schon \u00e4hnlich durch den Kopf gegangen.<\/strong><\/p>\n<p>Falls es im gro\u00dfen weiten Sauerland und dar\u00fcber hinaus medienaffine P\u00e4dagogInnen, Eltern, Sch\u00fclerInnen oder andere Interessierte gibt, die zuf\u00e4llig oder regelm\u00e4\u00dfig dieses Blog lesen, w\u00fcrde mich und bestimmt auch Christian Spannagel eine R\u00fcckmeldung, sei es Widerspruch, Zustimmung oder irgendetwas dazwischen, sehr freuen. <\/p>\n<p><strong>Die von Christian Spannagel benannten &#8222;Irrt\u00fcmer zum Einsatz digitaler Medien&#8220;:<\/strong><\/p>\n<ul>\n<strong>Irrtum 1 <\/strong><br \/>\nSch\u00fcler k\u00f6nnen schon alles<\/p>\n<p><strong>Irrtum 2 <\/strong><br \/>\nDie Schule ist nicht zust\u00e4ndig<\/p>\n<p><strong>Irrtum 3 <\/strong><br \/>\nDie Schule muss \u00fcberwiegend vor Gefahren warnen<\/p>\n<p><strong>Irrtum 4<\/strong><br \/>\nComputer l\u00f6sen Lehrer ab<\/p>\n<p><strong>Irrtum 5 <\/strong><br \/>\nDigitale Medien erleichtern das Lernen<\/p>\n<p><strong>Irrtum 6 <\/strong><br \/>\nDigitale Medien l\u00f6sen analoge ab<\/p>\n<p><strong>Irrtum 7 <\/strong><br \/>\nIch muss mich mit diesen Technologien jetzt noch gar nicht auseinandersetzen.<\/p>\n<p><strong>Irrtum 8<\/strong><br \/>\nMit der nachr\u00fcckenden Lehrergeneration \u00e4ndert sich alles<\/p>\n<p><strong>Irrtum 9<\/strong><br \/>\nZeit, die ich heute in digitale Medien stecke, spare ich sp\u00e4ter<\/p>\n<p><strong>Irrtum 10<\/strong><br \/>\nIch kann das nicht\n<\/ul>\n<p>Alles klar?<\/p>\n","protected":false},"excerpt":{"rendered":"<p>Zwischen 2014 und 2015 ist mir ein Artikel des Heidelberger Mathe-Profs Christian Spannagel durch die Finger gerutscht. Leider, denn die Fragen, die &#8222;dunkelmunkel&#8220; in seinem 20-min\u00fctigen Vortrag aufwirft, bzw. die &hellip; <a href=\"https:\/\/www.schiebener.net\/wordpress\/cspannagel-dunkelmunkel-friends-10-irrtuemer-zum-einsatz-digitaler-medien-in-der-schule\/\" class=\"more-link\"><span class=\"screen-reader-text\">\u201ecspannagel, dunkelmunkel &#038; friends: 10 Irrt\u00fcmer zum Einsatz digitaler Medien in der Schule\u201c <\/span>weiterlesen<\/a><\/p>\n","protected":false},"author":3,"featured_media":0,"comment_status":"open","ping_status":"open","sticky":false,"template":"","format":"standard","meta":{"footnotes":""},"categories":[3,174],"tags":[3028,5436,5437],"class_list":["post-31349","post","type-post","status-publish","format-standard","hentry","category-bildung-und-schule","category-dit-und-dat","tag-christian-spannagel","tag-digitale-medien","tag-irrtuemer"],"_links":{"self":[{"href":"https:\/\/www.schiebener.net\/wordpress\/wp-json\/wp\/v2\/posts\/31349","targetHints":{"allow":["GET"]}}],"collection":[{"href":"https:\/\/www.schiebener.net\/wordpress\/wp-json\/wp\/v2\/posts"}],"about":[{"href":"https:\/\/www.schiebener.net\/wordpress\/wp-json\/wp\/v2\/types\/post"}],"author":[{"embeddable":true,"href":"https:\/\/www.schiebener.net\/wordpress\/wp-json\/wp\/v2\/users\/3"}],"replies":[{"embeddable":true,"href":"https:\/\/www.schiebener.net\/wordpress\/wp-json\/wp\/v2\/comments?post=31349"}],"version-history":[{"count":0,"href":"https:\/\/www.schiebener.net\/wordpress\/wp-json\/wp\/v2\/posts\/31349\/revisions"}],"wp:attachment":[{"href":"https:\/\/www.schiebener.net\/wordpress\/wp-json\/wp\/v2\/media?parent=31349"}],"wp:term":[{"taxonomy":"category","embeddable":true,"href":"https:\/\/www.schiebener.net\/wordpress\/wp-json\/wp\/v2\/categories?post=31349"},{"taxonomy":"post_tag","embeddable":true,"href":"https:\/\/www.schiebener.net\/wordpress\/wp-json\/wp\/v2\/tags?post=31349"}],"curies":[{"name":"wp","href":"https:\/\/api.w.org\/{rel}","templated":true}]}}