{"id":31341,"date":"2015-01-27T16:06:23","date_gmt":"2015-01-27T15:06:23","guid":{"rendered":"http:\/\/www.schiebener.net\/wordpress\/?p=31341"},"modified":"2015-01-27T16:06:23","modified_gmt":"2015-01-27T15:06:23","slug":"spd-im-regionalrat-arnsberg-kein-sonderstatus-fuer-den-regionalverband-ruhr-rvr","status":"publish","type":"post","link":"https:\/\/www.schiebener.net\/wordpress\/spd-im-regionalrat-arnsberg-kein-sonderstatus-fuer-den-regionalverband-ruhr-rvr\/","title":{"rendered":"SPD im Regionalrat Arnsberg: Kein Sonderstatus f\u00fcr den Regionalverband Ruhr (RVR)"},"content":{"rendered":"<figure id=\"attachment_30871\" aria-describedby=\"caption-attachment-30871\" style=\"width: 205px\" class=\"wp-caption alignleft\"><a href=\"http:\/\/www.schiebener.net\/wordpress\/wp-content\/uploads\/2014\/12\/Schneider201002.jpg\" target=\"_blank\"><img loading=\"lazy\" decoding=\"async\" class=\" wp-image-30871\" src=\"http:\/\/www.schiebener.net\/wordpress\/wp-content\/uploads\/2014\/12\/Schneider201002.jpg\" alt=\"Hans Walter Schneider, Vorsitzender der SPD-Regionalratsfraktion und stellvertretender Vorsitzender der SPD-Kreistagsfraktion aus Winterberg. (foto: spd)\" width=\"205\" height=\"308\" srcset=\"https:\/\/www.schiebener.net\/wordpress\/wp-content\/uploads\/2014\/12\/Schneider201002.jpg 320w, https:\/\/www.schiebener.net\/wordpress\/wp-content\/uploads\/2014\/12\/Schneider201002-200x300.jpg 200w\" sizes=\"auto, (max-width: 205px) 85vw, 205px\" \/><\/a><figcaption id=\"caption-attachment-30871\" class=\"wp-caption-text\">Hans Walter Schneider, Vorsitzender der SPD-Regionalratsfraktion \u00a0(foto: spd)<\/figcaption><\/figure>\n<p><strong><strong>Arnsberg. (spd_pm) Die SPD im Regionalrat Arnsberg argumentiert gegen einen Sonderstatus f\u00fcr den Regionalverband Ruhr (RVR). Der Gesetzentwurf zur St\u00e4rkung der Ruhrregion ist wegen erheblicher verfassungsrechtlicher Bedenken jetzt auf Eis gelegt worden. Dies best\u00e4tigte laut Presseberichten der Vorsitzende des kommunalpolitischen Ausschusses im Landtag, Christoph Dahm (SPD).<\/strong><\/strong><\/p>\n<p>Die anderen Regionen, wie S\u00fcdwestfalen, OWL und das M\u00fcnsterland sehen sich in ihrer massiv ge\u00e4u\u00dferten Kritik an dem im September letzten Jahres vorgelegten Gesetzentwurfes best\u00e4tigt. \u201eWir begr\u00fc\u00dfen diesen Schritt sehr. Ein Sonderstatus f\u00fcr das Ruhrgebiet, der zu einseitiger Bevorzugung gef\u00fchrt h\u00e4tte, ist nun vom Tisch\u201c, erkl\u00e4rte Hans Walter Schneider, Vorsitzender der SPD-Regionalratsfraktion aus dem Hochsauerlandkreis.<\/p>\n<p>Der Gesetzentwurf verfolge das Ziel, die Kooperation zwischen den St\u00e4dten des Ruhrgebietes mittels weitreichender neuer Kompetenzen wie beispielsweise einem bevorzugten Zugriff auf F\u00f6rdermittel der EU und des Landes oder einem direkt gew\u00e4hlten Parlament zu verbessern, \u201eum den noch andauernden Strukturwandel dieser Metropolregion weiter zu f\u00f6rdern\u201c, wie es im Gesetzentwurf hei\u00dft.<\/p>\n<p>Die Regionalr\u00e4te Arnsberg, Detmold, D\u00fcsseldorf und M\u00fcnster hatten sich in zahlreichen Gespr\u00e4chen und Resolutionen nicht zuletzt anl\u00e4sslich der Anh\u00f6rung zum Gesetzentwurf im Dezember letzten Jahres sehr kritisch ge\u00e4u\u00dfert und immer wieder die durch die Sonderstellung des RVR zu bef\u00fcrchtende Wettbewerbsverzerrung moniert.<\/p>\n<p>\u201eNun kann intensiv daran gearbeitet werden, die strukturellen Probleme des Ruhrgebietes wirksam zu l\u00f6sen, ohne die anderen Regionen dabei zu benachteiligen\u201c, so Schneider weiter. \u201eLetztlich geht es doch darum, alle Teilregionen Nordrhein-Westfalens so zu st\u00e4rken, dass sie im Sinne von Wirtschaftswachstum und Lebensqualit\u00e4t zukunftssicher bestehen k\u00f6nnen.\u201c<\/p>\n","protected":false},"excerpt":{"rendered":"<p>Arnsberg. (spd_pm) Die SPD im Regionalrat Arnsberg argumentiert gegen einen Sonderstatus f\u00fcr den Regionalverband Ruhr (RVR). Der Gesetzentwurf zur St\u00e4rkung der Ruhrregion ist wegen erheblicher verfassungsrechtlicher Bedenken jetzt auf Eis &hellip; <a href=\"https:\/\/www.schiebener.net\/wordpress\/spd-im-regionalrat-arnsberg-kein-sonderstatus-fuer-den-regionalverband-ruhr-rvr\/\" class=\"more-link\"><span class=\"screen-reader-text\">\u201eSPD im Regionalrat Arnsberg: Kein Sonderstatus f\u00fcr den Regionalverband Ruhr (RVR)\u201c <\/span>weiterlesen<\/a><\/p>\n","protected":false},"author":17,"featured_media":0,"comment_status":"open","ping_status":"open","sticky":false,"template":"","format":"standard","meta":{"footnotes":""},"categories":[303,80,24,1043],"tags":[1350,1337,655,4407,1941,4682],"class_list":["post-31341","post","type-post","status-publish","format-standard","hentry","category-in-unserem-briefkasten","category-lokales","category-politik","category-pressemitteilungen","tag-arnsberg","tag-hans-walter-schneider","tag-pressemitteilung","tag-regionalrat","tag-rvr","tag-spd-hsk"],"_links":{"self":[{"href":"https:\/\/www.schiebener.net\/wordpress\/wp-json\/wp\/v2\/posts\/31341","targetHints":{"allow":["GET"]}}],"collection":[{"href":"https:\/\/www.schiebener.net\/wordpress\/wp-json\/wp\/v2\/posts"}],"about":[{"href":"https:\/\/www.schiebener.net\/wordpress\/wp-json\/wp\/v2\/types\/post"}],"author":[{"embeddable":true,"href":"https:\/\/www.schiebener.net\/wordpress\/wp-json\/wp\/v2\/users\/17"}],"replies":[{"embeddable":true,"href":"https:\/\/www.schiebener.net\/wordpress\/wp-json\/wp\/v2\/comments?post=31341"}],"version-history":[{"count":0,"href":"https:\/\/www.schiebener.net\/wordpress\/wp-json\/wp\/v2\/posts\/31341\/revisions"}],"wp:attachment":[{"href":"https:\/\/www.schiebener.net\/wordpress\/wp-json\/wp\/v2\/media?parent=31341"}],"wp:term":[{"taxonomy":"category","embeddable":true,"href":"https:\/\/www.schiebener.net\/wordpress\/wp-json\/wp\/v2\/categories?post=31341"},{"taxonomy":"post_tag","embeddable":true,"href":"https:\/\/www.schiebener.net\/wordpress\/wp-json\/wp\/v2\/tags?post=31341"}],"curies":[{"name":"wp","href":"https:\/\/api.w.org\/{rel}","templated":true}]}}