{"id":31178,"date":"2015-01-13T14:15:35","date_gmt":"2015-01-13T13:15:35","guid":{"rendered":"http:\/\/www.schiebener.net\/wordpress\/?p=31178"},"modified":"2015-01-13T14:15:35","modified_gmt":"2015-01-13T13:15:35","slug":"ueberfluessige-debatte-mdb-wiese-warnt-vor-parteipolitischem-scharmuetzel-bei-aufnahme-von-fluechtlingen","status":"publish","type":"post","link":"https:\/\/www.schiebener.net\/wordpress\/ueberfluessige-debatte-mdb-wiese-warnt-vor-parteipolitischem-scharmuetzel-bei-aufnahme-von-fluechtlingen\/","title":{"rendered":"\u00dcberfl\u00fcssige Debatte: MdB Wiese warnt vor parteipolitischem Scharm\u00fctzel bei Aufnahme von Fl\u00fcchtlingen."},"content":{"rendered":"<figure id=\"attachment_31133\" aria-describedby=\"caption-attachment-31133\" style=\"width: 620px\" class=\"wp-caption aligncenter\"><img loading=\"lazy\" decoding=\"async\" class=\"wp-image-31133 size-full\" src=\"http:\/\/www.schiebener.net\/wordpress\/wp-content\/uploads\/2015\/01\/lt_Dirk-Wiese-20140101.jpg\" alt=\"Wiese: Keine ausl\u00e4nderfeindlichen Debatten!\" width=\"620\" height=\"413\" srcset=\"https:\/\/www.schiebener.net\/wordpress\/wp-content\/uploads\/2015\/01\/lt_Dirk-Wiese-20140101.jpg 620w, https:\/\/www.schiebener.net\/wordpress\/wp-content\/uploads\/2015\/01\/lt_Dirk-Wiese-20140101-300x200.jpg 300w\" sizes=\"auto, (max-width: 709px) 85vw, (max-width: 909px) 67vw, (max-width: 984px) 61vw, (max-width: 1362px) 45vw, 600px\" \/><figcaption id=\"caption-attachment-31133\" class=\"wp-caption-text\">Dirk Wiese: &#8222;Wir brauchen keine parteipolitische Auseinandersetzung, die weder den Betroffenen noch den Verantwortlichen in den Kommunen hilft. Sie spielt nur denen in die H\u00e4nde, die die Hilfen f\u00fcr ihre ausl\u00e4nderfeindlichen Debatten instrumentalisieren wollen.&#8220;<\/figcaption><\/figure>\n<p><strong>Brilon. (spd_pm) \u201eWas wir in der angespannten Debatte um die Aufnahme von Fl\u00fcchtlingen nicht brauchen, sind untaugliche parteipolitische Scharm\u00fctzel.\u201c Damit reagiert der SPD- Bundestagsabgeordnete Dirk Wiese aus Brilon auf die Standardartikel vieler CDU-Landtagsabgeordneter, die den Eindruck erwecken wollen, dass Land w\u00fcrde die Mittel des Bundes nicht an die Kommunen weiterleiten.<\/strong><\/p>\n<p>Fest steht: der Bund wird 500 Mio. Euro im Jahre 2015 zur Verf\u00fcgung stellen, die H\u00e4lfte der Mittel wird den L\u00e4ndern als langfristiges Darlehn gew\u00e4hrt. Voraussichtlich wird dies 2016 ebenso so sein. In NRW kommen davon 108 Mio. beim Land an. Der Bundesanteil \u2013 54 Millionen &#8211; geht ungeschm\u00e4lert an die Kommunen, weitere 91 Millionen Euro, also die zweite H\u00e4lfte in Form des Bundesdarlehns (54 Mio.) und weitere 37 Mio. Euro, werden vom Land f\u00fcr unterschiedliche Ma\u00dfnahmen eingesetzt, die auch den Kommunen zugute kommen:<\/p>\n<p>Die Landespauschale f\u00fcr die Kommunen wird um 40 Mio. Euro aufgestockt, von bisher 143 auf 183 Millionen Euro. Dar\u00fcber hinaus gibt es zahlreiche Einzelma\u00dfnahmen, die den kommunalen Aufgaben zur Unterbringung und Integration von Fl\u00fcchtlingen helfen. Angefangen von einer Erh\u00f6hung der Pl\u00e4tze in Landeseinrichtungen auf 10.000 \u00fcber einen H\u00e4rtefall f\u00fcr Krankheitskosten, 300 zus\u00e4tzliche Lehrerstellen, Unterst\u00fctzung bei sozialer Beratung, besseren Impfangeboten und einer Reihe weiterer Einzelma\u00dfnahmen hilft das Land mit weiteren 37 Millionen Euro.<\/p>\n<p>Abschlie\u00dfend stellt Wiese fest: \u201eDie Hilfe durch Bund und Land ist gro\u00df. Die Anstrengungen m\u00fcssen auch noch weiter verst\u00e4rkt werden. Wir danken den Kommunen und vielen Aktiven in der Gesellschaft, die die Unterbringung und Hilfen f\u00fcr die Betroffenen organisieren. Was wir gar nicht brauchen, ist eine parteipolitische Auseinandersetzung, die weder den Betroffenen noch den Verantwortlichen in den Kommunen hilft. Sie spielt nur denen in die H\u00e4nde, die die Hilfen f\u00fcr ihre ausl\u00e4nderfeindlichen Debatten instrumentalisieren wollen.\u201c<\/p>\n<p>Aktuelle Informationen \u00fcber die SPD im Hochsauerland und vom Bundestagsabgeordneten Dirk Wiese befinden sich im Internet unter <a href=\"http:\/\/www.hsk-spd.de\" target=\"_blank\">www.hsk-spd.de<\/a> und <a href=\"http:\/\/www.dirkwiese.de\" target=\"_blank\">www.dirkwiese.de <\/a><\/p>\n","protected":false},"excerpt":{"rendered":"<p>Brilon. (spd_pm) \u201eWas wir in der angespannten Debatte um die Aufnahme von Fl\u00fcchtlingen nicht brauchen, sind untaugliche parteipolitische Scharm\u00fctzel.\u201c Damit reagiert der SPD- Bundestagsabgeordnete Dirk Wiese aus Brilon auf die &hellip; <a href=\"https:\/\/www.schiebener.net\/wordpress\/ueberfluessige-debatte-mdb-wiese-warnt-vor-parteipolitischem-scharmuetzel-bei-aufnahme-von-fluechtlingen\/\" class=\"more-link\"><span class=\"screen-reader-text\">\u201e\u00dcberfl\u00fcssige Debatte: MdB Wiese warnt vor parteipolitischem Scharm\u00fctzel bei Aufnahme von Fl\u00fcchtlingen.\u201c <\/span>weiterlesen<\/a><\/p>\n","protected":false},"author":17,"featured_media":0,"comment_status":"open","ping_status":"open","sticky":false,"template":"","format":"standard","meta":{"footnotes":""},"categories":[303,80,24,1043],"tags":[1850,3104,861,1455,655],"class_list":["post-31178","post","type-post","status-publish","format-standard","hentry","category-in-unserem-briefkasten","category-lokales","category-politik","category-pressemitteilungen","tag-asylbewerber","tag-dirk-wiese","tag-fluchtlinge","tag-kommunen","tag-pressemitteilung"],"_links":{"self":[{"href":"https:\/\/www.schiebener.net\/wordpress\/wp-json\/wp\/v2\/posts\/31178","targetHints":{"allow":["GET"]}}],"collection":[{"href":"https:\/\/www.schiebener.net\/wordpress\/wp-json\/wp\/v2\/posts"}],"about":[{"href":"https:\/\/www.schiebener.net\/wordpress\/wp-json\/wp\/v2\/types\/post"}],"author":[{"embeddable":true,"href":"https:\/\/www.schiebener.net\/wordpress\/wp-json\/wp\/v2\/users\/17"}],"replies":[{"embeddable":true,"href":"https:\/\/www.schiebener.net\/wordpress\/wp-json\/wp\/v2\/comments?post=31178"}],"version-history":[{"count":0,"href":"https:\/\/www.schiebener.net\/wordpress\/wp-json\/wp\/v2\/posts\/31178\/revisions"}],"wp:attachment":[{"href":"https:\/\/www.schiebener.net\/wordpress\/wp-json\/wp\/v2\/media?parent=31178"}],"wp:term":[{"taxonomy":"category","embeddable":true,"href":"https:\/\/www.schiebener.net\/wordpress\/wp-json\/wp\/v2\/categories?post=31178"},{"taxonomy":"post_tag","embeddable":true,"href":"https:\/\/www.schiebener.net\/wordpress\/wp-json\/wp\/v2\/tags?post=31178"}],"curies":[{"name":"wp","href":"https:\/\/api.w.org\/{rel}","templated":true}]}}