{"id":31161,"date":"2015-01-12T17:33:34","date_gmt":"2015-01-12T16:33:34","guid":{"rendered":"http:\/\/www.schiebener.net\/wordpress\/?p=31161"},"modified":"2015-01-12T17:33:34","modified_gmt":"2015-01-12T16:33:34","slug":"piraten-begruessen-vorstoss-der-spd-zur-freifunkinitiative","status":"publish","type":"post","link":"https:\/\/www.schiebener.net\/wordpress\/piraten-begruessen-vorstoss-der-spd-zur-freifunkinitiative\/","title":{"rendered":"PIRATEN begr\u00fc\u00dfen Vorsto\u00df der SPD zur Freifunkinitiative"},"content":{"rendered":"<figure id=\"attachment_29241\" aria-describedby=\"caption-attachment-29241\" style=\"width: 618px\" class=\"wp-caption aligncenter\"><a href=\"http:\/\/www.schiebener.net\/wordpress\/wp-content\/uploads\/2014\/07\/FreifunkcommunityArnsberg.jpg\"><img loading=\"lazy\" decoding=\"async\" class=\" wp-image-29241\" src=\"http:\/\/www.schiebener.net\/wordpress\/wp-content\/uploads\/2014\/07\/FreifunkcommunityArnsberg.jpg\" alt=\"Die Arnsberger Freifunker sind stolz auf ihr Netz. (foto: piraten)\" width=\"618\" height=\"275\" \/><\/a><figcaption id=\"caption-attachment-29241\" class=\"wp-caption-text\">Die Arnsberger Freifunker sind stolz auf &#8222;ihr&#8220; Netz. (archivfoto: piraten)<\/figcaption><\/figure>\n<p><strong>Arnsberg. (piraten_pm) Die Piratenpartei in Arnsberg, welche das Freifunk-Projekt in Arnsberg mit initiiert hat, begr\u00fc\u00dft den Vorsto\u00df der SPD Arnsberg, eine gemeinsame und fraktions\u00fcbergreifende Resolution im Stadtrat zum Freifunkprojekt zu beschlie\u00dfen. Allerdings m\u00fcssten auf Worte nun auch erkennbare Taten folgen m\u00fcssen.<\/strong><\/p>\n<p>Im Landtag von Nordrhein-Westfalen wird aktuell ein \u00e4hnlicher Antrag auf Landesebene durch die Initiative der Piratenfraktion beraten. Schon in der Einbringungsrede war ein \u00fcberparteilicher Schulterschluss aller Fraktionen erkennbar.<\/p>\n<p>F\u00fcr die PIRATEN in Arnsberg gehe von einer Resolution im Stadtrat eine \u00fcber\u00f6rtliche Signalwirkung auf andere Stadtr\u00e4te aus, auch wenn eine solche Entschlie\u00dfung zu aller erst symbolischer Natur sei.<\/p>\n<p>&#8222;Wir werden uns mit unserer gesamten Expertise gerne \u00fcberparteilich in den Prozess eines gemeinsamen Antrags einbringen. Allerdings warnen wir davor, dass durch vorschnelle Reaktionen Antr\u00e4ge auch verwaschen k\u00f6nnen&#8220;, so Ronny G\u00e4ngler, Sprecher der Piratenpartei in Arnsberg.<\/p>\n","protected":false},"excerpt":{"rendered":"<p>Arnsberg. (piraten_pm) Die Piratenpartei in Arnsberg, welche das Freifunk-Projekt in Arnsberg mit initiiert hat, begr\u00fc\u00dft den Vorsto\u00df der SPD Arnsberg, eine gemeinsame und fraktions\u00fcbergreifende Resolution im Stadtrat zum Freifunkprojekt zu &hellip; <a href=\"https:\/\/www.schiebener.net\/wordpress\/piraten-begruessen-vorstoss-der-spd-zur-freifunkinitiative\/\" class=\"more-link\"><span class=\"screen-reader-text\">\u201ePIRATEN begr\u00fc\u00dfen Vorsto\u00df der SPD zur Freifunkinitiative\u201c <\/span>weiterlesen<\/a><\/p>\n","protected":false},"author":17,"featured_media":0,"comment_status":"open","ping_status":"open","sticky":false,"template":"","format":"standard","meta":{"footnotes":""},"categories":[303,80,32,24,1043],"tags":[4675,4815,655,2553],"class_list":["post-31161","post","type-post","status-publish","format-standard","hentry","category-in-unserem-briefkasten","category-lokales","category-medien","category-politik","category-pressemitteilungen","tag-freifunk","tag-piraten-arnsberg","tag-pressemitteilung","tag-spd-arnsberg"],"_links":{"self":[{"href":"https:\/\/www.schiebener.net\/wordpress\/wp-json\/wp\/v2\/posts\/31161","targetHints":{"allow":["GET"]}}],"collection":[{"href":"https:\/\/www.schiebener.net\/wordpress\/wp-json\/wp\/v2\/posts"}],"about":[{"href":"https:\/\/www.schiebener.net\/wordpress\/wp-json\/wp\/v2\/types\/post"}],"author":[{"embeddable":true,"href":"https:\/\/www.schiebener.net\/wordpress\/wp-json\/wp\/v2\/users\/17"}],"replies":[{"embeddable":true,"href":"https:\/\/www.schiebener.net\/wordpress\/wp-json\/wp\/v2\/comments?post=31161"}],"version-history":[{"count":0,"href":"https:\/\/www.schiebener.net\/wordpress\/wp-json\/wp\/v2\/posts\/31161\/revisions"}],"wp:attachment":[{"href":"https:\/\/www.schiebener.net\/wordpress\/wp-json\/wp\/v2\/media?parent=31161"}],"wp:term":[{"taxonomy":"category","embeddable":true,"href":"https:\/\/www.schiebener.net\/wordpress\/wp-json\/wp\/v2\/categories?post=31161"},{"taxonomy":"post_tag","embeddable":true,"href":"https:\/\/www.schiebener.net\/wordpress\/wp-json\/wp\/v2\/tags?post=31161"}],"curies":[{"name":"wp","href":"https:\/\/api.w.org\/{rel}","templated":true}]}}