{"id":30934,"date":"2014-12-21T21:33:28","date_gmt":"2014-12-21T20:33:28","guid":{"rendered":"http:\/\/www.schiebener.net\/wordpress\/?p=30934"},"modified":"2016-01-05T18:02:37","modified_gmt":"2016-01-05T17:02:37","slug":"ein-ausflug-zu-den-windraedern-in-bestwig-berlar","status":"publish","type":"post","link":"https:\/\/www.schiebener.net\/wordpress\/ein-ausflug-zu-den-windraedern-in-bestwig-berlar\/","title":{"rendered":"Ein Ausflug zu den Windr\u00e4dern in Bestwig-Berlar"},"content":{"rendered":"<p><strong>Die Westfalenpost hat heute meinen Sonntagsausflug gerettet, und das kam so:<\/strong><\/p>\n<p>Am Freitag Abend hatte ich einen <a href=\"http:\/\/www.derwesten.de\/staedte\/nachrichten-aus-brilon-marsberg-und-olsberg\/rat-olsberg-verabschiedet-stellungnahme-zur-windkraft-id10160379.html\" target=\"_blank\">Bericht in der Westfalenpost<\/a> \u00fcber die Stellungnahme des Olsberger Rats zur Windenergie gelesen. Leider wurde dem Bericht ein Bild ohne Beschreibung beigef\u00fcgt. So etwas macht mich in der Regel nerv\u00f6s und ich fragte\u00a0 bei der Westfalenpost in Brilon nach.<\/p>\n<blockquote><p>Sehr geehrte Damen und Herren,<\/p>\n<p>ich habe mit Interesse den Artikel<\/p>\n<p><a href=\"http:\/\/www.derwesten.de\/staedte\/nachrichten-aus-brilon-marsberg-und-olsberg\/rat-olsberg-verabschiedet-stellungnahme-zur-windkraft-id10160379.html\" target=\"_blank\">http:\/\/www.derwesten.de\/staedte\/nachrichten-aus-brilon-marsberg-und-olsberg\/rat-olsberg-verabschiedet-stellungnahme-zur-windkraft-id10160379.html<\/a><\/p>\n<p>gelesen.<\/p>\n<p>Ich w\u00fcrde gerne wissen, wo in Olsberg die WKAs fotografiert worden<br \/>\nsind, da ich sie mir gerne vor Ort anschauen w\u00fcrde.<\/p>\n<p>Falls nicht in Olsberg &#8211; wo stehen diese WKAs?<\/p>\n<p>Mit freundlichen Gr\u00fc\u00dfen<\/p><\/blockquote>\n<p>Heute Mittag bekam ich die gew\u00fcnschte Antwort:<\/p>\n<blockquote><p>Sehr geehrter Herr Schiebener<\/p>\n<p>Die zur Illustration des angegebenen Beitrags benutzten Fotos zeigen Windr\u00e4der im Bereich Bestwig-Berlar.<\/p>\n<p>Mit freundlichem Gru\u00df<br \/>\nJ\u00fcrgen Hendrichs<\/p>\n<p>WESTFALENPOST Brilon<br \/>\nRedaktion<br \/>\nDerkere Stra\u00dfe 4<br \/>\n59929 Brilon<\/p><\/blockquote>\n<p>Damit waren bei unfreundlichen 3\u00b0 Celsius Aktion und Ziel f\u00fcr den heutigen Sonntagnachmittag klar: einfach mal nach Bestwig-Berlar fahren, Windr\u00e4der suchen.<\/p>\n<figure id=\"attachment_30937\" aria-describedby=\"caption-attachment-30937\" style=\"width: 600px\" class=\"wp-caption aligncenter\"><a href=\"http:\/\/www.geoserver.hochsauerlandkreis.de\/website\/WindV11\/\" target=\"_blank\"><img loading=\"lazy\" decoding=\"async\" class=\"size-full wp-image-30937\" src=\"http:\/\/www.schiebener.net\/wordpress\/wp-content\/uploads\/2014\/12\/WindraederBerlarGeoserver.jpg\" alt=\"Die f\u00fcnf Windr\u00e4der bei Bestwig-Berlar (screenshot)\" width=\"600\" height=\"436\" srcset=\"https:\/\/www.schiebener.net\/wordpress\/wp-content\/uploads\/2014\/12\/WindraederBerlarGeoserver.jpg 600w, https:\/\/www.schiebener.net\/wordpress\/wp-content\/uploads\/2014\/12\/WindraederBerlarGeoserver-300x218.jpg 300w\" sizes=\"auto, (max-width: 709px) 85vw, (max-width: 909px) 67vw, (max-width: 984px) 61vw, (max-width: 1362px) 45vw, 600px\" \/><\/a><figcaption id=\"caption-attachment-30937\" class=\"wp-caption-text\">Die f\u00fcnf Windr\u00e4der bei Bestwig-Berlar auf dem Geoserver des HSK (screenshot)<\/figcaption><\/figure>\n<p>Die Windr\u00e4der haben wir gesucht, ohne uns vorher die Karten <a href=\"http:\/\/www.geoserver.hochsauerlandkreis.de\/website\/WindV11\/\" target=\"_blank\">auf dem Geoserver des HSK<\/a> anzugucken (siehe auch den <a href=\"http:\/\/www.schiebener.net\/wordpress\/windenergie-im-hsk-daten-jetzt-online\/\" target=\"_blank\">Bericht hier im Blog<\/a>). Berlar, so die Idee, ist ja klein genug. Da k\u00f6nnen sich Windr\u00e4der kaum verstecken.<\/p>\n<p>Und so war es denn auch. Die WKAs waren schnell gefunden. Einige Minuten dauerte die Suche nach dem Aufnahme-Standort des WP-Fotografen. Hier eine Ansicht mit allen f\u00fcnf Windr\u00e4dern.<\/p>\n<figure id=\"attachment_30938\" aria-describedby=\"caption-attachment-30938\" style=\"width: 600px\" class=\"wp-caption aligncenter\"><img loading=\"lazy\" decoding=\"async\" class=\"size-full wp-image-30938\" src=\"http:\/\/www.schiebener.net\/wordpress\/wp-content\/uploads\/2014\/12\/WKADorlar2014122101.jpg\" alt=\"Windkraftanlagen scheinen mit Weitwinkel fotografiert immer zu kippen. (foto: zoom) \" width=\"600\" height=\"402\" srcset=\"https:\/\/www.schiebener.net\/wordpress\/wp-content\/uploads\/2014\/12\/WKADorlar2014122101.jpg 600w, https:\/\/www.schiebener.net\/wordpress\/wp-content\/uploads\/2014\/12\/WKADorlar2014122101-300x201.jpg 300w\" sizes=\"auto, (max-width: 709px) 85vw, (max-width: 909px) 67vw, (max-width: 984px) 61vw, (max-width: 1362px) 45vw, 600px\" \/><figcaption id=\"caption-attachment-30938\" class=\"wp-caption-text\">Berlar liegt rechts im R\u00fccken. Windkraftanlagen scheinen, mit Weitwinkel fotografiert, stets zu kippen. (fotos: zoom)<\/figcaption><\/figure>\n<p>Die Angaben \u00fcber die Windr\u00e4der kann man sich durch Klicken auf die gr\u00fcnen Kreise der Geoserver-Karte anzeigen lassen. Alle f\u00fcnf WKAs haben eine Nabenh\u00f6he von 100 Metern. Der Rotorradius betr\u00e4gt 33,5 (3) bzw. 38,5 Meter (2). Also sind die Windr\u00e4der bis zur obersten Spitze 138,5 bzw. 133,5 Meter hoch.<br \/>\n<img loading=\"lazy\" decoding=\"async\" class=\"aligncenter size-full wp-image-30939\" src=\"http:\/\/www.schiebener.net\/wordpress\/wp-content\/uploads\/2014\/12\/WindraederBerlarGeoserver02.jpg\" alt=\"WindraederBerlarGeoserver02\" width=\"552\" height=\"359\" srcset=\"https:\/\/www.schiebener.net\/wordpress\/wp-content\/uploads\/2014\/12\/WindraederBerlarGeoserver02.jpg 552w, https:\/\/www.schiebener.net\/wordpress\/wp-content\/uploads\/2014\/12\/WindraederBerlarGeoserver02-300x195.jpg 300w\" sizes=\"auto, (max-width: 552px) 85vw, 552px\" \/><\/p>\n<p>Was uns ansonsten aufgefallen ist: die Anlagen sind sehr imposant, die Warnung vor dem &#8222;Eiswurf&#8220; hemmte unsere Schritte, unter der Anlage waren die Ger\u00e4usche der Rotoren zu h\u00f6ren. Die Zufahrtswege waren einspurig, teils asphaltiert.<\/p>\n<figure id=\"attachment_30941\" aria-describedby=\"caption-attachment-30941\" style=\"width: 600px\" class=\"wp-caption aligncenter\"><img loading=\"lazy\" decoding=\"async\" class=\"size-full wp-image-30941\" src=\"http:\/\/www.schiebener.net\/wordpress\/wp-content\/uploads\/2014\/12\/WKADorlar2014122102.jpg\" alt=\"Wie ist das mit der &quot;Eiswurfgefahr&quot;? Ab wann muss man damit rechnen?\" width=\"600\" height=\"1026\" srcset=\"https:\/\/www.schiebener.net\/wordpress\/wp-content\/uploads\/2014\/12\/WKADorlar2014122102.jpg 600w, https:\/\/www.schiebener.net\/wordpress\/wp-content\/uploads\/2014\/12\/WKADorlar2014122102-175x300.jpg 175w, https:\/\/www.schiebener.net\/wordpress\/wp-content\/uploads\/2014\/12\/WKADorlar2014122102-599x1024.jpg 599w\" sizes=\"auto, (max-width: 709px) 85vw, (max-width: 909px) 67vw, (max-width: 984px) 61vw, (max-width: 1362px) 45vw, 600px\" \/><figcaption id=\"caption-attachment-30941\" class=\"wp-caption-text\">Wie ist das mit der &#8222;Eiswurfgefahr&#8220;? Ab wann muss man damit rechnen?\u00a0 Einspuriger Zufahrtsweg zur WKA.<\/figcaption><\/figure>\n","protected":false},"excerpt":{"rendered":"<p>Die Westfalenpost hat heute meinen Sonntagsausflug gerettet, und das kam so: Am Freitag Abend hatte ich einen Bericht in der Westfalenpost \u00fcber die Stellungnahme des Olsberger Rats zur Windenergie gelesen. &hellip; <a href=\"https:\/\/www.schiebener.net\/wordpress\/ein-ausflug-zu-den-windraedern-in-bestwig-berlar\/\" class=\"more-link\"><span class=\"screen-reader-text\">\u201eEin Ausflug zu den Windr\u00e4dern in Bestwig-Berlar\u201c <\/span>weiterlesen<\/a><\/p>\n","protected":false},"author":3,"featured_media":0,"comment_status":"open","ping_status":"open","sticky":false,"template":"","format":"standard","meta":{"footnotes":""},"categories":[174,80,549,648],"tags":[5354,4083],"class_list":["post-30934","post","type-post","status-publish","format-standard","hentry","category-dit-und-dat","category-lokales","category-umwelt","category-was-tun-gegen-langweile","tag-bestwig-berlar","tag-windrader"],"_links":{"self":[{"href":"https:\/\/www.schiebener.net\/wordpress\/wp-json\/wp\/v2\/posts\/30934","targetHints":{"allow":["GET"]}}],"collection":[{"href":"https:\/\/www.schiebener.net\/wordpress\/wp-json\/wp\/v2\/posts"}],"about":[{"href":"https:\/\/www.schiebener.net\/wordpress\/wp-json\/wp\/v2\/types\/post"}],"author":[{"embeddable":true,"href":"https:\/\/www.schiebener.net\/wordpress\/wp-json\/wp\/v2\/users\/3"}],"replies":[{"embeddable":true,"href":"https:\/\/www.schiebener.net\/wordpress\/wp-json\/wp\/v2\/comments?post=30934"}],"version-history":[{"count":0,"href":"https:\/\/www.schiebener.net\/wordpress\/wp-json\/wp\/v2\/posts\/30934\/revisions"}],"wp:attachment":[{"href":"https:\/\/www.schiebener.net\/wordpress\/wp-json\/wp\/v2\/media?parent=30934"}],"wp:term":[{"taxonomy":"category","embeddable":true,"href":"https:\/\/www.schiebener.net\/wordpress\/wp-json\/wp\/v2\/categories?post=30934"},{"taxonomy":"post_tag","embeddable":true,"href":"https:\/\/www.schiebener.net\/wordpress\/wp-json\/wp\/v2\/tags?post=30934"}],"curies":[{"name":"wp","href":"https:\/\/api.w.org\/{rel}","templated":true}]}}