{"id":30889,"date":"2014-12-19T22:35:44","date_gmt":"2014-12-19T21:35:44","guid":{"rendered":"http:\/\/www.schiebener.net\/wordpress\/?p=30889"},"modified":"2014-12-19T22:35:44","modified_gmt":"2014-12-19T21:35:44","slug":"almosen-statt-sozialleistungen-die-tafel-als-symptom-unserer-zeit","status":"publish","type":"post","link":"https:\/\/www.schiebener.net\/wordpress\/almosen-statt-sozialleistungen-die-tafel-als-symptom-unserer-zeit\/","title":{"rendered":"Almosen statt Sozialleistungen: &#8222;Die Tafel&#8220; als Symptom unserer Zeit."},"content":{"rendered":"<figure id=\"attachment_30894\" aria-describedby=\"caption-attachment-30894\" style=\"width: 600px\" class=\"wp-caption aligncenter\"><img loading=\"lazy\" decoding=\"async\" class=\"wp-image-30894 size-full\" src=\"http:\/\/www.schiebener.net\/wordpress\/wp-content\/uploads\/2014\/12\/tafel.jpg\" alt=\"tafel\" width=\"600\" height=\"402\" srcset=\"https:\/\/www.schiebener.net\/wordpress\/wp-content\/uploads\/2014\/12\/tafel.jpg 600w, https:\/\/www.schiebener.net\/wordpress\/wp-content\/uploads\/2014\/12\/tafel-300x201.jpg 300w\" sizes=\"auto, (max-width: 709px) 85vw, (max-width: 909px) 67vw, (max-width: 984px) 61vw, (max-width: 1362px) 45vw, 600px\" \/><figcaption id=\"caption-attachment-30894\" class=\"wp-caption-text\">Weihnachtszeit ist Spendenzeit. Lebensmittel f\u00fcr &#8222;Die Tafel&#8220;. (foto: chris)<\/figcaption><\/figure>\n<p><strong>Weihnachtszeit ist Spendenzeit. Fr\u00fcher spendeten wir f\u00fcr Bed\u00fcrftige in armen L\u00e4ndern, Opfer von Naturkatastrophen und benachteiligte Kinder in Deutschland. Heute sollen wir zus\u00e4tzlich die l\u00f6chrige Sozialpolitik mit Spenden ausgleichen.<\/strong><\/p>\n<p>\u201eDie Tafel\u201c bittet vielerorts um vorweihnachtliche Gaben, sei es im Eingangsbereich der Superm\u00e4rkte, sei es in Schulen oder Kirchen. Dennoch reichen die gespendeten Lebensmittel immer seltener, um alle Bed\u00fcrftigen, die sich an \u201eDie Tafel\u201c wenden, zu versorgen.<\/p>\n<p>Wer sucht \u201cDie Tafel\u201d auf? &#8211; Es werden immer mehr Menschen: Obdachlose, Alleinerziehende mit ihren Kindern, Studenten und in letzter Zeit auch immer mehr Fl\u00fcchtlinge. Ihnen fehlt Geld f\u00fcr Lebensmittel und so sind sie auf Almosen angewiesen.<\/p>\n<p>Der Anspruch auf staatliche Leistungen stellte eine Errungenschaft des Sozialstaates im 19. Jahrhundert dar. Bismarck hatte Angst vor der erstarkenden Sozialdemokratie bekommen und f\u00fchrte die Sozialgesetze ein.<\/p>\n<p>Heute muss niemand mehr Angst vor der SPD haben und die Sozialgesetze werden bis zur Unkenntlichkeit verst\u00fcmmelt.<\/p>\n<p>Staatliche Leistungen wurden in den vergangenen Jahrzehnten ganz gestrichen oder gek\u00fcrzt, die Dauer ihrer Zahlung reduziert. Der Weg Arbeit &#8211; Arbeitslosigkeit &#8211; Armut ist atemberaubend kurz geworden.<\/p>\n<p>Immer mehr Menschen in Deutschland sind auf Almosen der Tafel angewiesen. Politiker entziehen sich ihrer Verantwortung und loben stattdessen das ehrenamtliche Engagement und die Spendenbereitschaft.<\/p>\n<p>\u201eDie Tafel\u201c stopft sicherlich kurzfristig einige L\u00f6cher. Aber schon seit l\u00e4ngerem wird deutlich, dass Almosen die staatlichen Leistungen nicht ansatzweise ersetzen k\u00f6nnen.<\/p>\n<p>\u201eDie Tafel\u201c verschafft der staatlichen Un-Sozialpolitik Spielraum,\u00a0 Gelder k\u00f6nnen in andere Bereiche umgeleitet werden.<\/p>\n<p>Die Reichen werden reicher und den Armen bleiben die Almosen von \u201eDie Tafel\u201c \u2013 wenn diese nicht gerade zur Neige gegangen sind.<\/p>\n","protected":false},"excerpt":{"rendered":"<p>Weihnachtszeit ist Spendenzeit. Fr\u00fcher spendeten wir f\u00fcr Bed\u00fcrftige in armen L\u00e4ndern, Opfer von Naturkatastrophen und benachteiligte Kinder in Deutschland. Heute sollen wir zus\u00e4tzlich die l\u00f6chrige Sozialpolitik mit Spenden ausgleichen. \u201eDie &hellip; <a href=\"https:\/\/www.schiebener.net\/wordpress\/almosen-statt-sozialleistungen-die-tafel-als-symptom-unserer-zeit\/\" class=\"more-link\"><span class=\"screen-reader-text\">\u201eAlmosen statt Sozialleistungen: &#8222;Die Tafel&#8220; als Symptom unserer Zeit.\u201c <\/span>weiterlesen<\/a><\/p>\n","protected":false},"author":21,"featured_media":0,"comment_status":"open","ping_status":"open","sticky":false,"template":"","format":"standard","meta":{"footnotes":""},"categories":[1,542,24,1208],"tags":[1143,5344,1197],"class_list":["post-30889","post","type-post","status-publish","format-standard","hentry","category-allgemein","category-arbeitswelt","category-politik","category-wirtschaft","tag-armut","tag-die-tafel","tag-sozialstaat"],"_links":{"self":[{"href":"https:\/\/www.schiebener.net\/wordpress\/wp-json\/wp\/v2\/posts\/30889","targetHints":{"allow":["GET"]}}],"collection":[{"href":"https:\/\/www.schiebener.net\/wordpress\/wp-json\/wp\/v2\/posts"}],"about":[{"href":"https:\/\/www.schiebener.net\/wordpress\/wp-json\/wp\/v2\/types\/post"}],"author":[{"embeddable":true,"href":"https:\/\/www.schiebener.net\/wordpress\/wp-json\/wp\/v2\/users\/21"}],"replies":[{"embeddable":true,"href":"https:\/\/www.schiebener.net\/wordpress\/wp-json\/wp\/v2\/comments?post=30889"}],"version-history":[{"count":0,"href":"https:\/\/www.schiebener.net\/wordpress\/wp-json\/wp\/v2\/posts\/30889\/revisions"}],"wp:attachment":[{"href":"https:\/\/www.schiebener.net\/wordpress\/wp-json\/wp\/v2\/media?parent=30889"}],"wp:term":[{"taxonomy":"category","embeddable":true,"href":"https:\/\/www.schiebener.net\/wordpress\/wp-json\/wp\/v2\/categories?post=30889"},{"taxonomy":"post_tag","embeddable":true,"href":"https:\/\/www.schiebener.net\/wordpress\/wp-json\/wp\/v2\/tags?post=30889"}],"curies":[{"name":"wp","href":"https:\/\/api.w.org\/{rel}","templated":true}]}}