{"id":30870,"date":"2014-12-18T20:50:38","date_gmt":"2014-12-18T19:50:38","guid":{"rendered":"http:\/\/www.schiebener.net\/wordpress\/?p=30870"},"modified":"2014-12-19T06:44:09","modified_gmt":"2014-12-19T05:44:09","slug":"in-der-pressemappe-nicht-nur-das-ruhrgebiet-spd-regionalratsfraktionen-fordern-gleiches-recht-fuer-alle-regionen","status":"publish","type":"post","link":"https:\/\/www.schiebener.net\/wordpress\/in-der-pressemappe-nicht-nur-das-ruhrgebiet-spd-regionalratsfraktionen-fordern-gleiches-recht-fuer-alle-regionen\/","title":{"rendered":"In der Pressemappe: Nicht nur das Ruhrgebiet &#8211; SPD-Regionalratsfraktionen fordern gleiches Recht f\u00fcr alle Regionen"},"content":{"rendered":"<figure id=\"attachment_30871\" aria-describedby=\"caption-attachment-30871\" style=\"width: 184px\" class=\"wp-caption alignleft\"><img loading=\"lazy\" decoding=\"async\" class=\" wp-image-30871\" src=\"http:\/\/www.schiebener.net\/wordpress\/wp-content\/uploads\/2014\/12\/Schneider201002.jpg\" alt=\"Hans Walter Schneider, Vorsitzender der SPD-Regionalratsfraktion und stellvertretender Vorsitzender der SPD-Kreistagsfraktion aus Winterberg. (foto: spd)\" width=\"184\" height=\"276\" srcset=\"https:\/\/www.schiebener.net\/wordpress\/wp-content\/uploads\/2014\/12\/Schneider201002.jpg 320w, https:\/\/www.schiebener.net\/wordpress\/wp-content\/uploads\/2014\/12\/Schneider201002-200x300.jpg 200w\" sizes=\"auto, (max-width: 184px) 85vw, 184px\" \/><figcaption id=\"caption-attachment-30871\" class=\"wp-caption-text\">Hans Walter Schneider, Vorsitzender der SPD-Regionalratsfraktion und stellvertretender Vorsitzender der SPD-Kreistagsfraktion aus Winterberg. (foto: spd)<\/figcaption><\/figure>\n<p><strong>Arnsberg \/ Winterberg. (spd_pm) Auf ihrer letzten Sitzung beschloss die Landeskoordination der SPD-Regionalratsfraktionen in den Bezirken Arnsberg, Detmold, D\u00fcsseldorf, K\u00f6ln und M\u00fcnster eine gemeinsame Resolution zum Entwurf des Gesetzes zur St\u00e4rkung des Regionalverbandes Ruhr.<\/strong><\/p>\n<p>Die Vorsitzenden der SPD-Regionalratsfraktionen treffen sich regelm\u00e4\u00dfig um Angelegenheiten von landesweiter Bedeutung untereinander abzustimmen.<\/p>\n<p>Mit fachlicher Unterst\u00fctzung aus den Bezirksregierungen werden die aktuellen politischen Themen der Landesplanung wie z.B. der Entwurf des Landesentwicklungsplans, der Sachliche Teilplan Energie in Arnsberg und eben auch der Entwurf zur St\u00e4rkung des Regionalverbandes Ruhr besprochen.<\/p>\n<p>\u201eDie in diesem Entwurf vorgesehene St\u00e4rkung des Ruhrgebietes l\u00e4sst den Eindruck entstehen, dass zuk\u00fcnftig die regionale Entwicklung prim\u00e4r auf das Ruhrgebiet fokussiert werden soll\u201c, erkl\u00e4rt Hans Walter Schneider, Vorsitzender der SPD-Regionalratsfraktion und stellvertretender Vorsitzender der SPD-Kreistagsfraktion aus Winterberg. <\/p>\n<p><!--more--><\/p>\n<p>Zwar erkenne man an, dass eine Verbesserung der strukturellen regional-wirtschaftlichen Defizite des Ruhrgebietes dringend geboten sei, auch um die Gesamtentwicklung Nordrhein-Westfalens positiv zu beeinflussen, aber es sei jedoch nicht akzeptabel, wenn dem Ruhrgebiet \u2013 wie im RVR-Gesetzentwurf angedacht \u2013 letztendlich eine absolute Sonderstellung mit Sonderrechten im Vergleich mit den anderen nordrhein-westf\u00e4lischen Regionen einger\u00e4umt werde.<\/p>\n<p>Dies gelte beispielsweise f\u00fcr Zugriffsm\u00f6glichkeiten auf F\u00f6rdergelder, die Sonderstellung der bisherigen RVR-Verbandsversammlung als direkt gew\u00e4hltes \u201eRuhrparlament\u201c oder die diskutierte Vertretung in Br\u00fcssel.<\/p>\n<p>\u201eWir fordern daher die Landesregierung und den Landtag auf, eine Gesetzesinitiative zu entwickeln, die auch f\u00fcr die anderen Teilregionen des Landes eine Gleichbehandlung im Hinblick auf die bisher nur f\u00fcr das Ruhrgebiet angedachten erweiterten M\u00f6glichkeiten einer eigenst\u00e4ndigen regionalen Entwicklung mit sich bringt\u201c, erl\u00e4utert Hans Walter Schneider die Zielsetzung der Resolution.<\/p>\n<p>Eine \u00e4hnlich lautende Resolution hatte zuvor der Regionalrat im Regierungsbezirk Arnsberg mit den Stimmen von SPD und CDU ebenfalls an die Landesregierung und den Landtag gerichtet.<\/p>\n","protected":false},"excerpt":{"rendered":"<p>Arnsberg \/ Winterberg. (spd_pm) Auf ihrer letzten Sitzung beschloss die Landeskoordination der SPD-Regionalratsfraktionen in den Bezirken Arnsberg, Detmold, D\u00fcsseldorf, K\u00f6ln und M\u00fcnster eine gemeinsame Resolution zum Entwurf des Gesetzes zur &hellip; <a href=\"https:\/\/www.schiebener.net\/wordpress\/in-der-pressemappe-nicht-nur-das-ruhrgebiet-spd-regionalratsfraktionen-fordern-gleiches-recht-fuer-alle-regionen\/\" class=\"more-link\"><span class=\"screen-reader-text\">\u201eIn der Pressemappe: Nicht nur das Ruhrgebiet &#8211; SPD-Regionalratsfraktionen fordern gleiches Recht f\u00fcr alle Regionen\u201c <\/span>weiterlesen<\/a><\/p>\n","protected":false},"author":17,"featured_media":0,"comment_status":"open","ping_status":"open","sticky":false,"template":"","format":"standard","meta":{"footnotes":""},"categories":[303,80,24,1043],"tags":[1337,655,5152,13],"class_list":["post-30870","post","type-post","status-publish","format-standard","hentry","category-in-unserem-briefkasten","category-lokales","category-politik","category-pressemitteilungen","tag-hans-walter-schneider","tag-pressemitteilung","tag-regionalverband-ruhr","tag-spd"],"_links":{"self":[{"href":"https:\/\/www.schiebener.net\/wordpress\/wp-json\/wp\/v2\/posts\/30870","targetHints":{"allow":["GET"]}}],"collection":[{"href":"https:\/\/www.schiebener.net\/wordpress\/wp-json\/wp\/v2\/posts"}],"about":[{"href":"https:\/\/www.schiebener.net\/wordpress\/wp-json\/wp\/v2\/types\/post"}],"author":[{"embeddable":true,"href":"https:\/\/www.schiebener.net\/wordpress\/wp-json\/wp\/v2\/users\/17"}],"replies":[{"embeddable":true,"href":"https:\/\/www.schiebener.net\/wordpress\/wp-json\/wp\/v2\/comments?post=30870"}],"version-history":[{"count":0,"href":"https:\/\/www.schiebener.net\/wordpress\/wp-json\/wp\/v2\/posts\/30870\/revisions"}],"wp:attachment":[{"href":"https:\/\/www.schiebener.net\/wordpress\/wp-json\/wp\/v2\/media?parent=30870"}],"wp:term":[{"taxonomy":"category","embeddable":true,"href":"https:\/\/www.schiebener.net\/wordpress\/wp-json\/wp\/v2\/categories?post=30870"},{"taxonomy":"post_tag","embeddable":true,"href":"https:\/\/www.schiebener.net\/wordpress\/wp-json\/wp\/v2\/tags?post=30870"}],"curies":[{"name":"wp","href":"https:\/\/api.w.org\/{rel}","templated":true}]}}