{"id":30863,"date":"2014-12-17T22:41:14","date_gmt":"2014-12-17T21:41:14","guid":{"rendered":"http:\/\/www.schiebener.net\/wordpress\/?p=30863"},"modified":"2014-12-17T22:41:14","modified_gmt":"2014-12-17T21:41:14","slug":"perlen-des-newspeak-neusprech-in-der-lokalpolitik-wenn-der-buergermeister-sensibilisiert","status":"publish","type":"post","link":"https:\/\/www.schiebener.net\/wordpress\/perlen-des-newspeak-neusprech-in-der-lokalpolitik-wenn-der-buergermeister-sensibilisiert\/","title":{"rendered":"Perlen des Newspeak (Neusprech***) in der Lokalpolitik: Wenn der B\u00fcrgermeister sensibilisiert &#8230;"},"content":{"rendered":"<p><strong>&lt;Polemik on&gt; Ist das schon Zensur oder ist das in Winterberg \u00fcblich? &lt;Polemik off&gt;<\/strong><\/p>\n<p>Aus dem Mitteilungsblatt der Stadt Winterberg vom 12. Dezember 2014:<\/p>\n<blockquote><p>Der Vorsitzende der SPD-Fraktion weist die Kritik, dass seine Partei das Projekt Oversum nicht mehr unterst\u00fctze, entschieden zur\u00fcck. Er habe lediglich angemerkt, dass der Rat bei der Umsetzung der Pl\u00e4ne zu blau\u00e4ugig reagiert habe und er nur Kritik an der Umsetzung des Projektes ge\u00fcbt habe.<\/p>\n<p>Abschlie\u00dfend sensibilisiert [sic!] B\u00fcrgermeister Eickler noch einmal [sic!] die gew\u00e4hlten politischen Vertreter dahingehend, dass der B\u00fcrger \u00c4u\u00dferungen im \u00f6ffentlichen Raum eine besondere Bedeutung beimesse und er deshalb anrege, egal um welches Thema es sich handle, immer sorgf\u00e4ltig \u00c4u\u00dferungen in der \u00d6ffentlichkeit abzuw\u00e4gen. Das gelte auch zu \u00c4u\u00dferungen zum Oversum.\n<\/p><\/blockquote>\n<p>Welche Methode wendet ein B\u00fcrgermeister bei einer derartigen &#8222;Sensibilisierung&#8220; an? Leichtes Streicheln? Schl\u00e4ge auf den Hinterkopf? Folter im Rathauskeller? &#8222;Isch mach Disch Oversum&#8220;?<\/p>\n<p>Wir wissen es nicht.<\/p>\n<p>Was wir wohl annehmen d\u00fcrfen: seit der Sensibilisierung durch den B\u00fcrgermeister w\u00e4gen die Ratsmitglieder ihre \u00c4u\u00dferungen im Gespr\u00e4ch mit dem B\u00fcrger sorgf\u00e4ltig ab.<\/p>\n<p>Das war die schlechte Nachricht.<\/p>\n<p>Die gute Nachricht ist, dass die Sensibilisierung anscheinend nur f\u00fcr die &#8222;\u00c4u\u00dferungen in der \u00d6ffentlichkeit&#8220; gilt. Am Stammtisch machen wir weiter wie bisher, und da h\u00f6rt man Sachen &#8230; oho!<\/p>\n<p>Demn\u00e4chst in diesem Blog &#8230;<\/p>\n<p><em>*** \u201eNeusprech\u201c bezeichnet die vom herrschenden Regime vorgeschriebene, k\u00fcnstlich ver\u00e4nderte Sprache. Das Ziel dieser Sprachpolitik ist es, die Anzahl und das Bedeutungsspektrum der W\u00f6rter zu verringern, um die Kommunikation des Volkes [hier: des Rates, zoom] in enge, kontrollierte Bahnen zu lenken. Quelle: <a href=\"https:\/\/de.wikipedia.org\/wiki\/Neusprech\" target=\"_blank\">https:\/\/de.wikipedia.org\/wiki\/Neusprech<\/a><\/em><\/p>\n","protected":false},"excerpt":{"rendered":"<p>&lt;Polemik on&gt; Ist das schon Zensur oder ist das in Winterberg \u00fcblich? &lt;Polemik off&gt; Aus dem Mitteilungsblatt der Stadt Winterberg vom 12. Dezember 2014: Der Vorsitzende der SPD-Fraktion weist die &hellip; <a href=\"https:\/\/www.schiebener.net\/wordpress\/perlen-des-newspeak-neusprech-in-der-lokalpolitik-wenn-der-buergermeister-sensibilisiert\/\" class=\"more-link\"><span class=\"screen-reader-text\">\u201ePerlen des Newspeak (Neusprech***) in der Lokalpolitik: Wenn der B\u00fcrgermeister sensibilisiert &#8230;\u201c <\/span>weiterlesen<\/a><\/p>\n","protected":false},"author":3,"featured_media":0,"comment_status":"open","ping_status":"open","sticky":false,"template":"","format":"standard","meta":{"footnotes":""},"categories":[174,80,24,2782],"tags":[692,4646,4348,4534,67],"class_list":["post-30863","post","type-post","status-publish","format-standard","hentry","category-dit-und-dat","category-lokales","category-politik","category-satire","tag-692","tag-buergermeister-werner-eickler","tag-george-orwell","tag-rathaus-winterberg","tag-zensur"],"_links":{"self":[{"href":"https:\/\/www.schiebener.net\/wordpress\/wp-json\/wp\/v2\/posts\/30863","targetHints":{"allow":["GET"]}}],"collection":[{"href":"https:\/\/www.schiebener.net\/wordpress\/wp-json\/wp\/v2\/posts"}],"about":[{"href":"https:\/\/www.schiebener.net\/wordpress\/wp-json\/wp\/v2\/types\/post"}],"author":[{"embeddable":true,"href":"https:\/\/www.schiebener.net\/wordpress\/wp-json\/wp\/v2\/users\/3"}],"replies":[{"embeddable":true,"href":"https:\/\/www.schiebener.net\/wordpress\/wp-json\/wp\/v2\/comments?post=30863"}],"version-history":[{"count":0,"href":"https:\/\/www.schiebener.net\/wordpress\/wp-json\/wp\/v2\/posts\/30863\/revisions"}],"wp:attachment":[{"href":"https:\/\/www.schiebener.net\/wordpress\/wp-json\/wp\/v2\/media?parent=30863"}],"wp:term":[{"taxonomy":"category","embeddable":true,"href":"https:\/\/www.schiebener.net\/wordpress\/wp-json\/wp\/v2\/categories?post=30863"},{"taxonomy":"post_tag","embeddable":true,"href":"https:\/\/www.schiebener.net\/wordpress\/wp-json\/wp\/v2\/tags?post=30863"}],"curies":[{"name":"wp","href":"https:\/\/api.w.org\/{rel}","templated":true}]}}