{"id":30859,"date":"2014-12-17T21:45:12","date_gmt":"2014-12-17T20:45:12","guid":{"rendered":"http:\/\/www.schiebener.net\/wordpress\/?p=30859"},"modified":"2014-12-19T06:45:39","modified_gmt":"2014-12-19T05:45:39","slug":"pm-sauerlaender-spd-fuer-reaktivierung-der-roehrtalbahn","status":"publish","type":"post","link":"https:\/\/www.schiebener.net\/wordpress\/pm-sauerlaender-spd-fuer-reaktivierung-der-roehrtalbahn\/","title":{"rendered":"PM: Sauerl\u00e4nder SPD f\u00fcr Reaktivierung der R\u00f6hrtalbahn"},"content":{"rendered":"<figure id=\"attachment_30860\" aria-describedby=\"caption-attachment-30860\" style=\"width: 150px\" class=\"wp-caption alignleft\"><img loading=\"lazy\" decoding=\"async\" class=\"size-full wp-image-30860\" src=\"http:\/\/www.schiebener.net\/wordpress\/wp-content\/uploads\/2014\/12\/Foto-Rainer-M\u00fchlnickel.jpg\" alt=\"Rainer M\u00fchlnickel, verkehrspolitischer Sprecher der Sauerl\u00e4nder SPD (foto: spd)\" width=\"150\" height=\"150\" \/><figcaption id=\"caption-attachment-30860\" class=\"wp-caption-text\">Rainer M\u00fchlnickel, u. a. verkehrspolitischer Sprecher der Sauerl\u00e4nder SPD (foto: spd)<\/figcaption><\/figure>\n<p><strong>Meschede. (spd_pm) Auf dem Parteitag der Sauerl\u00e4nder SPD in Altastenberg haben die Delegierten einstimmig die Reaktivierung der R\u00f6hrtalbahn unterst\u00fctzt. <\/strong><\/p>\n<p>Die Sauerl\u00e4nder SPD sieht es als m\u00f6glich und realistisch an, die R\u00f6hrtalbahn f\u00fcr den Personenverkehr zu reaktivieren. Es sei eine gro\u00dfe Chance f\u00fcr Sundern und Umgebung, f\u00fcr die Zukunft mehr Mobilit\u00e4tsangebote zu entwickeln.<\/p>\n<p>Die Aufnahme des Schienenpersonennahverkehrs zwischen Sundern und Neheim-H\u00fcsten und weiter bis Dortmund Hbf w\u00fcrde beispielsweise die Tourismuswirtschaft und die Innenstadt Sunderns durch Kaufkraftzufl\u00fcsse st\u00e4rken.<\/p>\n<p><!--more--><\/p>\n<p>Die R\u00f6hrtalbahn steht aktuell im NRW-Nahverkehrsplan des NWL-ZRL als \u201eweiterer Bedarf ab 2015\u201c und die R\u00f6hrschiene wurde ausf\u00fchrlich von Fachleuten begutachtet und positiv bewertet. &#8222;Dies ist eine gro\u00dfe Chance f\u00fcr die Region. Genauso wie die bereits erfolgte Reaktivierung der Bahnstrecke nach Brilon-Stadt oder die bevorstehende Er\u00f6ffnung der Nord-S\u00fcd-Verbindung von Korbach nach Frankenberg.&#8220; so Rainer M\u00fchlnickel (stellv. Vorsitzender der Sauerl\u00e4nder SPD und Sprecher f\u00fcr Verkehr).<\/p>\n<p>&#8222;Kritisch ist allerdings die Nichterh\u00f6hung der Regionalisierungsmittel f\u00fcr den Schienenpersonennahverkehr durch den Bund. Finanzminister Sch\u00e4uble hatte die geplante Erh\u00f6hung gestoppt, um das Geld als Verhandlungsmasse f\u00fcr die Gespr\u00e4che zu Bund-L\u00e4nder-Finanzbeziehungen zu haben. Dies ist Politik gegen den l\u00e4ndlichen Raum. Hiergegen h\u00f6rt man von der CDU keinen Widerspruch. Das ist bitter!&#8220;, so M\u00fchlnickel weiter. Aus Sicht der Sauerl\u00e4nder SPD muss die CDU ihre Blockade bei den Regionalisierungsmitteln im Bund endlich aufgeben, damit auch die R\u00f6hrtalbahn eine Chance auf Reaktivierung hat.<\/p>\n","protected":false},"excerpt":{"rendered":"<p>Meschede. (spd_pm) Auf dem Parteitag der Sauerl\u00e4nder SPD in Altastenberg haben die Delegierten einstimmig die Reaktivierung der R\u00f6hrtalbahn unterst\u00fctzt. Die Sauerl\u00e4nder SPD sieht es als m\u00f6glich und realistisch an, die &hellip; <a href=\"https:\/\/www.schiebener.net\/wordpress\/pm-sauerlaender-spd-fuer-reaktivierung-der-roehrtalbahn\/\" class=\"more-link\"><span class=\"screen-reader-text\">\u201ePM: Sauerl\u00e4nder SPD f\u00fcr Reaktivierung der R\u00f6hrtalbahn\u201c <\/span>weiterlesen<\/a><\/p>\n","protected":false},"author":17,"featured_media":0,"comment_status":"open","ping_status":"open","sticky":false,"template":"","format":"standard","meta":{"footnotes":""},"categories":[303,80,24,1043,618],"tags":[655,1492,1027],"class_list":["post-30859","post","type-post","status-publish","format-standard","hentry","category-in-unserem-briefkasten","category-lokales","category-politik","category-pressemitteilungen","category-verkehr","tag-pressemitteilung","tag-rohrtalbahn","tag-spd-im-hsk"],"_links":{"self":[{"href":"https:\/\/www.schiebener.net\/wordpress\/wp-json\/wp\/v2\/posts\/30859","targetHints":{"allow":["GET"]}}],"collection":[{"href":"https:\/\/www.schiebener.net\/wordpress\/wp-json\/wp\/v2\/posts"}],"about":[{"href":"https:\/\/www.schiebener.net\/wordpress\/wp-json\/wp\/v2\/types\/post"}],"author":[{"embeddable":true,"href":"https:\/\/www.schiebener.net\/wordpress\/wp-json\/wp\/v2\/users\/17"}],"replies":[{"embeddable":true,"href":"https:\/\/www.schiebener.net\/wordpress\/wp-json\/wp\/v2\/comments?post=30859"}],"version-history":[{"count":0,"href":"https:\/\/www.schiebener.net\/wordpress\/wp-json\/wp\/v2\/posts\/30859\/revisions"}],"wp:attachment":[{"href":"https:\/\/www.schiebener.net\/wordpress\/wp-json\/wp\/v2\/media?parent=30859"}],"wp:term":[{"taxonomy":"category","embeddable":true,"href":"https:\/\/www.schiebener.net\/wordpress\/wp-json\/wp\/v2\/categories?post=30859"},{"taxonomy":"post_tag","embeddable":true,"href":"https:\/\/www.schiebener.net\/wordpress\/wp-json\/wp\/v2\/tags?post=30859"}],"curies":[{"name":"wp","href":"https:\/\/api.w.org\/{rel}","templated":true}]}}