{"id":30793,"date":"2014-12-13T14:14:38","date_gmt":"2014-12-13T13:14:38","guid":{"rendered":"http:\/\/www.schiebener.net\/wordpress\/?p=30793"},"modified":"2014-12-13T14:27:00","modified_gmt":"2014-12-13T13:27:00","slug":"umleitung-asklepios-uebernimmt-atlantik-folter-brandstiftung-neonazis-in-nadelstreifen-und-was-mit-medien","status":"publish","type":"post","link":"https:\/\/www.schiebener.net\/wordpress\/umleitung-asklepios-uebernimmt-atlantik-folter-brandstiftung-neonazis-in-nadelstreifen-und-was-mit-medien\/","title":{"rendered":"Umleitung: Asklepios \u00fcbernimmt Atlantik, Folter, Brandstiftung, Neonazis in Nadelstreifen und was mit Medien."},"content":{"rendered":"<figure id=\"attachment_30794\" aria-describedby=\"caption-attachment-30794\" style=\"width: 320px\" class=\"wp-caption alignleft\"><a href=\"http:\/\/www.schiebener.net\/wordpress\/wp-content\/uploads\/2014\/12\/eisstockschiessbahn2014121301.jpg\"><img loading=\"lazy\" decoding=\"async\" class=\"size-full wp-image-30794\" src=\"http:\/\/www.schiebener.net\/wordpress\/wp-content\/uploads\/2014\/12\/eisstockschiessbahn2014121301.jpg\" alt=\"Winterberger Weihnachtsm\u00e4rchen: Die neue Eisstockschiessbahn. (foto: zoom)\" width=\"320\" height=\"191\" srcset=\"https:\/\/www.schiebener.net\/wordpress\/wp-content\/uploads\/2014\/12\/eisstockschiessbahn2014121301.jpg 320w, https:\/\/www.schiebener.net\/wordpress\/wp-content\/uploads\/2014\/12\/eisstockschiessbahn2014121301-300x179.jpg 300w\" sizes=\"auto, (max-width: 320px) 85vw, 320px\" \/><\/a><figcaption id=\"caption-attachment-30794\" class=\"wp-caption-text\">Winterberger Weihnachtsm\u00e4rchen: Die neue Eisstockschiessbahn. (foto: zoom)<\/figcaption><\/figure>\n<p><strong>Klinikkonzern Asklepios \u00fcbernimmt Nobelhotel \u201eAtlantic\u201c:<\/strong> ein Schlag ins Gesicht der Mitarbeiter und der Patienten &#8230; <a href=\"http:\/\/www.nachdenkseiten.de\/?p=24265\" target=\"_blank\">nachdenkseiten<\/a><\/p>\n<p><strong>Die Landesverb\u00e4nde der Union erodieren:<\/strong> Merkels St\u00e4rke schw\u00e4cht die CDU &#8230; <a href=\"http:\/\/post-von-horn.de\/2014\/12\/12\/merkels-staerke-schwaecht-die-cdu\/\" target=\"_blank\">postvonhorn<\/a><\/p>\n<p><strong>Ver\u00f6ffentlichung des Folter-Berichts der CIA:<\/strong> Fr\u00fcher nannte man das Demokratie &#8230; <a href=\"http:\/\/www.wiesaussieht.de\/2014\/12\/12\/frueher-nannte-man-das-demokratie\/\" target=\"_blank\">wiesaussieht<\/a><\/p>\n<p><strong>Schwere Brandstiftung:<\/strong> \u201cKein Asylat in Vorra\u201d &#8230; <a href=\"http:\/\/www.publikative.org\/2014\/12\/12\/schwere-brandstiftung-kein-asylat-in-vorra\/\" target=\"_blank\">publikative<\/a><\/p>\n<p><strong>\u201eNeonazis in Nadelstreifen\u201c?<\/strong> Das J\u00e4ger-Diktum \u00fcber die \u201ePegida\u201c &#8230; <a href=\"http:\/\/www.jurga.de\/578.html\" target=\"_blank\">jurga<\/a><\/p>\n<p><strong>Tagesspiegel Agenda 2015 I:<\/strong> Konferenz und Kritik &#8230; <a href=\"http:\/\/threepastnine.com\/2014\/tagesspiegel-agenda-2015-konferenz-und-kritik\/\" target=\"_blank\">threepastnine<\/a><\/p>\n<p><strong>Tagesspiegel Agenda 2015 II:<\/strong> Roter Teppich ausgerollt. Der Tagesspiegel hat Lobbyisten eine B\u00fchne in Berlin geboten. Was soll das? &#8230; <a href=\"http:\/\/www.djv.de\/startseite\/service\/blogs-und-intranet\/djv-blog\/detail\/article\/roter-teppich-ausgerollt.html\" target=\"_blank\">djv<\/a><\/p>\n<p><strong>\u201cWetten, dass &#8230;?\u201d<\/strong> mit Elstner fing alles an (und jetzt h\u00f6rt es auf) &#8230; <a href=\"http:\/\/www.revierpassagen.de\/28313\/tv-nostalgie-33-wetten-dass-mit-elstner-fing-alles-an-und-jetzt-hoert-es-auf\/20141211_2330\" target=\"_blank\">revierpassagen<\/a><\/p>\n<p><strong>S\u00fcderl\u00e4nder Tageblatt:<\/strong> In unserer kleinen Welt im Sauerland &#8230; <a href=\"http:\/\/charlyandfriends.blogspot.de\/2014\/12\/in-unserer-kleinen-welt-im-sauerland.html\" target=\"_blank\">charly&amp;friends<\/a><\/p>\n<p><strong>Musikkneipe Lindenhof:<\/strong> Jam-Session, Xmas-Rock, Silvester-Party und Farewell &#8230; <a href=\"http:\/\/www.neheims-netz.de\/?p=9444\" target=\"_blank\">neheimsnetz<\/a><\/p>\n","protected":false},"excerpt":{"rendered":"<p>Klinikkonzern Asklepios \u00fcbernimmt Nobelhotel \u201eAtlantic\u201c: ein Schlag ins Gesicht der Mitarbeiter und der Patienten &#8230; nachdenkseiten Die Landesverb\u00e4nde der Union erodieren: Merkels St\u00e4rke schw\u00e4cht die CDU &#8230; postvonhorn Ver\u00f6ffentlichung des &hellip; <a href=\"https:\/\/www.schiebener.net\/wordpress\/umleitung-asklepios-uebernimmt-atlantik-folter-brandstiftung-neonazis-in-nadelstreifen-und-was-mit-medien\/\" class=\"more-link\"><span class=\"screen-reader-text\">\u201eUmleitung: Asklepios \u00fcbernimmt Atlantik, Folter, Brandstiftung, Neonazis in Nadelstreifen und was mit Medien.\u201c <\/span>weiterlesen<\/a><\/p>\n","protected":false},"author":3,"featured_media":0,"comment_status":"open","ping_status":"open","sticky":false,"template":"","format":"standard","meta":{"footnotes":""},"categories":[3182,83,674,80,32,27,24,379],"tags":[5326,5327,5330,5329,5328,512,5331,1883],"class_list":["post-30793","post","type-post","status-publish","format-standard","hentry","category-finanzen","category-hamburg-allgemein","category-kultur","category-lokales","category-medien","category-musik","category-politik","category-umleitung","tag-agenda-2015","tag-asklepios","tag-cia","tag-folter","tag-hotel-atlantik","tag-neonazis","tag-suederlaender-tageblatt","tag-tagesspiegel"],"_links":{"self":[{"href":"https:\/\/www.schiebener.net\/wordpress\/wp-json\/wp\/v2\/posts\/30793","targetHints":{"allow":["GET"]}}],"collection":[{"href":"https:\/\/www.schiebener.net\/wordpress\/wp-json\/wp\/v2\/posts"}],"about":[{"href":"https:\/\/www.schiebener.net\/wordpress\/wp-json\/wp\/v2\/types\/post"}],"author":[{"embeddable":true,"href":"https:\/\/www.schiebener.net\/wordpress\/wp-json\/wp\/v2\/users\/3"}],"replies":[{"embeddable":true,"href":"https:\/\/www.schiebener.net\/wordpress\/wp-json\/wp\/v2\/comments?post=30793"}],"version-history":[{"count":0,"href":"https:\/\/www.schiebener.net\/wordpress\/wp-json\/wp\/v2\/posts\/30793\/revisions"}],"wp:attachment":[{"href":"https:\/\/www.schiebener.net\/wordpress\/wp-json\/wp\/v2\/media?parent=30793"}],"wp:term":[{"taxonomy":"category","embeddable":true,"href":"https:\/\/www.schiebener.net\/wordpress\/wp-json\/wp\/v2\/categories?post=30793"},{"taxonomy":"post_tag","embeddable":true,"href":"https:\/\/www.schiebener.net\/wordpress\/wp-json\/wp\/v2\/tags?post=30793"}],"curies":[{"name":"wp","href":"https:\/\/api.w.org\/{rel}","templated":true}]}}