{"id":30788,"date":"2014-12-11T20:27:57","date_gmt":"2014-12-11T19:27:57","guid":{"rendered":"http:\/\/www.schiebener.net\/wordpress\/?p=30788"},"modified":"2014-12-11T20:27:57","modified_gmt":"2014-12-11T19:27:57","slug":"medien-lobbycontrol-kritisiert-enge-kooperation-mit-lobbyisten-bei-tagesspiegel-konferenz-agenda-2015","status":"publish","type":"post","link":"https:\/\/www.schiebener.net\/wordpress\/medien-lobbycontrol-kritisiert-enge-kooperation-mit-lobbyisten-bei-tagesspiegel-konferenz-agenda-2015\/","title":{"rendered":"Medien: LobbyControl kritisiert enge Kooperation mit Lobbyisten bei Tagesspiegel-Konferenz \u201eAgenda 2015\u201c"},"content":{"rendered":"<p><img loading=\"lazy\" decoding=\"async\" class=\"aligncenter size-full wp-image-30790\" src=\"http:\/\/www.schiebener.net\/wordpress\/wp-content\/uploads\/2014\/12\/LobbyismusTagesspiegel.jpg\" alt=\"LobbyismusTagesspiegel\" width=\"600\" height=\"335\" srcset=\"https:\/\/www.schiebener.net\/wordpress\/wp-content\/uploads\/2014\/12\/LobbyismusTagesspiegel.jpg 600w, https:\/\/www.schiebener.net\/wordpress\/wp-content\/uploads\/2014\/12\/LobbyismusTagesspiegel-300x167.jpg 300w\" sizes=\"auto, (max-width: 709px) 85vw, (max-width: 909px) 67vw, (max-width: 984px) 61vw, (max-width: 1362px) 45vw, 600px\" \/><strong>Berlin. (<a href=\"https:\/\/www.lobbycontrol.de\/2014\/12\/agenda-2015-der-tagesspiegel-als-lobbydienstleister\/\" target=\"_blank\">pm<\/a>) <a href=\"https:\/\/www.lobbycontrol.de\/2014\/12\/agenda-2015-der-tagesspiegel-als-lobbydienstleister\/\" target=\"_blank\">LobbyControl<\/a> kritisiert die Kooperation des Tagesspiegel mit Lobbyisten im Rahmen der heute in Berlin stattfindenden Konferenz \u201eAgenda 2015\u201c, bei der Politiker und Interessenvertreter zusammentreffen.<\/strong><\/p>\n<p>In einer Brosch\u00fcre wirbt die Zeitung bei Interessenvertretern mit dem Vorteil, als Partner \u201edie eigenen Themen bei den Politikentscheidern auf Bundesebene fr\u00fch [zu] verankern\u201c. Als Anreiz f\u00fcr die Lobby-Teilnehmer werden u.a. pers\u00f6nliche Gespr\u00e4che mit Top-Politikentscheidern genannt. Brisant ist, dass die teilnehmenden Verb\u00e4nde zum Teil daf\u00fcr zahlen, das Programm der Konferenz mitgestalten zu k\u00f6nnen.<\/p>\n<p>Gegen ein Entgelt von 36.000 Euro plus Mehrwertsteuer k\u00f6nnen Verb\u00e4nde etwa das \u201ePaket Fachforum\u201c erwerben. Enthalten sind neben der Ausrichtung eines auf die Interessen der zahlenden Lobbyisten ausgerichteten Diskussionsforums samt Moderation durch Tagesspiegel-Journalisten eine halbe Anzeigenseite im Tagesspiegel.<\/p>\n<blockquote class=\"twitter-tweet\" lang=\"de\">\n<p>Genau deshalb, bin ich da auch nicht hingegangen <a href=\"https:\/\/twitter.com\/petrasorge\">@petrasorge<\/a>: Wie sich der <a href=\"https:\/\/twitter.com\/tagesspiegel\">@tagesspiegel<\/a> Lobbyindustrie: <a href=\"http:\/\/t.co\/va0amUHEWj\">http:\/\/t.co\/va0amUHEWj<\/a> <a href=\"https:\/\/twitter.com\/hashtag\/Agenda2015?src=hash\">#Agenda2015<\/a>\u201d<\/p>\n<p>&mdash; Carsten Schneider (@schneidercar) <a href=\"https:\/\/twitter.com\/schneidercar\/status\/543078233940721664\">11. Dezember 2014<\/a><\/p><\/blockquote>\n<p><script async src=\"\/\/platform.twitter.com\/widgets.js\" charset=\"utf-8\"><\/script><br \/>\nGenutzt hat diese M\u00f6glichkeit z.B. der Verband der Chemischen Industrie zusammen mit der Wirtschaftsvereinigung Stahl um das Fachforum \u201eGrundstoffindustrie\u201c durchzuf\u00fchren. Moderiert wird das Forum vom Gesch\u00e4ftsf\u00fchrenden Tagesspiegel-Redakteur Moritz D\u00f6bler.<\/p>\n<p>F\u00fcr 9.600 Euro konnten sich die Verb\u00e4nde zudem zwei sogenannte \u201eBriefings\u201c buchen. Diese Briefings umfassen f\u00fcnfmin\u00fctige Vortr\u00e4ge mit anschlie\u00dfendem Feedback durch das \u201eHauptstadt-Politikentscheider-Panel\u201c. Entsprechend gibt es unter anderem ein Verteidigungsbriefing vom Bundesverband der Deutschen Sicherheits- und Verteidigungsindustrie, das Autobriefing vom Verband der Automobilindustrie oder das Private Equity Briefing vom Bundesverband Deutscher Kapitalbeteiligungsgesellschaften.<\/p>\n<p>\u201eWas der Tagesspiegel zahlungsf\u00e4higen Lobbyisten anbietet, geht weit \u00fcber normale Werbung im Zeitungsumfeld hinaus\u201c, kritisiert Timo Lange von LobbyControl. \u201eDer Tagesspiegel erscheint hier geradezu als Lobbydienstleister\u201c. Dies sei ein Problem f\u00fcr ein journalistisches Medium: \u201eWenn eine Zeitung Lobbyisten eine Mischung aus Veranstaltung und Anzeigen anbietet, um die eigenen Themen auf die politische Agenda zu setzen und ihre Kontakte zu politischen Entscheidern zu pflegen, ger\u00e4t sie unweigerlich in einen Interessenkonflikt mit ihrer journalistischen Arbeit. Der Tagesspiegel sollte auf eine kritische journalistische Distanz zur Berliner Lobbyszene achten\u201c, so Lange.<\/p>\n<blockquote class=\"twitter-tweet\" lang=\"de\">\n<p>Turner erw\u00e4hnt in seiner Abschiedsrede die Kritik von <a href=\"https:\/\/twitter.com\/lobbycontrol\">@lobbycontrol<\/a> und <a href=\"https:\/\/twitter.com\/cicero_online\">@cicero_online<\/a>. Er \u201cnehme Anregungen gerne auf\u201d. <a href=\"https:\/\/twitter.com\/hashtag\/agenda2015?src=hash\">#agenda2015<\/a><\/p>\n<p>&mdash; Herr Hamich (@herrhamich) <a href=\"https:\/\/twitter.com\/herrhamich\/status\/543072915940737024\">11. Dezember 2014<\/a><\/p><\/blockquote>\n<p><script async src=\"\/\/platform.twitter.com\/widgets.js\" charset=\"utf-8\"><\/script><\/p>\n<p>Neben Kanzleramtschef Peter Altmaier sollen nach Tagesspiegel-Angaben zahlreiche Staatssekret\u00e4re, Abgeordnete und Ministerialbeamte an der Tagung teilnehmen.<\/p>\n<p>Hauptsponsoren der Veranstaltung sind u.a. der Bundesverband Energie- und Wasserwirtschaft (BDEW), der Verband der Chemischen Industrie (VCI), der Bundesverband der Pharmazeutischen Industrie (BPI) sowie der Hauptverband der Deutschen Bauindustrie.<\/p>\n","protected":false},"excerpt":{"rendered":"<p>Berlin. (pm) LobbyControl kritisiert die Kooperation des Tagesspiegel mit Lobbyisten im Rahmen der heute in Berlin stattfindenden Konferenz \u201eAgenda 2015\u201c, bei der Politiker und Interessenvertreter zusammentreffen. In einer Brosch\u00fcre wirbt &hellip; <a href=\"https:\/\/www.schiebener.net\/wordpress\/medien-lobbycontrol-kritisiert-enge-kooperation-mit-lobbyisten-bei-tagesspiegel-konferenz-agenda-2015\/\" class=\"more-link\"><span class=\"screen-reader-text\">\u201eMedien: LobbyControl kritisiert enge Kooperation mit Lobbyisten bei Tagesspiegel-Konferenz \u201eAgenda 2015\u201c\u201c <\/span>weiterlesen<\/a><\/p>\n","protected":false},"author":17,"featured_media":0,"comment_status":"open","ping_status":"open","sticky":false,"template":"","format":"standard","meta":{"footnotes":""},"categories":[303,32,1043],"tags":[5326,617,3878,1883],"class_list":["post-30788","post","type-post","status-publish","format-standard","hentry","category-in-unserem-briefkasten","category-medien","category-pressemitteilungen","tag-agenda-2015","tag-lobbyismus","tag-pressemeldung","tag-tagesspiegel"],"_links":{"self":[{"href":"https:\/\/www.schiebener.net\/wordpress\/wp-json\/wp\/v2\/posts\/30788","targetHints":{"allow":["GET"]}}],"collection":[{"href":"https:\/\/www.schiebener.net\/wordpress\/wp-json\/wp\/v2\/posts"}],"about":[{"href":"https:\/\/www.schiebener.net\/wordpress\/wp-json\/wp\/v2\/types\/post"}],"author":[{"embeddable":true,"href":"https:\/\/www.schiebener.net\/wordpress\/wp-json\/wp\/v2\/users\/17"}],"replies":[{"embeddable":true,"href":"https:\/\/www.schiebener.net\/wordpress\/wp-json\/wp\/v2\/comments?post=30788"}],"version-history":[{"count":0,"href":"https:\/\/www.schiebener.net\/wordpress\/wp-json\/wp\/v2\/posts\/30788\/revisions"}],"wp:attachment":[{"href":"https:\/\/www.schiebener.net\/wordpress\/wp-json\/wp\/v2\/media?parent=30788"}],"wp:term":[{"taxonomy":"category","embeddable":true,"href":"https:\/\/www.schiebener.net\/wordpress\/wp-json\/wp\/v2\/categories?post=30788"},{"taxonomy":"post_tag","embeddable":true,"href":"https:\/\/www.schiebener.net\/wordpress\/wp-json\/wp\/v2\/tags?post=30788"}],"curies":[{"name":"wp","href":"https:\/\/api.w.org\/{rel}","templated":true}]}}