{"id":30608,"date":"2014-11-25T22:19:43","date_gmt":"2014-11-25T21:19:43","guid":{"rendered":"http:\/\/www.schiebener.net\/wordpress\/?p=30608"},"modified":"2014-11-25T22:21:59","modified_gmt":"2014-11-25T21:21:59","slug":"prof-dr-christoph-butterwegge-10-jahre-hartz-iv-eine-andere-republik","status":"publish","type":"post","link":"https:\/\/www.schiebener.net\/wordpress\/prof-dr-christoph-butterwegge-10-jahre-hartz-iv-eine-andere-republik\/","title":{"rendered":"Prof. Dr. Christoph Butterwegge: 10 Jahre Hartz IV \u2013 Eine andere Republik"},"content":{"rendered":"<p><img loading=\"lazy\" decoding=\"async\" class=\"aligncenter size-full wp-image-30612\" src=\"http:\/\/www.schiebener.net\/wordpress\/wp-content\/uploads\/2014\/11\/HartzIVWordle.jpg\" alt=\"HartzIVWordle\" width=\"600\" height=\"271\" srcset=\"https:\/\/www.schiebener.net\/wordpress\/wp-content\/uploads\/2014\/11\/HartzIVWordle.jpg 600w, https:\/\/www.schiebener.net\/wordpress\/wp-content\/uploads\/2014\/11\/HartzIVWordle-300x135.jpg 300w\" sizes=\"auto, (max-width: 709px) 85vw, (max-width: 909px) 67vw, (max-width: 984px) 61vw, (max-width: 1362px) 45vw, 600px\" \/><strong>Wir* laden ein zur <a href=\"http:\/\/www.schiebener.net\/wordpress\/wp-content\/uploads\/2014\/11\/Einladung-NachDenkTreff-2014-12-01-Butterwegge.pdf\">Vortrags- und Diskussionsveranstaltung<\/a>:<\/strong><\/p>\n<p><strong>10 Jahre Hartz IV \u2013 Eine andere Republik<\/strong><br \/>\n<strong> Ref.: Prof. Dr. Christoph Butterwegge, Univ. zu K\u00f6ln<\/strong><\/p>\n<p><strong>Montag, den 1. Dezember 2014, Beginn: 19 Uhr<\/strong><br \/>\n<strong> Veranstaltungsort: Auslandsgesellschaft Dortmund, Steinstr. 48 (Nordausgang Hbf., neben Cinestar)<\/strong><\/p>\n<p>Am 1. Januar 2015 ist das im Volksmund als \u201eHartz IV\u201c abgek\u00fcrzte Vierte Gesetz f\u00fcr moderne Dienstleistungen am Arbeitsmarkt zehn Jahre in Kraft. Anl\u00e4sslich dieses \u201eJubil\u00e4ums\u201c zieht der Referent mit seinem Werk eine umfassende Bilanz der Reformma\u00dfnahmen. Je in\u00adtensiver er sich mit dieser komplizierten Materie befasst hat, umso mehr wurde ihm &#8211; so schreibt er in der Einleitung &#8211; bewusst, \u201edass es sich bei Hartz IV um ein zutiefst inhumanes System voll innerer Wi\u00adderspr\u00fcche handelt, das Menschen entrechtet, erniedrigt und entm\u00fcn\u00addigt. Sowohl die von dem Gesetzespaket unmittelbar Betroffenen wie auch ihre Angeh\u00f6rigen und die mit ihnen in einer \u201eBedarfsgemein\u00adschaft\u201c zusammenlebenden Personen werden stigmatisiert, sozial aus\u00adgegrenzt und isoliert.\u201c<\/p>\n<p>\u201e`Hartz IV\u00b4 ist europaweit die ber\u00fchmteste Chiffre f\u00fcr den Abbau so\u00adzialer Leistungen und gilt hierzulande als tiefste Z\u00e4sur in der Wohl\u00adfahrtsstaatsentwicklung nach 1945: Zum ersten Mal seit dem Zweiten Weltkrieg wurde damit eine f\u00fcr Millionen Menschen in Deutschland existenziell wichtige Lohnersatzleistung, die Arbeitslosenhilfe, fak\u00adtisch abgeschafft und durch eine blo\u00dfe F\u00fcrsorgeleistung, das Arbeits\u00adlosengeld II, ersetzt. Aber mehr als das: Durch die Agenda 2010 des damaligen Bundeskanzlers Gerhard Schr\u00f6der, die Hartz-Reformen und besonders das am 1. Januar 2005 in Kraft getretene Vierte Gesetz f\u00fcr moderne Dienstleistungen am Arbeitsmarkt ist Deutschland zu ei\u00adner anderen Republik geworden. Denn dieses Gesetzespaket hat nicht blo\u00df das Armutsrisiko von (Langzeit-)Erwerbslosen und ihren Famili\u00aden sp\u00fcrbar erh\u00f6ht, sondern auch einsch\u00fcchternd und disziplinierend auf viele Besch\u00e4ftigte gewirkt. Ein ausufernder Niedriglohnsektor, der fast ein Viertel aller Besch\u00e4ftigten umfasste, geh\u00f6rte ebenso zu den Folgen wie Entsolidarisierungs- und Entdemokratisierungstenden\u00adzen.\u201c<\/p>\n<p>(aus dem Klappentext von \u201eHartz IV und die Folgen. Auf dem Weg in eine andere Republik?\u201c)<\/p>\n<p><i>Prof. Dr. Christoph Butterwegge leitet den Lehr- und Forschungsbereich Politikwissenschaft an der Universit\u00e4t zu K\u00f6ln. Mitglied der Forschungsstelle f\u00fcr interkulturelle Studien (FiSt). In diesen Tagen ist sein neuestes Buch erschienen: \u201eHartz IV und die Folgen. Auf dem Weg in eine andere Republik?\u201c<\/i><\/p>\n<p>&#8212;&#8212;&#8212;&#8212;&#8212;&#8212;&#8212;&#8212;&#8212;&#8212;&#8212;&#8212;&#8212;&#8212;&#8212;&#8212;&#8212;&#8212;&#8212;&#8212;&#8212;&#8212;&#8212;&#8212;&#8212;&#8212;&#8212;&#8212;&#8212;&#8212;-<\/p>\n<p><em>* Veranstalter des NachDenkTreff am 1.12. sind die attac-Regionalgruppe in Zusammenarbeit mit dem DGB \/ Bezirk Dortmund-Hellweg. Der NachDenkTreff ist eine Einladung, viele Dinge anders zu sehen. Eine \u00c4hnlichkeit mit der Internetseite \u201e<a href=\"http:\/\/www.nachdenkseiten.de\" target=\"_blank\">www.nachdenkseiten.de<\/a>\u201c ist dabei nicht zuf\u00e4llig, sondern beabsichtigt. Die Website wird zur werkt\u00e4glichen Lekt\u00fcre empfohlen.<\/p>\n<p><strong>In der Anlage:<\/strong><br \/>\nTotalit\u00e4res Arbeitsmarkt- und Armutsregime: Hartz IV braucht den Vergleich mit den beiden Weltkriegen nicht zu scheuen. <a href=\"http:\/\/www.schiebener.net\/wordpress\/wp-content\/uploads\/2014\/11\/Totalit%C3%A4res-Arbeitsmarkt-und-Armutsregime_-Hartz-IV-braucht-den-Vergleich-mit-den-beiden-Weltkriegen-nicht-zu-scheuen-Christoph-Butterwegge-FOCUS-Online.pdf\" target=\"_blank\">Christoph Butterwegge in focus-online<\/a><\/em><\/p>\n","protected":false},"excerpt":{"rendered":"<p>Wir* laden ein zur Vortrags- und Diskussionsveranstaltung: 10 Jahre Hartz IV \u2013 Eine andere Republik Ref.: Prof. Dr. Christoph Butterwegge, Univ. zu K\u00f6ln Montag, den 1. Dezember 2014, Beginn: 19 &hellip; <a href=\"https:\/\/www.schiebener.net\/wordpress\/prof-dr-christoph-butterwegge-10-jahre-hartz-iv-eine-andere-republik\/\" class=\"more-link\"><span class=\"screen-reader-text\">\u201eProf. Dr. Christoph Butterwegge: 10 Jahre Hartz IV \u2013 Eine andere Republik\u201c <\/span>weiterlesen<\/a><\/p>\n","protected":false},"author":17,"featured_media":0,"comment_status":"open","ping_status":"open","sticky":false,"template":"","format":"standard","meta":{"footnotes":""},"categories":[303,24,1043,1208],"tags":[5290,404,1158,5190,655],"class_list":["post-30608","post","type-post","status-publish","format-standard","hentry","category-in-unserem-briefkasten","category-politik","category-pressemitteilungen","category-wirtschaft","tag-christoph-butterwegge","tag-dortmund","tag-hartz-iv","tag-nachdenktreff","tag-pressemitteilung"],"_links":{"self":[{"href":"https:\/\/www.schiebener.net\/wordpress\/wp-json\/wp\/v2\/posts\/30608","targetHints":{"allow":["GET"]}}],"collection":[{"href":"https:\/\/www.schiebener.net\/wordpress\/wp-json\/wp\/v2\/posts"}],"about":[{"href":"https:\/\/www.schiebener.net\/wordpress\/wp-json\/wp\/v2\/types\/post"}],"author":[{"embeddable":true,"href":"https:\/\/www.schiebener.net\/wordpress\/wp-json\/wp\/v2\/users\/17"}],"replies":[{"embeddable":true,"href":"https:\/\/www.schiebener.net\/wordpress\/wp-json\/wp\/v2\/comments?post=30608"}],"version-history":[{"count":0,"href":"https:\/\/www.schiebener.net\/wordpress\/wp-json\/wp\/v2\/posts\/30608\/revisions"}],"wp:attachment":[{"href":"https:\/\/www.schiebener.net\/wordpress\/wp-json\/wp\/v2\/media?parent=30608"}],"wp:term":[{"taxonomy":"category","embeddable":true,"href":"https:\/\/www.schiebener.net\/wordpress\/wp-json\/wp\/v2\/categories?post=30608"},{"taxonomy":"post_tag","embeddable":true,"href":"https:\/\/www.schiebener.net\/wordpress\/wp-json\/wp\/v2\/tags?post=30608"}],"curies":[{"name":"wp","href":"https:\/\/api.w.org\/{rel}","templated":true}]}}