{"id":30321,"date":"2014-11-01T21:04:01","date_gmt":"2014-11-01T20:04:01","guid":{"rendered":"http:\/\/www.schiebener.net\/wordpress\/?p=30321"},"modified":"2014-12-20T20:09:28","modified_gmt":"2014-12-20T19:09:28","slug":"e-felix-werker-spd-die-maer-vom-demografischen-wandel-berufskollegs-ihre-arbeit-machen-lassen","status":"publish","type":"post","link":"https:\/\/www.schiebener.net\/wordpress\/e-felix-werker-spd-die-maer-vom-demografischen-wandel-berufskollegs-ihre-arbeit-machen-lassen\/","title":{"rendered":"E. Felix Werker (SPD): Die M\u00e4r vom demografischen Wandel &#8211; Berufskollegs ihre Arbeit machen lassen!"},"content":{"rendered":"<figure id=\"attachment_30137\" aria-describedby=\"caption-attachment-30137\" style=\"width: 181px\" class=\"wp-caption alignleft\"><img loading=\"lazy\" decoding=\"async\" class=\"size-full wp-image-30137\" src=\"http:\/\/www.schiebener.net\/wordpress\/wp-content\/uploads\/2014\/10\/FWerker.jpg\" alt=\"Ratsmitglied und Autor E. Felix Werker (foto: spd)\" width=\"181\" height=\"250\" \/><figcaption id=\"caption-attachment-30137\" class=\"wp-caption-text\">Ratsmitglied und Autor E. Felix Werker (foto: spd)<\/figcaption><\/figure>\n<p><strong>Aus meiner Sicht muss zur 81+4 seitigen Vorlage Schulentwicklungsplanung des HSK, Vorlage 9\/101, einiges ausgef\u00fchrt werden.\u00a0 Ich ver\u00f6ffentliche an dieser Stelle das\u00a0 Redemanuskript zu meinem Vortrag im Schulausschuss . Es gilt das gesprochene Wort.<\/strong><\/p>\n<p><em>(Der Artikel mit der Rede\u00a0 von E. Felix Werker ist zuerst <a href=\"https:\/\/www.spd.de\/profil\/32648\/blog\/die-berufskollegs-ihre-arbeit-machen-lassen\" target=\"_blank\">auf der Website der SPD<\/a> erschienen.)<\/em><\/p>\n<p><strong>Grundannahme sinkender Sch\u00fclerzahlen<\/strong><br \/>\nRedet die Politik unserer Zeit vom demografischer Wandel &#8211; greifen junge Menschen schnell an die Geldb\u00f6rse. Die Vorlage und das Gutachten redet der M\u00e4r vom demografischen Wandel das Wort und geht st\u00e4ndig von sinkenden Bev\u00f6lkerungs- und stark zur\u00fcckgehenden Sch\u00fclerzahlen (7.1 S.65) aus.<\/p>\n<p>Der demografische Wandel wird oft mit &#8222;WIR werden weniger \u00e4lter und BUNTER&#8220; beschrieben. WIR meint dabei aber immer nur zu egoman die bestehende Bev\u00f6lkerung und BUNTER, also die faktisch notwendige Zuwanderung, wird zu oft verdr\u00e4ngt.<\/p>\n<p>Gerade zuwandernde junge Menschen m\u00fcssen doch schnell (wohl durch das duale Aus- und Weiterbildungssystem?) beruflich integriert werden.\u00a0 Die letzte Zuwanderungswelle vor 20 Jahren hatte deutliche Auswirkung auf die Sch\u00fclerzahlen und hat die heutigen wertvollen Facharbeiter in den Betrieben erzeugt. Au\u00dferdem nimmt die Weltbev\u00f6lkerung tats\u00e4chlich jedes Jahr um &#8222;einmal Deutschland&#8220; zu und nicht -wie demografiepostuliert- ab.<\/p>\n<p>Welchem schlimmen Gesellschaftsbild folgen diejenigen, die den Begriff &#8222;demografischen Wandel&#8220; noch in den Mund nehmen? Nur dem &#8222;Weniger&#8220; der Theorie zu folgen ist deshalb nicht nur aus meiner Sicht falsch und fahrl\u00e4ssig, da wir doch wissen, dass Zentren in NRW gerade Wohnungsbauprogramme aufgelegt haben und dar\u00fcber hinaus ber\u00fccksichtigen, dass die Lieferungen von Waffen in Kriegs- und Krisengebiete den Fl\u00fcchtlingsdruck nur noch verst\u00e4rken wird.<\/p>\n<p>NRW plant aktuell die schnelle Aufnahme von weiteren 10.000 Fl\u00fcchtlingen. Was passiert also, wenn die Sch\u00fclerzahlen steigen, weil wir BUNTER werden? Welche Antworten beispielsweise mit spezieller Integrations- und Sprachf\u00f6rderung gibt es dazu in dem dicken Gutachten?<\/p>\n<p><strong>Umbau und R\u00fcckbau von Bildungsg\u00e4ngen<\/strong><br \/>\nDas Gutachten und die Beschlussempfehlungen laufen den tats\u00e4chlichen Entwicklungen an einem Beispiel deswegen degressiv entgegen, weil die Energiewende ignoriert wird. Die Energiewende wird als Stromwende in den privaten Haushalten und Betrieben von Elektronikern f\u00fcr Energie- und Geb\u00e4udetechnik durchgef\u00fchrt. Beachten Sie den Slogan der Handwerkskammer &#8222;Offizieller Ausr\u00fcster der Energiewende&#8220;.<\/p>\n<p>Ebenfalls werden die Anforderungen des beschlossenen Breitbandausbaus &#8222;50MBit\/s in jedem Haushalt&#8220; im Geb\u00e4udebestand auch durch diesen Ausbildungsberuf, den wir noch klassisch Elektroinstallateur nannten, realisiert. Die Vorschl\u00e4ge reagieren auf eigentlich steigende Arbeitnehmerzahlen durch den Jobmotor Energiewende widersinnig mit Zusammenlegung der regionalen Ausbildung in Meschede. Hier zu reduzieren und eine m\u00f6gliche Ausbildungszur\u00fcckhaltung der Betriebe durch degressive Schulentwicklungsplanung zu begegnen, muss aus meiner Sicht politisch mit einem starken Auftritt bis hin in den Kreistag zu begegnet werden.<\/p>\n<p><strong>Erzeugt schnelle Zick-Zack-Politik Facharbeitermangel von Morgen?<\/strong><br \/>\nWurde einige Male von der Politik schon das Kind am Ende tiefgreifender Ma\u00dfnahmen mit dem Bade ausgesch\u00fcttet? Muss bisherige Schulentwicklungsplanung des Schultr\u00e4gers mit Kritik kommentiert werden? Erinnern wir uns der ZickZack-Politik der letzten Jahre in immer k\u00fcrzeren Taktungen:<\/p>\n<ul>\n<li>vor 10 Jahren wurde in Arnsberg-H\u00fcsten ein Schulanbau f\u00fcr KFZ- und Bauberufe eingeweiht. Zwei Jahre sp\u00e4ter die Bautechnik nach Meschede verlegt.<\/li>\n<li>vor 4 Jahren wurden in Arnsberg-H\u00fcsten zwei Schulen fusioniert. Das sollte sogar Kostensenkend sein, so die Begr\u00fcndungen der Verwaltung. 2014 stehen f\u00fcr Verwaltungsumbau nun Millionen im Haushalt.<\/li>\n<li>vor 2 Jahren wurde in Olsberg ein Neubau f\u00fcr Elektrotechnik eingeweiht. Nun sollen mit einem Oberstufenkompromiss Elektroberufe nach Meschede verlegt werden ohne das daf\u00fcr eine Ausr\u00fcstungsma\u00dfnahme geplant w\u00e4re, oder begr\u00fcndet wird wie das notwendige fachliche Lehrpersonal dort angesichts einer leer gefegten Fachlehrerausbildung an den Unis \u00fcberhaupt zur Verf\u00fcgung gestellt werden kann.<\/li>\n<\/ul>\n<p>Kommende Klagen \u00fcber den Facharbeitermangel k\u00f6nnen auf Grund der nun daraus folgenden widerspr\u00fcchlichen und r\u00fcckw\u00e4rts gerichteten Schulpolitik, die der Ausschuss heute zur fachlich goutieren soll, nur zunehmen.<\/p>\n<p>Muss deswegen nicht vor lediglich aus demografischen Zahlen begr\u00fcndeten schnellen Ma\u00dfnahmen gewarnt werden?<\/p>\n","protected":false},"excerpt":{"rendered":"<p>Aus meiner Sicht muss zur 81+4 seitigen Vorlage Schulentwicklungsplanung des HSK, Vorlage 9\/101, einiges ausgef\u00fchrt werden.\u00a0 Ich ver\u00f6ffentliche an dieser Stelle das\u00a0 Redemanuskript zu meinem Vortrag im Schulausschuss . Es &hellip; <a href=\"https:\/\/www.schiebener.net\/wordpress\/e-felix-werker-spd-die-maer-vom-demografischen-wandel-berufskollegs-ihre-arbeit-machen-lassen\/\" class=\"more-link\"><span class=\"screen-reader-text\">\u201eE. Felix Werker (SPD): Die M\u00e4r vom demografischen Wandel &#8211; Berufskollegs ihre Arbeit machen lassen!\u201c <\/span>weiterlesen<\/a><\/p>\n","protected":false},"author":18,"featured_media":0,"comment_status":"open","ping_status":"open","sticky":false,"template":"","format":"standard","meta":{"footnotes":""},"categories":[3,80],"tags":[752,5230,422,5349],"class_list":["post-30321","post","type-post","status-publish","format-standard","hentry","category-bildung-und-schule","category-lokales","tag-berufskolleg","tag-bevoelkerungswachstum","tag-demografischer-wandel","tag-e-felix-werker"],"_links":{"self":[{"href":"https:\/\/www.schiebener.net\/wordpress\/wp-json\/wp\/v2\/posts\/30321","targetHints":{"allow":["GET"]}}],"collection":[{"href":"https:\/\/www.schiebener.net\/wordpress\/wp-json\/wp\/v2\/posts"}],"about":[{"href":"https:\/\/www.schiebener.net\/wordpress\/wp-json\/wp\/v2\/types\/post"}],"author":[{"embeddable":true,"href":"https:\/\/www.schiebener.net\/wordpress\/wp-json\/wp\/v2\/users\/18"}],"replies":[{"embeddable":true,"href":"https:\/\/www.schiebener.net\/wordpress\/wp-json\/wp\/v2\/comments?post=30321"}],"version-history":[{"count":0,"href":"https:\/\/www.schiebener.net\/wordpress\/wp-json\/wp\/v2\/posts\/30321\/revisions"}],"wp:attachment":[{"href":"https:\/\/www.schiebener.net\/wordpress\/wp-json\/wp\/v2\/media?parent=30321"}],"wp:term":[{"taxonomy":"category","embeddable":true,"href":"https:\/\/www.schiebener.net\/wordpress\/wp-json\/wp\/v2\/categories?post=30321"},{"taxonomy":"post_tag","embeddable":true,"href":"https:\/\/www.schiebener.net\/wordpress\/wp-json\/wp\/v2\/tags?post=30321"}],"curies":[{"name":"wp","href":"https:\/\/api.w.org\/{rel}","templated":true}]}}