{"id":3000,"date":"2009-04-23T20:59:44","date_gmt":"2009-04-23T19:59:44","guid":{"rendered":"http:\/\/www.schiebener.net\/wordpress\/?p=3000"},"modified":"2009-04-24T18:54:25","modified_gmt":"2009-04-24T17:54:25","slug":"wilhelm-busch-ein-antisemit-das-gericht-zieht-sich-zur-beratung-zuruck","status":"publish","type":"post","link":"https:\/\/www.schiebener.net\/wordpress\/wilhelm-busch-ein-antisemit-das-gericht-zieht-sich-zur-beratung-zuruck\/","title":{"rendered":"Wilhelm Busch &#8211; ein Antisemit!? Das Gericht zieht sich zur Beratung zur\u00fcck &#8230;"},"content":{"rendered":"<p class=\"vers\"><a href=\"http:\/\/gutenberg.spiegel.de\/?id=5&amp;xid=3020&amp;kapitel=15&amp;cHash=bb8bc90c692#gb_found\" target=\"_blank\">Wilhelm Busch, Plisch und Plum, Kapitel 5:<\/a><\/p>\n<blockquote>\n<p class=\"vers\">Kurz die Hose, lang der Rock,<br \/>\nKrumm die Nase und der Stock,<br \/>\nAugen schwarz und Seele grau,<br \/>\nHut nach hinten, Miene schlau &#8211;<\/p>\n<p class=\"vers\">\n<div class=\"mceTemp mceIEcenter\">\n<dl id=\"attachment_3001\" class=\"wp-caption aligncenter\" style=\"width: 184px;\">\n<dt class=\"wp-caption-dt\"><img loading=\"lazy\" decoding=\"async\" class=\"size-full wp-image-3001\" title=\"Schmulchen Schievelbeiner\" src=\"http:\/\/www.schiebener.net\/wordpress\/wp-content\/uploads\/2009\/04\/plisc501.gif\" alt=\"Schmulchen Schievelbeiner\" width=\"174\" height=\"336\" srcset=\"https:\/\/www.schiebener.net\/wordpress\/wp-content\/uploads\/2009\/04\/plisc501.gif 174w, https:\/\/www.schiebener.net\/wordpress\/wp-content\/uploads\/2009\/04\/plisc501-155x300.gif 155w\" sizes=\"auto, (max-width: 174px) 85vw, 174px\" \/><\/dt>\n<\/dl>\n<\/div>\n<p class=\"vers\">So ist Schmulchen Schievelbeiner.<br \/>\n(Sch\u00f6ner ist doch unsereiner!)<\/p><\/blockquote>\n<p class=\"vers\">So schreibt und zeichnet Wilhelm Busch, dessen Zeichnungen ich f\u00fcr zwei Artikel <a href=\"http:\/\/www.schiebener.net\/wordpress\/?p=2951\" target=\"_blank\">hier<\/a> und <a href=\"http:\/\/www.schiebener.net\/wordpress\/?p=2984\" target=\"_blank\">hier<\/a> im Blog verwendet habe.<\/p>\n<p>Wilhelm Busch ein Antisemit? Ich wei\u00df es (noch) nicht, weil mir diese Geschichte erst gestern Abend unter die Augen gekommen ist.<\/p>\n<p>Alles kalter Kaffee!&#8220; mag die Fachwelt hier rufen, &#8222;ist doch schon alles lange bekannt und x-mal durchgekaut!&#8220;<\/p>\n<p>Das habe ich dann auch gemerkt als ich ein wenig in der Literatur gest\u00f6bert habe. Ich aber hatte bisher von Buschs Zeichnungen, Gedichten und Prosa au\u00dferhalb des Max und Moritz Genres keine Kenntnis genommen. Einmal ist eben immer das erste Mal.<\/p>\n<p>Darum nutze ich jetzt diesen Eintrag nicht, um die Wissenden zu erleuchten, sondern um den Ignoranten &#8211; wie ich es einer bin &#8211;  etwas zum Nachdenken zu geben.<!--more--><\/p>\n<p>Ich zitiere zum Einstieg aus einem <a href=\"http:\/\/www.berlin-judentum.de\/bildung\/antisemitismusforschung.htm\" target=\"_blank\">Interview von Philipp Gessler(taz) mit Professor Julius Schoeps:<\/a><\/p>\n<blockquote><p><em> &#8230; Was macht den Antisemitismus so hartn\u00e4ckig?<\/em><\/p>\n<p>Er ist, wie gesagt, Bestandteil dieser Kultur. Antisemitische Bilder werden vererbt &#8211; nicht genetisch, aber \u00fcber die Kultur, \u00fcber die Familie, \u00fcber die Sprache. Etwa bei Wilhelm Busch: &#8222;Kurz die Hose, lang der Rock, \/ krumm die Nase und der Stock, \/ Augen schwarz und Seele grau, \/ Hut nach hinten, Miene schlau -\/ So ist Schmulchen Schievelbeiner. \/ (Sch\u00f6ner ist doch unsereiner).&#8220;<\/p>\n<p>Das ist klassischer Antisemitismus. So was kann man in Fibeln lesen. Das pr\u00e4gt Bewusstsein, und vielleicht sogar das Handeln der Menschen. Das soll man nicht untersch\u00e4tzen. Mein Problem ist: Soll\tman das \u00e4ndern? Kann man etwa die antisemitischen Passagen bei Wilhelm Busch streichen? &#8230;  das ganze Interview <a href=\"http:\/\/www.berlin-judentum.de\/bildung\/antisemitismusforschung.htm\" target=\"_blank\">hier<\/a><\/p><\/blockquote>\n<p>Wilhelm Busch hat mit Zeichnungen und Wort dazu beigetragen, das stereotype Bild vom &#8222;Juden&#8220;, wie es auch die Nazis verwendet haben, ins kollektive Ged\u00e4chtnis der Deutschen, aber auch anderer Gruppen und Nationalit\u00e4ten  zu brennen.<\/p>\n<p>Soll ich jetzt meine Busch-B\u00fccher wegschmei\u00dfen? Hierzu der Herausgeber Robert Gernhardt im Jahr 2003 (Die orthografischen  Fehler im Original habe ich belassen):<\/p>\n<blockquote>\n<p align=\"left\">L\u00e4sst der auf Antisemitismus schlie\u00dfen? Doch was kennzeichnet den?<\/p>\n<p align=\"left\">Ries legt die Latte sehr hoch: &#8222;Zu einem Antisemitismus, der den Begriff erf\u00fcllt, geh\u00f6rt konsequente Judengegnerschaft, ja ein Judenhass, eine Gesinnung mithin, die auf Herabw\u00fcrdigung, Diffamierung, Entrechtung, Verfolgung, die bis zum Pogrom zielt.<\/p>\n<p align=\"left\">Davon kann bei Busch nicht im Mindesten die Rede sein.&#8220; Letzterem stimmt Golo Mann zu, zugleich aber senkt er die Latte.<\/p>\n<p align=\"left\">Ein &#8222;arger Antisemit&#8220; sei Busch nicht gewesen: &#8222;Nat\u00fcrlich war er es ein klein bisschen, wie zu seiner Zeit alle Deutschen und alle Franzosen auch.&#8220; Zu guter Letzt aber f\u00fchrt Golo Mann noch einmal eine schlichte Tatsache ins Feld: &#8222;In seinen Erfolgswerken kommen die Juden nicht \u00fcberdurchschnittlich oft vor, sondern unterdurchschnittlich selten.&#8220; Genau gesagt: Dreimal in zwanzig Jahren ungez\u00e4hlter komischer Bilder, witziger Bilderb\u00f6gen und bissiger Bildergeschichten, in welchen Busch unz\u00e4hlige seiner Figuren, die von ihm so bezeichneten &#8222;Papierhanseln&#8220;, in uns\u00e4gliche Katastrophen getrieben hat &#8211; ein richtiger Antisemit h\u00e4tte reichlich Juden darunter gemischt. Und das w\u00e4ren mit Sicherheit keine Opfer wie Schievelbeiner gewesen, sondern T\u00e4ter.<\/p>\n<p align=\"left\">Also wie nun: War er einer, der Busch? War er es ein bisschen? Gar nicht? Das Gerich zieht sich zur Beratung zur\u00fcck. <a href=\"http:\/\/www.literaturkritik.de\/public\/rezension.php?rez_id=6369&amp;ausgabe=200309\" target=\"_blank\">Der ganze Beitrag hier.<\/a><\/p>\n<\/blockquote>\n<p align=\"left\"><strong>&#8222;Das Gericht zieht sich zur Beratung zur\u00fcck&#8220;<\/strong><\/p>\n<p align=\"left\">Hat es in der Zwischenzeit ein Urteil gegeben? Ich wei\u00df es (noch) nicht.<\/p>\n<p align=\"left\"><span style=\"color: #000000; font-size: x-small;\"><br \/>\n<\/span><\/p>\n","protected":false},"excerpt":{"rendered":"<p>Wilhelm Busch, Plisch und Plum, Kapitel 5: Kurz die Hose, lang der Rock, Krumm die Nase und der Stock, Augen schwarz und Seele grau, Hut nach hinten, Miene schlau &#8211; &hellip; <a href=\"https:\/\/www.schiebener.net\/wordpress\/wilhelm-busch-ein-antisemit-das-gericht-zieht-sich-zur-beratung-zuruck\/\" class=\"more-link\"><span class=\"screen-reader-text\">\u201eWilhelm Busch &#8211; ein Antisemit!? Das Gericht zieht sich zur Beratung zur\u00fcck &#8230;\u201c <\/span>weiterlesen<\/a><\/p>\n","protected":false},"author":3,"featured_media":0,"comment_status":"open","ping_status":"open","sticky":false,"template":"","format":"standard","meta":{"footnotes":""},"categories":[218,24],"tags":[362,466,465],"class_list":["post-3000","post","type-post","status-publish","format-standard","hentry","category-bucher","category-politik","tag-antisemitismus","tag-plisch-und-plum","tag-wilhelm-busch"],"_links":{"self":[{"href":"https:\/\/www.schiebener.net\/wordpress\/wp-json\/wp\/v2\/posts\/3000","targetHints":{"allow":["GET"]}}],"collection":[{"href":"https:\/\/www.schiebener.net\/wordpress\/wp-json\/wp\/v2\/posts"}],"about":[{"href":"https:\/\/www.schiebener.net\/wordpress\/wp-json\/wp\/v2\/types\/post"}],"author":[{"embeddable":true,"href":"https:\/\/www.schiebener.net\/wordpress\/wp-json\/wp\/v2\/users\/3"}],"replies":[{"embeddable":true,"href":"https:\/\/www.schiebener.net\/wordpress\/wp-json\/wp\/v2\/comments?post=3000"}],"version-history":[{"count":0,"href":"https:\/\/www.schiebener.net\/wordpress\/wp-json\/wp\/v2\/posts\/3000\/revisions"}],"wp:attachment":[{"href":"https:\/\/www.schiebener.net\/wordpress\/wp-json\/wp\/v2\/media?parent=3000"}],"wp:term":[{"taxonomy":"category","embeddable":true,"href":"https:\/\/www.schiebener.net\/wordpress\/wp-json\/wp\/v2\/categories?post=3000"},{"taxonomy":"post_tag","embeddable":true,"href":"https:\/\/www.schiebener.net\/wordpress\/wp-json\/wp\/v2\/tags?post=3000"}],"curies":[{"name":"wp","href":"https:\/\/api.w.org\/{rel}","templated":true}]}}