{"id":29729,"date":"2014-09-05T15:26:17","date_gmt":"2014-09-05T14:26:17","guid":{"rendered":"http:\/\/www.schiebener.net\/wordpress\/?p=29729"},"modified":"2014-09-05T22:44:06","modified_gmt":"2014-09-05T21:44:06","slug":"friedrich-ebert-stiftung-laedt-zum-hochsauerlandgespraech-zukunft-der-landwirtschaft-perspektiven-fuer-suedwestfalen","status":"publish","type":"post","link":"https:\/\/www.schiebener.net\/wordpress\/friedrich-ebert-stiftung-laedt-zum-hochsauerlandgespraech-zukunft-der-landwirtschaft-perspektiven-fuer-suedwestfalen\/","title":{"rendered":"Friedrich-Ebert-Stiftung l\u00e4dt zum Hochsauerlandgespr\u00e4ch: \u201eZukunft der Landwirtschaft \u2013 Perspektiven f\u00fcr S\u00fcdwestfalen\u201c"},"content":{"rendered":"<figure id=\"attachment_29730\" aria-describedby=\"caption-attachment-29730\" style=\"width: 210px\" class=\"wp-caption alignleft\"><a href=\"http:\/\/www.schiebener.net\/wordpress\/wp-content\/uploads\/2014\/09\/SPDPriesmeier.jpg\" target=\"_blank\"><img loading=\"lazy\" decoding=\"async\" class=\"wp-image-29730 \" src=\"http:\/\/www.schiebener.net\/wordpress\/wp-content\/uploads\/2014\/09\/SPDPriesmeier.jpg\" alt=\"Referent an diesem Abend: der Bundestagsabgeordnete und agrarpolitische Sprecher der SPD-Bundestagsfraktion, Dr. Wilhelm Priesmeier (foto: SPD)\" width=\"210\" height=\"243\" srcset=\"https:\/\/www.schiebener.net\/wordpress\/wp-content\/uploads\/2014\/09\/SPDPriesmeier.jpg 600w, https:\/\/www.schiebener.net\/wordpress\/wp-content\/uploads\/2014\/09\/SPDPriesmeier-259x300.jpg 259w\" sizes=\"auto, (max-width: 210px) 85vw, 210px\" \/><\/a><figcaption id=\"caption-attachment-29730\" class=\"wp-caption-text\">Referent an diesem Abend: der Bundestagsabgeordnete und agrarpolitische Sprecher der SPD-Bundestagsfraktion, Dr. Wilhelm Priesmeier (foto: SPD)<\/figcaption><\/figure>\n<p><strong>Meschede. (<a href=\"http:\/\/www.hsk-spd.de\/index.php?nr=63099&amp;menu=1\" target=\"_blank\">spd_pm<\/a>) \u201eZukunft der Landwirtschaft \u2013 Perspektiven f\u00fcr S\u00fcdwestfalen\u201c ist das Thema des 4.\u00a0Hochsauerlandgespr\u00e4chs zu dem die Friedrich-Ebert-Stiftung am 16. September in das Kreishaus in Meschede einl\u00e4dt.<\/strong><\/p>\n<p>Referent wird an diesem Abend der Bundestagsabgeordnete und agrarpolitische Sprecher der SPD-Bundestagsfraktion, Dr. Wilhelm Priesmeier,\u00a0sein. Neben der Landtagsabgeordneten, Annette Watermann-Krass, Mitglied im Ausschuss f\u00fcr Landwirtschaft und Verbraucherschutz im Landtag NRW werden sich der stellvertretende Vorsitzende des Landwirtschaftlichen Verbandes Hochsauerlandkreis, Klaus Bauerdick, sowie der Beratungsleiter f\u00fcr S\u00fcdwestfalen der Landwirtschaftskammer NRW, Hubert Stratmann, an der Podiums- und anschlie\u00dfenden Publikumsdiskussion\u00a0 beteiligen. Moderiert wird die Veranstaltung vom heimischen Bundestagsabgeordneten Dirk Wiese, welcher der Mitglied im Ausschuss f\u00fcr Ern\u00e4hrung und Landwirtschaft im Deutschen Bundestag ist.<\/p>\n<p>Gesprochen werden soll unter anderem \u00fcber die Neuausrichtung der\u00a0EU-Agrarpolitik und ihre Auswirkungen vor Ort sowie die anstehende\u00a0Novellierung der D\u00fcngeverordnung. Auch Themen wie die aktuelle Fl\u00e4chensituation, das transatlantische Freihandelsabkommen TTiP\u00a0oder die Abschaffung der Hofabgabeklausel werden Teil der Diskussionen sein. Dazu sind alle Interessierten herzlich willkommen. Unter <a href=\"http:\/\/www.hsk-spd.de\" target=\"_blank\">www.hsk-spd.de<\/a> befindet sich ein Link zum Download der Einladung.<\/p>\n<p>Aus organisatorischen Gr\u00fcnden wird um vorherige Anmeldung bei Katia Conigliaro unter 0228-8837203 oder via Email an <a href=\"mailto: Katia.Conigliaro@fes.de\" target=\"_blank\">Katia.Conigliaro@fes.de<\/a> gebeten.<\/p>\n","protected":false},"excerpt":{"rendered":"<p>Meschede. (spd_pm) \u201eZukunft der Landwirtschaft \u2013 Perspektiven f\u00fcr S\u00fcdwestfalen\u201c ist das Thema des 4.\u00a0Hochsauerlandgespr\u00e4chs zu dem die Friedrich-Ebert-Stiftung am 16. September in das Kreishaus in Meschede einl\u00e4dt. Referent wird an &hellip; <a href=\"https:\/\/www.schiebener.net\/wordpress\/friedrich-ebert-stiftung-laedt-zum-hochsauerlandgespraech-zukunft-der-landwirtschaft-perspektiven-fuer-suedwestfalen\/\" class=\"more-link\"><span class=\"screen-reader-text\">\u201eFriedrich-Ebert-Stiftung l\u00e4dt zum Hochsauerlandgespr\u00e4ch: \u201eZukunft der Landwirtschaft \u2013 Perspektiven f\u00fcr S\u00fcdwestfalen\u201c\u201c <\/span>weiterlesen<\/a><\/p>\n","protected":false},"author":17,"featured_media":0,"comment_status":"open","ping_status":"open","sticky":false,"template":"","format":"standard","meta":{"footnotes":""},"categories":[303,80,24,1043,549],"tags":[5132,4180,5131,655],"class_list":["post-29729","post","type-post","status-publish","format-standard","hentry","category-in-unserem-briefkasten","category-lokales","category-politik","category-pressemitteilungen","category-umwelt","tag-dr-wilhelm-priesmeier","tag-friedrich-ebert-stiftung","tag-hochsauerlandgespraech","tag-pressemitteilung"],"_links":{"self":[{"href":"https:\/\/www.schiebener.net\/wordpress\/wp-json\/wp\/v2\/posts\/29729","targetHints":{"allow":["GET"]}}],"collection":[{"href":"https:\/\/www.schiebener.net\/wordpress\/wp-json\/wp\/v2\/posts"}],"about":[{"href":"https:\/\/www.schiebener.net\/wordpress\/wp-json\/wp\/v2\/types\/post"}],"author":[{"embeddable":true,"href":"https:\/\/www.schiebener.net\/wordpress\/wp-json\/wp\/v2\/users\/17"}],"replies":[{"embeddable":true,"href":"https:\/\/www.schiebener.net\/wordpress\/wp-json\/wp\/v2\/comments?post=29729"}],"version-history":[{"count":0,"href":"https:\/\/www.schiebener.net\/wordpress\/wp-json\/wp\/v2\/posts\/29729\/revisions"}],"wp:attachment":[{"href":"https:\/\/www.schiebener.net\/wordpress\/wp-json\/wp\/v2\/media?parent=29729"}],"wp:term":[{"taxonomy":"category","embeddable":true,"href":"https:\/\/www.schiebener.net\/wordpress\/wp-json\/wp\/v2\/categories?post=29729"},{"taxonomy":"post_tag","embeddable":true,"href":"https:\/\/www.schiebener.net\/wordpress\/wp-json\/wp\/v2\/tags?post=29729"}],"curies":[{"name":"wp","href":"https:\/\/api.w.org\/{rel}","templated":true}]}}