{"id":29641,"date":"2014-08-29T20:40:00","date_gmt":"2014-08-29T19:40:00","guid":{"rendered":"http:\/\/www.schiebener.net\/wordpress\/?p=29641"},"modified":"2014-08-29T20:40:00","modified_gmt":"2014-08-29T19:40:00","slug":"die-heutige-hsk-kreistagssitzung-aus-piratensicht-ablehnungen-hoechst-fragwuerdig-und-von-persoenlichen-interessen-begleitet","status":"publish","type":"post","link":"https:\/\/www.schiebener.net\/wordpress\/die-heutige-hsk-kreistagssitzung-aus-piratensicht-ablehnungen-hoechst-fragwuerdig-und-von-persoenlichen-interessen-begleitet\/","title":{"rendered":"Die heutige HSK-Kreistagssitzung aus Piratensicht: Ablehnungen h\u00f6chst fragw\u00fcrdig und von pers\u00f6nlichen Interessen begleitet"},"content":{"rendered":"<p><img loading=\"lazy\" decoding=\"async\" src=\"http:\/\/www.schiebener.net\/wordpress\/wp-content\/uploads\/2009\/02\/lt_briefkasten01.jpg\" alt=\"In unserem Briefkasten\" width=\"120\" height=\"91\" class=\"alignleft size-full wp-image-2182\" \/><em>In unseren Eingangskorb flatterte gerade ein aktueller Bericht des neuen Kreistagsmitglieds Daniel Wagner (Piraten) von der heutigen Kreistagssitzung in Meschede.<\/em><\/p>\n<blockquote><p><strong>Am Freitag, den 29. August tagte der Kreistag zum zweiten Mal in der 9. Wahlperiode (2014 &#8211; 2020). Dabei wurde auch erstmals ein Antrag der PIRATEN behandelt.<\/strong><\/p>\n<p>Auf Antrag der Sauerl\u00e4nder B\u00fcrgerliste (SBL) sollte die Gesch\u00e4ftsordnung des Kreistages angepasst werden, um Foto-, Film und Tonaufnahmen m\u00f6glich zu machen. Die PIRATEN beteiligten sich mit einem Konsensantrag. Der Landrat sollte vor jeder Sitzung nach Einw\u00e4nden f\u00fcr Foto-, Film- und<br \/>\nTonaufnahmen fragen, um so diese individuell f\u00fcr die jeweiligen Sitzungen zu erlauben oder zu untersagen.<\/p>\n<p>CDU, SPD und GR\u00dcNE lehnten den Antrag der SBL und PIRATEN ab und sorgten daf\u00fcr, dass auch in Zukunft der Kreistag &#8222;unter sich&#8220; bleibt. Auch weitere Antr\u00e4ge, die von den PIRATEN gest\u00fctzt wurden, wurden abgelehnt.<\/p>\n<p>&#8222;Ich bedauere, dass nicht einmal Konsensbeitr\u00e4ge im Kreistag eine Chance finden k\u00f6nnen. Die Gr\u00fcnde der Ablehnung sind h\u00f6chst fragw\u00fcrdig und von pers\u00f6nlichen Interessen begleitet&#8220;, so das Kreistagsmitglied der PIRATEN Daniel Wagner.<\/p>\n<p>&#8212;<\/p>\n<p><strong>Abstimmungsverhalten des Kreistagsmitglieds Daniel Wagner bei der 2. Kreistagssitzung:<br \/>\n<\/strong><br \/>\nWahlpr\u00fcfung: Angenommen<br \/>\nUmbesetzung von Aussch\u00fcssen und Drittgremien: Angenommen<br \/>\nBenennung von Richtern f\u00fcr das Sozialgericht Dortmund: Angenommen<br \/>\nBenennung von Richtern f\u00fcr das Landessozialgericht NRW: Enthaltung<br \/>\nLinienb\u00fcndelungskonzept f\u00fcr den HSK: Angenommen<br \/>\nAntr\u00e4ge auf Genehmigung von Kormoran-Absch\u00fcssen: Ablehnung<br \/>\nBestellung eines Kreisbrandmeisters: Angenommen<br \/>\nDaten- und Telefonanbindung des Kreisfeuerwehrzentrums: Angenommen<br \/>\nUmbau des Kinderkurheims &#8222;Arnsberg&#8220; auf Norderney: Angenommen<br \/>\nAbfallwirtschaftsplan NRW &#8211; Stellungnahme des Hochsauerlandkreises: Ablehnung<br \/>\n\u00c4nderung der GO (Foto-, Film- und Tonaufnahmen): Angenommen<br \/>\n\u00c4nderung der GO (Dringlichkeitsentscheidungen): Angenommen<br \/>\nVerbesserung der wirtschaftlichen Lage der ESZW: Teilweise Angenommen, Teilweise Enthalten<\/p><\/blockquote>\n","protected":false},"excerpt":{"rendered":"<p>In unseren Eingangskorb flatterte gerade ein aktueller Bericht des neuen Kreistagsmitglieds Daniel Wagner (Piraten) von der heutigen Kreistagssitzung in Meschede. Am Freitag, den 29. August tagte der Kreistag zum zweiten &hellip; <a href=\"https:\/\/www.schiebener.net\/wordpress\/die-heutige-hsk-kreistagssitzung-aus-piratensicht-ablehnungen-hoechst-fragwuerdig-und-von-persoenlichen-interessen-begleitet\/\" class=\"more-link\"><span class=\"screen-reader-text\">\u201eDie heutige HSK-Kreistagssitzung aus Piratensicht: Ablehnungen h\u00f6chst fragw\u00fcrdig und von pers\u00f6nlichen Interessen begleitet\u201c <\/span>weiterlesen<\/a><\/p>\n","protected":false},"author":17,"featured_media":0,"comment_status":"open","ping_status":"open","sticky":false,"template":"","format":"standard","meta":{"footnotes":""},"categories":[303,80,24,1043],"tags":[3532,987,264,3951,655],"class_list":["post-29641","post","type-post","status-publish","format-standard","hentry","category-in-unserem-briefkasten","category-lokales","category-politik","category-pressemitteilungen","tag-daniel-wagner","tag-kreistagssitzung","tag-meschede","tag-piraten-hsk","tag-pressemitteilung"],"_links":{"self":[{"href":"https:\/\/www.schiebener.net\/wordpress\/wp-json\/wp\/v2\/posts\/29641","targetHints":{"allow":["GET"]}}],"collection":[{"href":"https:\/\/www.schiebener.net\/wordpress\/wp-json\/wp\/v2\/posts"}],"about":[{"href":"https:\/\/www.schiebener.net\/wordpress\/wp-json\/wp\/v2\/types\/post"}],"author":[{"embeddable":true,"href":"https:\/\/www.schiebener.net\/wordpress\/wp-json\/wp\/v2\/users\/17"}],"replies":[{"embeddable":true,"href":"https:\/\/www.schiebener.net\/wordpress\/wp-json\/wp\/v2\/comments?post=29641"}],"version-history":[{"count":0,"href":"https:\/\/www.schiebener.net\/wordpress\/wp-json\/wp\/v2\/posts\/29641\/revisions"}],"wp:attachment":[{"href":"https:\/\/www.schiebener.net\/wordpress\/wp-json\/wp\/v2\/media?parent=29641"}],"wp:term":[{"taxonomy":"category","embeddable":true,"href":"https:\/\/www.schiebener.net\/wordpress\/wp-json\/wp\/v2\/categories?post=29641"},{"taxonomy":"post_tag","embeddable":true,"href":"https:\/\/www.schiebener.net\/wordpress\/wp-json\/wp\/v2\/tags?post=29641"}],"curies":[{"name":"wp","href":"https:\/\/api.w.org\/{rel}","templated":true}]}}