{"id":29634,"date":"2014-08-28T20:48:24","date_gmt":"2014-08-28T19:48:24","guid":{"rendered":"http:\/\/www.schiebener.net\/wordpress\/?p=29634"},"modified":"2014-08-28T21:18:43","modified_gmt":"2014-08-28T20:18:43","slug":"winterberger-finanzlage-verschlechtert-kaemmerer-findet-schuldige-asylanten","status":"publish","type":"post","link":"https:\/\/www.schiebener.net\/wordpress\/winterberger-finanzlage-verschlechtert-kaemmerer-findet-schuldige-asylanten\/","title":{"rendered":"Winterberger Finanzlage verschlechtert. K\u00e4mmerer findet Schuldige: Asylanten &#8230;"},"content":{"rendered":"<p><img loading=\"lazy\" decoding=\"async\" class=\"aligncenter wp-image-29636\" src=\"http:\/\/www.schiebener.net\/wordpress\/wp-content\/uploads\/2014\/08\/wordleasylant.png\" alt=\"wordleasylant\" width=\"600\" height=\"333\" srcset=\"https:\/\/www.schiebener.net\/wordpress\/wp-content\/uploads\/2014\/08\/wordleasylant.png 806w, https:\/\/www.schiebener.net\/wordpress\/wp-content\/uploads\/2014\/08\/wordleasylant-300x166.png 300w\" sizes=\"auto, (max-width: 709px) 85vw, (max-width: 909px) 67vw, (max-width: 984px) 61vw, (max-width: 1362px) 45vw, 600px\" \/><strong>In einem Artikel unseres Reklameblattes &#8222;Sauerlandkurier&#8220; vom 24. August 2014 werden wir \u00fcber Probleme im Haushalt der Stadt Winterberg unterrichtet. Schuld seien neben &#8222;Mindereinnahmen bei der Gewerbesteuer&#8220; insbesondere die &#8222;Asylanten&#8220;.<\/strong><\/p>\n<blockquote><p>Der K\u00e4mmerer der Stadt Winterberg, Bastian \u00d6streich, zeigte im Finanzzwischenbericht die Verschlechterung der Finanzlage auf. Bei der Gegen\u00fcberstellung des Haushaltsansatzes zur aktuellen Situation der Kassen stellte \u00d6streich besonders zwei Punkte heraus: die Mindereinnahmen bei der Gewerbesteuer sowie die Mehrkosten nach dem AsylbLG (Asylbewerberleistungsgesetz).<\/p>\n<p>Hier entstehen der Stadt hohe Kosten, da sie als &#8222;Krankenkasse&#8220; auch f\u00fcr die Krankenkosten von Asylanten aufkommen m\u00fcsste.<\/p><\/blockquote>\n<p>Da ich mich seit vielen Jahren nebenbei und beil\u00e4ufig mit Rassismus und rechtsradikalen Gedankenstr\u00f6mungen besch\u00e4ftige, zucke ich zumindest innerlich zusammen, wenn in einer Diskussion oder einem Gespr\u00e4ch von &#8222;Asylanten&#8220; die Rede ist.<\/p>\n<p>Ich zitiere einfach mal aus dem <a href=\"http:\/\/gra.ch\/lang-de\/gra-glossar\/121\" target=\"_blank\">Glossar einer Schweizer Stiftung gegen Rassismus und Antisemitismus<\/a>, die sich dem Problem folgenderma\u00dfen annimmt:<\/p>\n<blockquote><p>Etwa um 1970 taucht im deutschen Sprachgebiet die Bezeichnung Asylant f\u00fcr Fl\u00fcchtlinge und Asylsuchende auf. Von Anfang an waren es rechtsstehende und fremdenfeindliche Organisationen und Personen, die das Wort benutzten. Deshalb bekam Asylant eine klar abwertende Bedeutung. Die politischen Beh\u00f6rden der Schweiz verwenden diese Bezeichnung nicht. Das Asylgesetz zum Beispiel spricht von \u00abAsylsuchenden\u00bb.<\/p>\n<p>\u00abAnstieg der Asylantenflut\u00bb lautete 1971 eine Schlagzeile in der Wochenzeitung \u00abDeutsche Nachrichten\u00bb der rechtsextremen Nationaldemokratischen Partei Deutschlands (NPD). Schon in diesem fr\u00fchen Nachweis zeigt sich der typische Zusammenhang, in den die neue Wortsch\u00f6pfung Asylant von Anfang an gestellt wurde: Das Wort wurde stets mit einer deutlichen Abwehrhaltung gegen Fl\u00fcchtlinge und Asylbewerber gebraucht. Dies dr\u00fccken auch die Wortkombinationen \u00abAsylantenschwemme\u00bb, \u00abScheinasylant\u00bb, \u00abAsylantenpack\u00bb oder \u00abkriminelle Asylanten\u00bb aus. Ein respektvoller Kontext \u2013 etwa \u00abhochbegabte Asylantin\u00bb oder \u00abliebensw\u00fcrdiger Asylant\u00bb \u2013 kommt kaum je vor und wirkt wenn schon eher ironisch.<\/p><\/blockquote>\n<p>Zeitungspapier ist geduldig und der Sauerlandkurier ist eine Reklamezeitung. Gestern Grund f\u00fcr mich, beim B\u00fcrgermeister der Stadt Winterberg nachzufragen:<\/p>\n<blockquote><p>Sehr geehrter Herr Eickler,<\/p>\n<p>in einem Bericht &#8222;Endg\u00fcltiges Aus&#8220; des Sauerlandkuriers vom 24. August<br \/>\n2014 hei\u00dft es auf Seite 2 an Ende des Artikels:<\/p>\n<p>&#8222;Der K\u00e4mmerer der Stadt Winterberg, Bastian \u00d6streich, zeigte im<br \/>\nFinanzzwischenbericht die Verschlechterung der Finanzlage auf &#8230;[weiter wie oben]&#8220;<\/p>\n<p>Meine Fragen:<\/p>\n<p>1. Wie hoch sind die Mindereinnahmen der Gewerbesteuer?<\/p>\n<p>2. Wie hoch sind die Mehrkosten der Stadt nach dem AsylbLG?<\/p>\n<p>3. Wie hoch sind die Gesamtkosten der Stadt nach dem AsylbLG? Wie<br \/>\nschl\u00fcsseln sich diese Mehrkosten auf?<\/p>\n<p>4. Wie viele Menschen erhalten in Winterberg Leistungen nach dem AsylbLG?<\/p>\n<p>5. Hat Herr \u00d6streich den Begriff &#8222;Asylant&#8220; in seinen Darlegungen<br \/>\nverwendet?<\/p>\n<p>Im Ratsinformationssystem habe ich keine entsprechenden Informationen<br \/>\nbzw. Protokolle zu der besagten Sitzung des &#8222;Haupt- und<br \/>\nFinanzausschusses&#8220; gefunden.<\/p>\n<p>Mit freundlichen Gr\u00fc\u00dfen<\/p>\n<p>Hans J. Schiebener<\/p>\n<p>c\/o an die Fraktionsvorsitzenden im Rat der Stadt Winterberg<\/p><\/blockquote>\n<p>Ich unterstelle keinesfalls, dass es sich beim Winterberger Rat um einen Haufen rechtsradikaler Fremdenfeinde handelt. Was ich bef\u00fcrchte, ist, dass sich das schleichende Gift rassistischer Sprache[1] in den politischen Diskurs eingeschlichen haben k\u00f6nnte.<\/p>\n<p>Dies w\u00e4re IMHO schlecht f\u00fcr eine Tourismus-&#8222;Destination&#8220; wie Winterberg, die doch gerade im Hinblick auf die kommenden Bob- und Rodelweltmeisterschaften Weltoffenheit und Toleranz, statt Dumpfheit und Muff, zeigen sollte.<\/p>\n<p>Die Antwort des B\u00fcrgermeisters steht noch aus. Nicht schlimm. Er hat viel zu tun, aber ich bin trotzdem schon gespannt.<\/p>\n<p><em>[1] \u00c4hnliches hatte ich vor l\u00e4ngerer Zeit in meinem Bekanntenkreis und dar\u00fcber hinaus geh\u00f6rt: &#8222;&#8230; bis zur Vergasung&#8220; wurde gesagt, wenn es darum ging, eine gro\u00dfe Anstrengung zu beschreiben. &#8222;bis zur Vergasung geputzt&#8220;, &#8222;bis zur Vergasung gelernt&#8220;, &#8222;bis zur Vergasung Unkraut gerupft&#8220;, usw.\u00a0 Hinweise auf Auschwitz wurden zu Beginn als l\u00e4cherlich abgetan, aber mit der Zeit ist der Skandal doch in die K\u00f6pfe eingesickert.<\/em><\/p>\n","protected":false},"excerpt":{"rendered":"<p>In einem Artikel unseres Reklameblattes &#8222;Sauerlandkurier&#8220; vom 24. August 2014 werden wir \u00fcber Probleme im Haushalt der Stadt Winterberg unterrichtet. Schuld seien neben &#8222;Mindereinnahmen bei der Gewerbesteuer&#8220; insbesondere die &#8222;Asylanten&#8220;. &hellip; <a href=\"https:\/\/www.schiebener.net\/wordpress\/winterberger-finanzlage-verschlechtert-kaemmerer-findet-schuldige-asylanten\/\" class=\"more-link\"><span class=\"screen-reader-text\">\u201eWinterberger Finanzlage verschlechtert. K\u00e4mmerer findet Schuldige: Asylanten &#8230;\u201c <\/span>weiterlesen<\/a><\/p>\n","protected":false},"author":3,"featured_media":0,"comment_status":"open","ping_status":"open","sticky":false,"template":"","format":"standard","meta":{"footnotes":""},"categories":[319,80,24],"tags":[5113,5063,1018],"class_list":["post-29634","post","type-post","status-publish","format-standard","hentry","category-geschichte","category-lokales","category-politik","tag-asylanten","tag-antrag-spd-winterberg","tag-sauerlandkurier"],"_links":{"self":[{"href":"https:\/\/www.schiebener.net\/wordpress\/wp-json\/wp\/v2\/posts\/29634","targetHints":{"allow":["GET"]}}],"collection":[{"href":"https:\/\/www.schiebener.net\/wordpress\/wp-json\/wp\/v2\/posts"}],"about":[{"href":"https:\/\/www.schiebener.net\/wordpress\/wp-json\/wp\/v2\/types\/post"}],"author":[{"embeddable":true,"href":"https:\/\/www.schiebener.net\/wordpress\/wp-json\/wp\/v2\/users\/3"}],"replies":[{"embeddable":true,"href":"https:\/\/www.schiebener.net\/wordpress\/wp-json\/wp\/v2\/comments?post=29634"}],"version-history":[{"count":0,"href":"https:\/\/www.schiebener.net\/wordpress\/wp-json\/wp\/v2\/posts\/29634\/revisions"}],"wp:attachment":[{"href":"https:\/\/www.schiebener.net\/wordpress\/wp-json\/wp\/v2\/media?parent=29634"}],"wp:term":[{"taxonomy":"category","embeddable":true,"href":"https:\/\/www.schiebener.net\/wordpress\/wp-json\/wp\/v2\/categories?post=29634"},{"taxonomy":"post_tag","embeddable":true,"href":"https:\/\/www.schiebener.net\/wordpress\/wp-json\/wp\/v2\/tags?post=29634"}],"curies":[{"name":"wp","href":"https:\/\/api.w.org\/{rel}","templated":true}]}}