{"id":2951,"date":"2009-04-17T15:49:29","date_gmt":"2009-04-17T14:49:29","guid":{"rendered":"http:\/\/www.schiebener.net\/wordpress\/?p=2951"},"modified":"2009-04-17T15:55:15","modified_gmt":"2009-04-17T14:55:15","slug":"vorwarts-zum-salon-sozialismus-gesprachskreise-von-leserinnen-und-lesern-der-nachdenkseiten","status":"publish","type":"post","link":"https:\/\/www.schiebener.net\/wordpress\/vorwarts-zum-salon-sozialismus-gesprachskreise-von-leserinnen-und-lesern-der-nachdenkseiten\/","title":{"rendered":"Vorw\u00e4rts zum Salon-Sozialismus? Gespr\u00e4chskreise von Leserinnen und Lesern der NachDenkSeiten geplant"},"content":{"rendered":"<figure id=\"attachment_2952\" aria-describedby=\"caption-attachment-2952\" style=\"width: 350px\" class=\"wp-caption aligncenter\"><img loading=\"lazy\" decoding=\"async\" class=\"size-full wp-image-2952\" title=\"Die Nachdenkseiten planen Gepr\u00e4chskreise  \" src=\"http:\/\/www.schiebener.net\/wordpress\/wp-content\/uploads\/2009\/04\/nachdenkseitenlive01.jpg\" alt=\"Die Nachdenkseiten wollen Menschen vor Ort mobilisieren und planen Gepr\u00e4chskreise  \" width=\"350\" height=\"387\" srcset=\"https:\/\/www.schiebener.net\/wordpress\/wp-content\/uploads\/2009\/04\/nachdenkseitenlive01.jpg 350w, https:\/\/www.schiebener.net\/wordpress\/wp-content\/uploads\/2009\/04\/nachdenkseitenlive01-271x300.jpg 271w\" sizes=\"auto, (max-width: 350px) 85vw, 350px\" \/><figcaption id=\"caption-attachment-2952\" class=\"wp-caption-text\">Die NachDenkSeiten wollen Menschen vor Ort mobilisieren und planen lokale Gepr\u00e4chskreise  <\/figcaption><\/figure>\n<p>Albrecht M\u00fcller (NachDenkSeiten) und  Helmut G. Schmidt (Kritisches Jahrbuch) wollen die Gegen\u00f6ffentlichkeit in den St\u00e4dten und D\u00f6rfern Deutschlands mobilisieren. Sie initiieren und unterst\u00fctzen die Bildung von Gespr\u00e4chskreisen von Leserinnen und Lesern des popul\u00e4ren Internetprojekts <a href=\"http:\/\/www.nachdenkseiten.de\/\" target=\"_blank\">NachDenkSeiten<\/a>.<\/p>\n<blockquote><p>Wir w\u00fcrden uns freuen, wenn diese Initiative erfolgreich w\u00e4re und sich viele Menschen kennenlernen und pers\u00f6nlich begegnen k\u00f6nnten. Sie alle machen sicher schon die Erfahrung, dass es wichtig ist zu erfahren, dass man mit seiner kritischen, abweichenden Sicht der Dinge nicht alleine steht und wie hilfreich es f\u00fcr die eigene Meinungsbildung ist, mit anderen \u00fcber Themen, die einen bewegen, sprechen zu k\u00f6nnen.<\/p><\/blockquote>\n<p><a href=\"http:\/\/www.nachdenkseiten.de\/?p=3891\" target=\"_blank\">Hier geht es zur Beschreibung<\/a> des Projekts auf den NachDenkSeiten.<\/p>\n<p>Ich kann mir zwar momentan eine solche Veranstaltung nicht recht vorstellen,  vielleicht haben aber mehr Menschen als ich vermute Interesse an einer Debattenkultur links von der sozialdemokratischen Mitte.<\/p>\n","protected":false},"excerpt":{"rendered":"<p>Albrecht M\u00fcller (NachDenkSeiten) und Helmut G. Schmidt (Kritisches Jahrbuch) wollen die Gegen\u00f6ffentlichkeit in den St\u00e4dten und D\u00f6rfern Deutschlands mobilisieren. Sie initiieren und unterst\u00fctzen die Bildung von Gespr\u00e4chskreisen von Leserinnen und &hellip; <a href=\"https:\/\/www.schiebener.net\/wordpress\/vorwarts-zum-salon-sozialismus-gesprachskreise-von-leserinnen-und-lesern-der-nachdenkseiten\/\" class=\"more-link\"><span class=\"screen-reader-text\">\u201eVorw\u00e4rts zum Salon-Sozialismus? Gespr\u00e4chskreise von Leserinnen und Lesern der NachDenkSeiten geplant\u201c <\/span>weiterlesen<\/a><\/p>\n","protected":false},"author":3,"featured_media":0,"comment_status":"open","ping_status":"open","sticky":false,"template":"","format":"standard","meta":{"footnotes":""},"categories":[80,32,71],"tags":[454,101],"class_list":["post-2951","post","type-post","status-publish","format-standard","hentry","category-lokales","category-medien","category-sport","tag-gesprachskreise","tag-nachdenkseiten"],"_links":{"self":[{"href":"https:\/\/www.schiebener.net\/wordpress\/wp-json\/wp\/v2\/posts\/2951","targetHints":{"allow":["GET"]}}],"collection":[{"href":"https:\/\/www.schiebener.net\/wordpress\/wp-json\/wp\/v2\/posts"}],"about":[{"href":"https:\/\/www.schiebener.net\/wordpress\/wp-json\/wp\/v2\/types\/post"}],"author":[{"embeddable":true,"href":"https:\/\/www.schiebener.net\/wordpress\/wp-json\/wp\/v2\/users\/3"}],"replies":[{"embeddable":true,"href":"https:\/\/www.schiebener.net\/wordpress\/wp-json\/wp\/v2\/comments?post=2951"}],"version-history":[{"count":0,"href":"https:\/\/www.schiebener.net\/wordpress\/wp-json\/wp\/v2\/posts\/2951\/revisions"}],"wp:attachment":[{"href":"https:\/\/www.schiebener.net\/wordpress\/wp-json\/wp\/v2\/media?parent=2951"}],"wp:term":[{"taxonomy":"category","embeddable":true,"href":"https:\/\/www.schiebener.net\/wordpress\/wp-json\/wp\/v2\/categories?post=2951"},{"taxonomy":"post_tag","embeddable":true,"href":"https:\/\/www.schiebener.net\/wordpress\/wp-json\/wp\/v2\/tags?post=2951"}],"curies":[{"name":"wp","href":"https:\/\/api.w.org\/{rel}","templated":true}]}}