{"id":29199,"date":"2014-07-22T22:31:24","date_gmt":"2014-07-22T21:31:24","guid":{"rendered":"http:\/\/www.schiebener.net\/wordpress\/?p=29199"},"modified":"2014-07-22T22:45:37","modified_gmt":"2014-07-22T21:45:37","slug":"mehr-transparenz-in-den-raeten-sblfw-will-aufhebung-des-verbots-von-film-und-tonaufnahmen-waehrend-der-ausschuss-und-kreistagssitzungen","status":"publish","type":"post","link":"https:\/\/www.schiebener.net\/wordpress\/mehr-transparenz-in-den-raeten-sblfw-will-aufhebung-des-verbots-von-film-und-tonaufnahmen-waehrend-der-ausschuss-und-kreistagssitzungen\/","title":{"rendered":"Mehr Transparenz in den R\u00e4ten? SBL\/FW will Aufhebung des Verbots von Film- und Tonaufnahmen w\u00e4hrend der Ausschuss- und Kreistagssitzungen"},"content":{"rendered":"<p><img loading=\"lazy\" decoding=\"async\" class=\"aligncenter size-full wp-image-29203\" src=\"http:\/\/www.schiebener.net\/wordpress\/wp-content\/uploads\/2014\/07\/sbltransparenz201407221.png\" alt=\"sbltransparenz20140722\" width=\"596\" height=\"315\" srcset=\"https:\/\/www.schiebener.net\/wordpress\/wp-content\/uploads\/2014\/07\/sbltransparenz201407221.png 596w, https:\/\/www.schiebener.net\/wordpress\/wp-content\/uploads\/2014\/07\/sbltransparenz201407221-300x158.png 300w\" sizes=\"auto, (max-width: 596px) 85vw, 596px\" \/><strong>Die Fraktion Sauerl\u00e4nder B\u00fcrgerliste\/Freie W\u00e4hler fordert eine Aufhebung des Verbots von Film- und Tonaufnahmen w\u00e4hrend der Ausschuss- und Kreistagssitzungen.<\/strong><\/p>\n<p>Als Blogger begr\u00fc\u00dfe ich diesen Vorsto\u00df ausdr\u00fccklich, denn so w\u00e4ren beispielsweise Live-\u00dcbertragungen aus dem Kreistag, Twitter-Walls usw. m\u00f6glich.<\/p>\n<p>F\u00fcr viele Berufst\u00e4tige ist sehr schwer bis unm\u00f6glich am Freitag Nachmittag zu einer Kreistagssitzung nach Meschede zu gelangen, um sich bei interessanten Themen ein eigenes Bild zu machen.<\/p>\n<p>Als Winterberger w\u00fcnsche ich mir einen solchen oder \u00e4hnlichen Antrag auch f\u00fcr den Winterberger Rat mit seinen Aussch\u00fcssen.<\/p>\n<p><strong>Der Antrag der SBL\/FW im Wortlaut:<\/strong><\/p>\n<blockquote><p>\u00a7 8 Abs. 2 Satz 2 der Gesch\u00e4ftsordnung des Kreistags lautet:<br \/>\n&#8222;Film- und Tonaufnahmen d\u00fcrfen nur gemacht werden, wenn der Kreistag es genehmigt und wenn weder ein Kreistagsmitglied noch der Landrat der Aufzeichnung widerspricht.&#8220;<\/p>\n<p>Das ist unseres Erachtens eine sehr restriktive Einschr\u00e4nkung. Das Verbot verhindert die Transparenz.<\/p>\n<p>Alle B\u00fcrgerinnen und B\u00fcrger sollten sich, wenn sie keine Zeit und Gelegenheit haben selbst an den Sitzungen teilzunehmen, \u00fcber den Verlauf der Sitzungen detailliert informieren k\u00f6nnen, um so beispielsweise auch die Argumente der Kreistags- und Ausschussmitglieder zu erfahren.<\/p>\n<p>Die Sitzungen des Kreistags und seiner Aussch\u00fcsse finden nicht im privaten Umfeld statt. Jede(r), die\/der sich in den Kreistag oder einen seiner Aussch\u00fcsse w\u00e4hlen l\u00e4sst, sollte dazu bereit sein, ihre\/seine Beitr\u00e4ge und ihre\/sein Abstimmungsverhalten \u00f6ffentlich werden zu lassen.<\/p>\n<p>Die Fraktion Sauerl\u00e4nder B\u00fcrgerliste (SBL\/FW) beantragt hiermit \u00a7 8 Abs. 2 Satz 2 der Gesch\u00e4ftsordnung des Kreistags wie folgt zu \u00e4ndern:<\/p>\n<p>\u201eW\u00e4hrend aller Kreistags- und Ausschusssitzungen sind bei allen \u00f6ffentlich behandelten Tagesordnungspunkten Foto-, Film- und Tonaufnahmen jederzeit zul\u00e4ssig.\u201c<\/p><\/blockquote>\n","protected":false},"excerpt":{"rendered":"<p>Die Fraktion Sauerl\u00e4nder B\u00fcrgerliste\/Freie W\u00e4hler fordert eine Aufhebung des Verbots von Film- und Tonaufnahmen w\u00e4hrend der Ausschuss- und Kreistagssitzungen. Als Blogger begr\u00fc\u00dfe ich diesen Vorsto\u00df ausdr\u00fccklich, denn so w\u00e4ren beispielsweise &hellip; <a href=\"https:\/\/www.schiebener.net\/wordpress\/mehr-transparenz-in-den-raeten-sblfw-will-aufhebung-des-verbots-von-film-und-tonaufnahmen-waehrend-der-ausschuss-und-kreistagssitzungen\/\" class=\"more-link\"><span class=\"screen-reader-text\">\u201eMehr Transparenz in den R\u00e4ten? SBL\/FW will Aufhebung des Verbots von Film- und Tonaufnahmen w\u00e4hrend der Ausschuss- und Kreistagssitzungen\u201c <\/span>weiterlesen<\/a><\/p>\n","protected":false},"author":3,"featured_media":0,"comment_status":"open","ping_status":"open","sticky":false,"template":"","format":"standard","meta":{"footnotes":""},"categories":[303,24,1043],"tags":[5051,494,655,5052,3448],"class_list":["post-29199","post","type-post","status-publish","format-standard","hentry","category-in-unserem-briefkasten","category-politik","category-pressemitteilungen","tag-film-und-tonaufnahmen","tag-kreistag-meschede","tag-pressemitteilung","tag-sblfw","tag-transparenz"],"_links":{"self":[{"href":"https:\/\/www.schiebener.net\/wordpress\/wp-json\/wp\/v2\/posts\/29199","targetHints":{"allow":["GET"]}}],"collection":[{"href":"https:\/\/www.schiebener.net\/wordpress\/wp-json\/wp\/v2\/posts"}],"about":[{"href":"https:\/\/www.schiebener.net\/wordpress\/wp-json\/wp\/v2\/types\/post"}],"author":[{"embeddable":true,"href":"https:\/\/www.schiebener.net\/wordpress\/wp-json\/wp\/v2\/users\/3"}],"replies":[{"embeddable":true,"href":"https:\/\/www.schiebener.net\/wordpress\/wp-json\/wp\/v2\/comments?post=29199"}],"version-history":[{"count":0,"href":"https:\/\/www.schiebener.net\/wordpress\/wp-json\/wp\/v2\/posts\/29199\/revisions"}],"wp:attachment":[{"href":"https:\/\/www.schiebener.net\/wordpress\/wp-json\/wp\/v2\/media?parent=29199"}],"wp:term":[{"taxonomy":"category","embeddable":true,"href":"https:\/\/www.schiebener.net\/wordpress\/wp-json\/wp\/v2\/categories?post=29199"},{"taxonomy":"post_tag","embeddable":true,"href":"https:\/\/www.schiebener.net\/wordpress\/wp-json\/wp\/v2\/tags?post=29199"}],"curies":[{"name":"wp","href":"https:\/\/api.w.org\/{rel}","templated":true}]}}