{"id":29157,"date":"2014-07-17T14:55:11","date_gmt":"2014-07-17T13:55:11","guid":{"rendered":"http:\/\/www.schiebener.net\/wordpress\/?p=29157"},"modified":"2014-07-17T14:55:11","modified_gmt":"2014-07-17T13:55:11","slug":"umleitung-vom-schavan-dossier-ueber-spionage-und-antisemitismus-zum-flugzeugabsturz-in-elpe","status":"publish","type":"post","link":"https:\/\/www.schiebener.net\/wordpress\/umleitung-vom-schavan-dossier-ueber-spionage-und-antisemitismus-zum-flugzeugabsturz-in-elpe\/","title":{"rendered":"Umleitung: vom Schavan-Dossier \u00fcber Spionage und Antisemitismus zum Flugzeugabsturz in Elpe."},"content":{"rendered":"<figure id=\"attachment_29158\" aria-describedby=\"caption-attachment-29158\" style=\"width: 202px\" class=\"wp-caption alignleft\"><a href=\"http:\/\/www.schiebener.net\/wordpress\/wp-content\/uploads\/2014\/07\/graffiti20140717.jpg\" target=\"_blank\"><img loading=\"lazy\" decoding=\"async\" class=\" wp-image-29158\" src=\"http:\/\/www.schiebener.net\/wordpress\/wp-content\/uploads\/2014\/07\/graffiti20140717.jpg\" alt=\"Heute gesehen, geknippst - Graffiti (foto: zoom)\" width=\"202\" height=\"153\" srcset=\"https:\/\/www.schiebener.net\/wordpress\/wp-content\/uploads\/2014\/07\/graffiti20140717.jpg 596w, https:\/\/www.schiebener.net\/wordpress\/wp-content\/uploads\/2014\/07\/graffiti20140717-300x227.jpg 300w\" sizes=\"auto, (max-width: 202px) 85vw, 202px\" \/><\/a><figcaption id=\"caption-attachment-29158\" class=\"wp-caption-text\">Heute gesehen, geknippst &#8211; Graffiti (foto: zoom)<\/figcaption><\/figure>\n<p><strong>Das Schavan-Dossier:<\/strong> &#8222;Unter dem Hashtag-Titel #schavangate werden wir ab sofort in rascher Folge eine Reihe von ca. zehn relativ kurzen Texten bringen, die insgesamt einen umfassenden Hintergrundbericht zur Aff\u00e4re Schavan ergeben sollen&#8220; &#8230; <a href=\"http:\/\/causaschavan.wordpress.com\/2014\/07\/15\/eilt-schavangate\/\" target=\"_blank\">causaschavan<\/a> und hier <a href=\"http:\/\/causaschavan.wordpress.com\/2014\/07\/15\/das-schavan-dossier-der-uni-dusseldorf-schavangate-1\/\" target=\"_blank\">Teil 1<\/a>, <a href=\"http:\/\/causaschavan.wordpress.com\/2014\/07\/16\/das-schavan-dossier-die-ministerin-schavangate-2\/\" target=\"_blank\">Teil 2<\/a> sowie <a href=\"http:\/\/causaschavan.wordpress.com\/2014\/07\/17\/das-schavan-dossier-die-gutachtertriade-schavangate-3\/\" target=\"_blank\">Teil 3<\/a>.<\/p>\n<p><strong>Erl\u00e4uterungen zum Dossier:<\/strong> Was bringt das #schavangate ans Licht? &#8230; <a href=\"http:\/\/erbloggtes.wordpress.com\/2014\/07\/15\/was-bringt-das-schavangate-ans-licht\/\" target=\"_blank\">erbloggtes<\/a><\/p>\n<p><strong>Wenn Unsinn zu Sinn wird, wird Lesen zur Pflicht:<\/strong> Das Seitenschreiten als Ausdruck seitenscheiterh\u00e4ufiger Asymmetrie &#8230; <a href=\"http:\/\/www.endoplast.de\/2014\/07\/17\/das-seitenschreiten-als-ausdruck-seitenscheiterhaeufiger-asymmetrie\/\" target=\"_blank\">endoplast<\/a><\/p>\n<p><strong>Kriegsspiel mit Herz?<\/strong> Computer Games zum Ersten Weltkrieg &#8230; <a href=\"http:\/\/public-history-weekly.oldenbourg-verlag.de\/2-2014-26\/kriegsspiel-mit-herz-computer-games-zum-ersten-weltkrieg\/\" target=\"_blank\">phw<\/a><\/p>\n<p><strong>Bunker-Tour durch die Hagener Innenstadt:<\/strong> Bombenangriffe auf Zivilbev\u00f6lkerungen geh\u00f6ren zu den schrecklichsten Begebenheiten moderner Kriege. Zum Schutz vor dieser m\u00e4chtigen Bedrohung wurde auch in Hagen eine Vielzahl von Luftschutzeinrichtungen erbaut &#8230; <a href=\"http:\/\/doppelwacholder.wordpress.com\/2014\/07\/17\/bunker-tour-durch-die-hagener-innenstadt\/\" target=\"_blank\">doppelwacholder<\/a><\/p>\n<p><strong>NSA und so:<\/strong> Liebe Amerikaner, wir m\u00fcssen reden &#8230; <a href=\"http:\/\/nesselsetzer.wordpress.com\/2014\/07\/14\/liebe-amerikaner-wir-mussen-reden\/\" target=\"_blank\">nesselsetzer<\/a><\/p>\n<p><strong>Die einstige Schutzmacht USA spioniert:<\/strong> Obama, Merkel und die gleiche Augenh\u00f6he &#8230; <a href=\"http:\/\/post-von-horn.de\/2014\/07\/16\/obama-merkel-und-die-gleiche-augenhoehe\/\" target=\"_blank\">postvonhorn<\/a><\/p>\n<p><strong>&#8222;Hass und Hetze&#8220;:<\/strong> Antisemitische Beschimpfungen und Attacken bei pro-pal\u00e4stinensischen Kundgebungen. Zentralratspr\u00e4sident Graumann ist schockiert &#8230; <a href=\"http:\/\/www.juedische-allgemeine.de\/article\/view\/id\/19680\" target=\"_blank\">juedischeallgemeine<\/a><\/p>\n<p><strong>Schlagzeilen mit Schlagseite:<\/strong> Wie deutsche Zeitungs\u00fcberschriften im Gaza-Konflikt semantisch Partei ergreifen &#8230; <a href=\"http:\/\/www.juedische-allgemeine.de\/article\/view\/id\/19700\" target=\"_blank\">juedischeallgemeine<\/a><\/p>\n<p><strong>Essen:<\/strong> Die Linksjugend bekommt Ihre Teilnehmer nicht in den Griff &#8230; <a href=\"http:\/\/www.ruhrbarone.de\/essen-die-linksjugend-bekommt-ihre-teilnehmer-nicht-in-den-griff\/83811\" target=\"_blank\">ruhrbarone<\/a><\/p>\n<p><strong>Nach der Siegesfeier:<\/strong> Die Party ist vorbei &#8230; <a href=\"http:\/\/www.wiesaussieht.de\/2014\/07\/16\/nach-der-siegesfeier-die-party-ist-vorbei\/\" target=\"_blank\">wiesaussieht<\/a><\/p>\n<p><strong>Kommentarregeln, nicht schlecht:<\/strong> &#8222;Alle Kommentare werden moderiert; die Frage der Freischaltung liegt ausschliesslich bei mir. Damit Sie nicht Ihre Zeit verschwenden, hier ein Abriss \u00fcber meine Kriterien&#8220; &#8230; <a href=\"http:\/\/www.scilogs.de\/con-text\/kommentarregeln\/\" target=\"_blank\">scilogs<\/a><\/p>\n<p><strong>Das Binnen-I ist der Demokratie ihr Tod:<\/strong> Wenn ich mit B\u00fcchern, Spielen und Fernsehsendungen zur deutschen Sprache ber\u00fchmt geworden w\u00e4re, ohne besonders viel von der deutschen Sprache zu verstehen &#8230; <a href=\"http:\/\/www.sprachlog.de\/2014\/07\/16\/das-binnen-i-ist-der-demokratie-ihr-tod\/\" target=\"_blank\">sprachlog<\/a><\/p>\n<p><strong>Aus alten Zeitungszeiten:<\/strong> Was Rapunzel mit der Rundschau zu tun hatte &#8230; <a href=\"http:\/\/www.revierpassagen.de\/25875\/aus-alten-zeitungszeiten-was-rapunzel-mit-der-rundschau-zu-tun-hatte\/20140715_1320\" target=\"_blank\">revierpassagen<\/a><\/p>\n<p><strong>Einzelhandel im HSK und Soest:<\/strong> Startschuss zur Umsetzung des regionalen Einzelhandelkonzeptes &#8230; <a href=\"http:\/\/www.neheims-netz.de\/?p=8166\" target=\"_blank\">neheimsnetz<\/a><\/p>\n<p><strong>Qualit\u00e4tsbericht Schienenpersonennahverkehr:<\/strong> Versp\u00e4tungsquote immer noch viel zu hoch &#8230; <a href=\"http:\/\/sbl-fraktion.de\/?p=4621\" target=\"_blank\">sbl<\/a><\/p>\n<p><strong>Flugzeugabsturz in Elpe:<\/strong> Kritik am Krisenmanagement &#8230; <a href=\"http:\/\/www.derwesten.de\/staedte\/nachrichten-aus-brilon-marsberg-und-olsberg\/nach-flugzeugabsturz-in-elpe-kritik-am-krisenmanagement-id9603386.html\" target=\"_blank\">derwesten<\/a><\/p>\n","protected":false},"excerpt":{"rendered":"<p>Das Schavan-Dossier: &#8222;Unter dem Hashtag-Titel #schavangate werden wir ab sofort in rascher Folge eine Reihe von ca. zehn relativ kurzen Texten bringen, die insgesamt einen umfassenden Hintergrundbericht zur Aff\u00e4re Schavan &hellip; <a href=\"https:\/\/www.schiebener.net\/wordpress\/umleitung-vom-schavan-dossier-ueber-spionage-und-antisemitismus-zum-flugzeugabsturz-in-elpe\/\" class=\"more-link\"><span class=\"screen-reader-text\">\u201eUmleitung: vom Schavan-Dossier \u00fcber Spionage und Antisemitismus zum Flugzeugabsturz in Elpe.\u201c <\/span>weiterlesen<\/a><\/p>\n","protected":false},"author":3,"featured_media":0,"comment_status":"open","ping_status":"open","sticky":false,"template":"","format":"standard","meta":{"footnotes":""},"categories":[3,319,674,80,32,24,71,379,173],"tags":[4615,362,5044,4939,4472,4972,4994],"class_list":["post-29157","post","type-post","status-publish","format-standard","hentry","category-bildung-und-schule","category-geschichte","category-kultur","category-lokales","category-medien","category-politik","category-sport","category-umleitung","category-usa","tag-annette-schavan","tag-antisemitismus","tag-binnen-i","tag-elpe","tag-nsa","tag-schavanismus","tag-wm-2014"],"_links":{"self":[{"href":"https:\/\/www.schiebener.net\/wordpress\/wp-json\/wp\/v2\/posts\/29157","targetHints":{"allow":["GET"]}}],"collection":[{"href":"https:\/\/www.schiebener.net\/wordpress\/wp-json\/wp\/v2\/posts"}],"about":[{"href":"https:\/\/www.schiebener.net\/wordpress\/wp-json\/wp\/v2\/types\/post"}],"author":[{"embeddable":true,"href":"https:\/\/www.schiebener.net\/wordpress\/wp-json\/wp\/v2\/users\/3"}],"replies":[{"embeddable":true,"href":"https:\/\/www.schiebener.net\/wordpress\/wp-json\/wp\/v2\/comments?post=29157"}],"version-history":[{"count":0,"href":"https:\/\/www.schiebener.net\/wordpress\/wp-json\/wp\/v2\/posts\/29157\/revisions"}],"wp:attachment":[{"href":"https:\/\/www.schiebener.net\/wordpress\/wp-json\/wp\/v2\/media?parent=29157"}],"wp:term":[{"taxonomy":"category","embeddable":true,"href":"https:\/\/www.schiebener.net\/wordpress\/wp-json\/wp\/v2\/categories?post=29157"},{"taxonomy":"post_tag","embeddable":true,"href":"https:\/\/www.schiebener.net\/wordpress\/wp-json\/wp\/v2\/tags?post=29157"}],"curies":[{"name":"wp","href":"https:\/\/api.w.org\/{rel}","templated":true}]}}